{"id":85380,"date":"2025-05-08T08:20:36","date_gmt":"2025-05-08T11:20:36","guid":{"rendered":"https:\/\/noticiasbahia360.com.br\/?p=85380"},"modified":"2025-05-08T08:20:36","modified_gmt":"2025-05-08T11:20:36","slug":"numero-de-mortos-em-acidente-na-ba-416-sobe-para-tres","status":"publish","type":"post","link":"https:\/\/noticiasbahia360.com.br\/?p=85380","title":{"rendered":"N\u00famero de mortos em acidente na BA-416 sobe para tr\u00eas"},"content":{"rendered":"<div>\n<div>\n<figure><img decoding=\"async\" src=\"http:\/\/noticiasbahia360.com.br\/wp-content\/uploads\/2025\/05\/acidente_foto_raimundomascarenhas-1.jpg\" alt=\"Acidente em Valente\"><figcaption>Foto: Raimundo Mascarenhas<\/figcaption><\/figure>\n<\/div>\n<p>Subiu para tr\u00eas o n\u00famero de mortos no <a href=\"https:\/\/www.acordacidade.com.br\/bahia\/grave-acidente-deixa-tio-e-sobrinho-mortos-na-ba-416-entre-valente-e-sao-domingos\/\">grave acidente ocorrido na manh\u00e3 de quarta-feira (7), na BA-416<\/a>, trecho que liga os munic\u00edpios de Valente e S\u00e3o Domingos, na regi\u00e3o sisaleira da Bahia. A terceira v\u00edtima foi a aposentada Dolores Dias Morais, de 64 anos, que faleceu no final da tarde, no Hospital Geral Cl\u00e9riston Andrade (HGCA), em Feira de Santana, onde estava internada em estado grave.<\/p>\n<p>De acordo com o Portal Calila Not\u00edcias, parceiro do Acorda Cidade, Dolores era uma das ocupantes do Fiat Palio envolvido na colis\u00e3o frontal com um Fiat Siena. No momento do acidente, por volta das 9h, ela viajava ao lado do marido, Edvaldo Carneiro Morais, e do condutor do ve\u00edculo, Aderito Lopes dos Santos, que n\u00e3o resistiu aos ferimentos e morreu no local. O motorista do Siena, Adson Ruan da Cruz Santos, sobrinho de Aderito, tamb\u00e9m morreu na hora.<\/p>\n<p>Inicialmente, Dolores apresentava um quadro cl\u00ednico considerado menos cr\u00edtico que o do marido, que sofreu fraturas m\u00faltiplas no f\u00eamur, costelas e uma pancada na cabe\u00e7a. Ambos foram transferidos para Feira de Santana em ambul\u00e2ncias do Servi\u00e7o de Atendimento M\u00f3vel de Urg\u00eancia (Samu). Dolores foi encaminhada com fraturas nas duas pernas e ferimentos na cabe\u00e7a e t\u00f3rax. H\u00e1 suspeita de que uma hemorragia interna tenha agravado seu estado, levando ao \u00f3bito horas depois.<\/p>\n<p>As circunst\u00e2ncias do acidente est\u00e3o sendo investigadas pelas autoridades competentes.<\/p>\n<p><strong>Leia tamb\u00e9m:<\/strong> <a href=\"https:\/\/www.acordacidade.com.br\/bahia\/grave-acidente-deixa-tio-e-sobrinho-mortos-na-ba-416-entre-valente-e-sao-domingos\/\">Grave acidente deixa tio e sobrinho mortos na BA-416, entre Valente e S\u00e3o Domingos<\/a><\/p>\n<p><em>Siga o Acorda Cidade no<\/em><a href=\"https:\/\/news.google.com\/search?q=acorda%20cidade&amp;hl=pt-BR&amp;gl=BR&amp;ceid=BR%3Apt-419\"><strong><em> Google Not\u00edcias<\/em><\/strong><\/a><em> e receba os principais destaques do dia. Participe tamb\u00e9m dos nossos canais no <\/em><a href=\"https:\/\/whatsapp.com\/channel\/0029Va6Rb4v3WHTNnsh8WI3N\"><strong><em>WhatsApp<\/em><\/strong><\/a><em> e <\/em><a href=\"https:\/\/www.youtube.com\/@acordacidadenoticias\/videos\"><strong>Youtube<\/strong><\/a><em> e grupo de <\/em><a href=\"https:\/\/t.me\/+sSz0khrgARA0ZmRh\"><strong><em>Telegram<\/em><\/strong><\/a><em>.<\/em><\/p>\n<\/div>\n","protected":false},"excerpt":{"rendered":"<div>\n<div>\n<figure><img decoding=\"async\" src=\"https:\/\/uploads.acordacidade.com.br\/2025\/05\/acidente_foto_raimundomascarenhas.jpg\" alt=\"Acidente em Valente\"><figcaption>Foto: Raimundo Mascarenhas<\/figcaption><\/figure>\n<\/div>\n<p>As circunst\u00e2ncias do acidente est\u00e3o sendo investigadas pelas autoridades competentes.<\/p><\/div>\n","protected":false},"author":1,"featured_media":85381,"comment_status":"closed","ping_status":"closed","sticky":false,"template":"","format":"gallery","meta":{"footnotes":""},"categories":[8,9,6,57,56,10],"tags":[],"class_list":["post-85380","post","type-post","status-publish","format-gallery","has-post-thumbnail","hentry","category-bahia","category-brasil","category-feira-de-santana","category-mundo","category-policia","category-politica","post_format-post-format-gallery"],"featured_image_urls":{"full":["https:\/\/noticiasbahia360.com.br\/wp-content\/uploads\/2025\/05\/acidente_foto_raimundomascarenhas-1.jpg",1200,727,false],"thumbnail":["https:\/\/noticiasbahia360.com.br\/wp-content\/uploads\/2025\/05\/acidente_foto_raimundomascarenhas-1-150x150.jpg",150,150,true],"medium":["https:\/\/noticiasbahia360.com.br\/wp-content\/uploads\/2025\/05\/acidente_foto_raimundomascarenhas-1-300x182.jpg",300,182,true],"medium_large":["https:\/\/noticiasbahia360.com.br\/wp-content\/uploads\/2025\/05\/acidente_foto_raimundomascarenhas-1-768x465.jpg",640,388,true],"large":["https:\/\/noticiasbahia360.com.br\/wp-content\/uploads\/2025\/05\/acidente_foto_raimundomascarenhas-1-1024x620.jpg",640,388,true],"1536x1536":["https:\/\/noticiasbahia360.com.br\/wp-content\/uploads\/2025\/05\/acidente_foto_raimundomascarenhas-1.jpg",1200,727,false],"2048x2048":["https:\/\/noticiasbahia360.com.br\/wp-content\/uploads\/2025\/05\/acidente_foto_raimundomascarenhas-1.jpg",1200,727,false],"chromenews-featured":["https:\/\/noticiasbahia360.com.br\/wp-content\/uploads\/2025\/05\/acidente_foto_raimundomascarenhas-1-1024x620.jpg",1024,620,true],"chromenews-large":["https:\/\/noticiasbahia360.com.br\/wp-content\/uploads\/2025\/05\/acidente_foto_raimundomascarenhas-1-825x575.jpg",825,575,true],"chromenews-medium":["https:\/\/noticiasbahia360.com.br\/wp-content\/uploads\/2025\/05\/acidente_foto_raimundomascarenhas-1-590x410.jpg",590,410,true]},"author_info":{"display_name":"noticiasbahia360.com.br","author_link":"https:\/\/noticiasbahia360.com.br\/?author=1"},"category_info":"<a href=\"https:\/\/noticiasbahia360.com.br\/?cat=8\" rel=\"category\">Bahia<\/a> <a href=\"https:\/\/noticiasbahia360.com.br\/?cat=9\" rel=\"category\">Brasil<\/a> <a href=\"https:\/\/noticiasbahia360.com.br\/?cat=6\" rel=\"category\">Feira de Santana<\/a> <a href=\"https:\/\/noticiasbahia360.com.br\/?cat=57\" rel=\"category\">Mundo<\/a> <a href=\"https:\/\/noticiasbahia360.com.br\/?cat=56\" rel=\"category\">Pol\u00edcia<\/a> <a href=\"https:\/\/noticiasbahia360.com.br\/?cat=10\" rel=\"category\">Pol\u00edtica<\/a>","tag_info":"Pol\u00edtica","comment_count":"0","_links":{"self":[{"href":"https:\/\/noticiasbahia360.com.br\/index.php?rest_route=\/wp\/v2\/posts\/85380","targetHints":{"allow":["GET"]}}],"collection":[{"href":"https:\/\/noticiasbahia360.com.br\/index.php?rest_route=\/wp\/v2\/posts"}],"about":[{"href":"https:\/\/noticiasbahia360.com.br\/index.php?rest_route=\/wp\/v2\/types\/post"}],"author":[{"embeddable":true,"href":"https:\/\/noticiasbahia360.com.br\/index.php?rest_route=\/wp\/v2\/users\/1"}],"replies":[{"embeddable":true,"href":"https:\/\/noticiasbahia360.com.br\/index.php?rest_route=%2Fwp%2Fv2%2Fcomments&post=85380"}],"version-history":[{"count":0,"href":"https:\/\/noticiasbahia360.com.br\/index.php?rest_route=\/wp\/v2\/posts\/85380\/revisions"}],"wp:featuredmedia":[{"embeddable":true,"href":"https:\/\/noticiasbahia360.com.br\/index.php?rest_route=\/wp\/v2\/media\/85381"}],"wp:attachment":[{"href":"https:\/\/noticiasbahia360.com.br\/index.php?rest_route=%2Fwp%2Fv2%2Fmedia&parent=85380"}],"wp:term":[{"taxonomy":"category","embeddable":true,"href":"https:\/\/noticiasbahia360.com.br\/index.php?rest_route=%2Fwp%2Fv2%2Fcategories&post=85380"},{"taxonomy":"post_tag","embeddable":true,"href":"https:\/\/noticiasbahia360.com.br\/index.php?rest_route=%2Fwp%2Fv2%2Ftags&post=85380"}],"curies":[{"name":"wp","href":"https:\/\/api.w.org\/{rel}","templated":true}]}} 