{"id":85382,"date":"2025-05-08T08:44:00","date_gmt":"2025-05-08T11:44:00","guid":{"rendered":"https:\/\/noticiasbahia360.com.br\/?p=85382"},"modified":"2025-05-08T08:44:00","modified_gmt":"2025-05-08T11:44:00","slug":"feira-de-santana-sedia-a-v-copa-uniao-medica-de-beach-tennis-consolidando-esporte-e-turismo-na-regiao","status":"publish","type":"post","link":"https:\/\/noticiasbahia360.com.br\/?p=85382","title":{"rendered":"Feira de Santana sedia a V Copa Uni\u00e3o M\u00e9dica de Beach Tennis, consolidando esporte e turismo na regi\u00e3o"},"content":{"rendered":"<div>\n<div>\n<figure><img decoding=\"async\" src=\"http:\/\/noticiasbahia360.com.br\/wp-content\/uploads\/2025\/05\/beachtennis_vcopauniaomedica.jpg\" alt=\"Beach Tennis\"><figcaption>Foto: Divulga\u00e7\u00e3o<\/figcaption><\/figure>\n<\/div>\n<p>A cidade de <a href=\"https:\/\/www.acordacidade.com.br\/tag\/feira-de-santana\/\">Feira de Santana<\/a> se prepara para receber, entre os dias 8 e 10 de maio, a V Copa Uni\u00e3o M\u00e9dica de Beach Tennis, que marca a 14\u00aa etapa do Circuito Baiano 2025. O torneio acontecer\u00e1 na Arena Beach Tennis FSA e promete movimentar a cidade com mais de 40 horas de jogos disputados simultaneamente em oito quadras. Este ano, o evento j\u00e1 conta com mais de 250 atletas inscritos e mais de 500 duplas confirmadas, incluindo profissionais da Bahia e de outros estados, consolidando a competi\u00e7\u00e3o como uma das maiores do interior baiano.<\/p>\n<p>Para Adriano D\u00f3rea, organizador do evento e gestor da Arena Beach Tennis FSA, o apoio da Uni\u00e3o M\u00e9dica tem sido essencial para o crescimento da modalidade na cidade. \u201cA Uni\u00e3o M\u00e9dica acreditou no nosso projeto desde o in\u00edcio. H\u00e1 cinco anos, quando inauguramos a Arena, foi a primeira grande empresa a apostar no beach tennis em Feira de Santana e na Bahia. Esse patroc\u00ednio vai al\u00e9m da competi\u00e7\u00e3o: promove sa\u00fade, lazer e entretenimento para toda a comunidade. Sem esse incentivo, certamente o esporte n\u00e3o teria alcan\u00e7ado o espa\u00e7o que ocupa hoje na regi\u00e3o\u201d, destaca.<\/p>\n<p>O diretor administrativo da Uni\u00e3o M\u00e9dica, professor Jodilton Souza, ressalta o compromisso da institui\u00e7\u00e3o com iniciativas que incentivam o esporte e o bem-estar. \u201cApoiamos o esporte porque acreditamos no seu poder transformador, principalmente entre os jovens. \u00c9 uma maneira de oferecer uma alternativa saud\u00e1vel de conviv\u00eancia, desenvolvimento social e cuidado com a sa\u00fade\u201d, afirma.<\/p>\n<p>J\u00e1 o diretor-presidente da Uni\u00e3o M\u00e9dica, Dr. Andr\u00e9 Guimar\u00e3es, refor\u00e7a a import\u00e2ncia do evento para o fortalecimento do turismo esportivo na cidade. \u201cA realiza\u00e7\u00e3o da Copa Uni\u00e3o M\u00e9dica n\u00e3o apenas movimenta o cen\u00e1rio esportivo, mas tamb\u00e9m atrai visitantes, aquece a economia local e posiciona Feira de Santana como refer\u00eancia na modalidade. \u00c9 uma satisfa\u00e7\u00e3o para a Uni\u00e3o M\u00e9dica contribuir com um projeto que une esporte, sa\u00fade e desenvolvimento econ\u00f4mico. Sabemos que o esporte \u00e9 uma ferramenta poderosa de preven\u00e7\u00e3o de doen\u00e7as e promo\u00e7\u00e3o da qualidade de vida\u201d, pontua.<\/p>\n<p>As disputas ocorrer\u00e3o em diversas categorias, abrangendo os n\u00edveis A, B, C e D, al\u00e9m das categorias mistas, por faixa et\u00e1ria \u2014 sub-12, sub-14, sub-16, 40+, 50+ \u2014 e a categoria profissional, valendo pontos para o ranking do Circuito Baiano de Beach Tennis. Al\u00e9m das competi\u00e7\u00f5es, o evento tamb\u00e9m conta com programa\u00e7\u00e3o cultural e atividades de integra\u00e7\u00e3o, refor\u00e7ando seu papel como um espa\u00e7o de encontro e lazer para a comunidade.<\/p>\n<p>A V Copa Uni\u00e3o M\u00e9dica de Beach Tennis \u00e9 uma realiza\u00e7\u00e3o da Arena Beach Tennis FSA, com patroc\u00ednio da Uni\u00e3o M\u00e9dica e apoio da Federa\u00e7\u00e3o Baiana de Beach Tennis. A expectativa dos organizadores \u00e9 superar os n\u00fameros das edi\u00e7\u00f5es anteriores, tanto em p\u00fablico quanto em n\u00edvel t\u00e9cnico das disputas. \u201cCada edi\u00e7\u00e3o \u00e9 uma oportunidade de mostrar o potencial da nossa cidade para sediar grandes eventos. Queremos que o beach tennis continue crescendo, revelando talentos e estimulando h\u00e1bitos mais saud\u00e1veis entre as pessoas\u201d, conclui Adriano D\u00f3rea.<\/p>\n<p><em>Siga o Acorda Cidade no<\/em><a href=\"https:\/\/news.google.com\/search?q=acorda%20cidade&amp;hl=pt-BR&amp;gl=BR&amp;ceid=BR%3Apt-419\"><strong><em> Google Not\u00edcias<\/em><\/strong><\/a><em> e receba os principais destaques do dia. Participe tamb\u00e9m dos nossos canais no <\/em><a href=\"https:\/\/whatsapp.com\/channel\/0029Va6Rb4v3WHTNnsh8WI3N\"><strong><em>WhatsApp<\/em><\/strong><\/a><em> e <\/em><a href=\"https:\/\/www.youtube.com\/@acordacidadenoticias\/videos\"><strong>Youtube<\/strong><\/a><em> e grupo de <\/em><a href=\"https:\/\/t.me\/+sSz0khrgARA0ZmRh\"><strong><em>Telegram<\/em><\/strong><\/a><em>.<\/em><\/p>\n<\/div>\n","protected":false},"excerpt":{"rendered":"<div>\n<div>\n<figure><img decoding=\"async\" src=\"https:\/\/uploads.acordacidade.com.br\/2025\/05\/beachtennis_vcopauniaomedica.jpg\" alt=\"Beach Tennis\"><figcaption>Foto: Divulga\u00e7\u00e3o<\/figcaption><\/figure>\n<\/div>\n<p>A V Copa Uni\u00e3o M\u00e9dica de Beach Tennis \u00e9 uma realiza\u00e7\u00e3o da Arena Beach Tennis FSA.<\/p><\/div>\n","protected":false},"author":1,"featured_media":85383,"comment_status":"closed","ping_status":"closed","sticky":false,"template":"","format":"gallery","meta":{"footnotes":""},"categories":[8,9,6,57,56,10],"tags":[],"class_list":["post-85382","post","type-post","status-publish","format-gallery","has-post-thumbnail","hentry","category-bahia","category-brasil","category-feira-de-santana","category-mundo","category-policia","category-politica","post_format-post-format-gallery"],"featured_image_urls":{"full":["https:\/\/noticiasbahia360.com.br\/wp-content\/uploads\/2025\/05\/beachtennis_vcopauniaomedica.jpg",1200,800,false],"thumbnail":["https:\/\/noticiasbahia360.com.br\/wp-content\/uploads\/2025\/05\/beachtennis_vcopauniaomedica-150x150.jpg",150,150,true],"medium":["https:\/\/noticiasbahia360.com.br\/wp-content\/uploads\/2025\/05\/beachtennis_vcopauniaomedica-300x200.jpg",300,200,true],"medium_large":["https:\/\/noticiasbahia360.com.br\/wp-content\/uploads\/2025\/05\/beachtennis_vcopauniaomedica-768x512.jpg",640,427,true],"large":["https:\/\/noticiasbahia360.com.br\/wp-content\/uploads\/2025\/05\/beachtennis_vcopauniaomedica-1024x683.jpg",640,427,true],"1536x1536":["https:\/\/noticiasbahia360.com.br\/wp-content\/uploads\/2025\/05\/beachtennis_vcopauniaomedica.jpg",1200,800,false],"2048x2048":["https:\/\/noticiasbahia360.com.br\/wp-content\/uploads\/2025\/05\/beachtennis_vcopauniaomedica.jpg",1200,800,false],"chromenews-featured":["https:\/\/noticiasbahia360.com.br\/wp-content\/uploads\/2025\/05\/beachtennis_vcopauniaomedica-1024x683.jpg",1024,683,true],"chromenews-large":["https:\/\/noticiasbahia360.com.br\/wp-content\/uploads\/2025\/05\/beachtennis_vcopauniaomedica-825x575.jpg",825,575,true],"chromenews-medium":["https:\/\/noticiasbahia360.com.br\/wp-content\/uploads\/2025\/05\/beachtennis_vcopauniaomedica-590x410.jpg",590,410,true]},"author_info":{"display_name":"noticiasbahia360.com.br","author_link":"https:\/\/noticiasbahia360.com.br\/?author=1"},"category_info":"<a href=\"https:\/\/noticiasbahia360.com.br\/?cat=8\" rel=\"category\">Bahia<\/a> <a href=\"https:\/\/noticiasbahia360.com.br\/?cat=9\" rel=\"category\">Brasil<\/a> <a href=\"https:\/\/noticiasbahia360.com.br\/?cat=6\" rel=\"category\">Feira de Santana<\/a> <a href=\"https:\/\/noticiasbahia360.com.br\/?cat=57\" rel=\"category\">Mundo<\/a> <a href=\"https:\/\/noticiasbahia360.com.br\/?cat=56\" rel=\"category\">Pol\u00edcia<\/a> <a href=\"https:\/\/noticiasbahia360.com.br\/?cat=10\" rel=\"category\">Pol\u00edtica<\/a>","tag_info":"Pol\u00edtica","comment_count":"0","_links":{"self":[{"href":"https:\/\/noticiasbahia360.com.br\/index.php?rest_route=\/wp\/v2\/posts\/85382","targetHints":{"allow":["GET"]}}],"collection":[{"href":"https:\/\/noticiasbahia360.com.br\/index.php?rest_route=\/wp\/v2\/posts"}],"about":[{"href":"https:\/\/noticiasbahia360.com.br\/index.php?rest_route=\/wp\/v2\/types\/post"}],"author":[{"embeddable":true,"href":"https:\/\/noticiasbahia360.com.br\/index.php?rest_route=\/wp\/v2\/users\/1"}],"replies":[{"embeddable":true,"href":"https:\/\/noticiasbahia360.com.br\/index.php?rest_route=%2Fwp%2Fv2%2Fcomments&post=85382"}],"version-history":[{"count":0,"href":"https:\/\/noticiasbahia360.com.br\/index.php?rest_route=\/wp\/v2\/posts\/85382\/revisions"}],"wp:featuredmedia":[{"embeddable":true,"href":"https:\/\/noticiasbahia360.com.br\/index.php?rest_route=\/wp\/v2\/media\/85383"}],"wp:attachment":[{"href":"https:\/\/noticiasbahia360.com.br\/index.php?rest_route=%2Fwp%2Fv2%2Fmedia&parent=85382"}],"wp:term":[{"taxonomy":"category","embeddable":true,"href":"https:\/\/noticiasbahia360.com.br\/index.php?rest_route=%2Fwp%2Fv2%2Fcategories&post=85382"},{"taxonomy":"post_tag","embeddable":true,"href":"https:\/\/noticiasbahia360.com.br\/index.php?rest_route=%2Fwp%2Fv2%2Ftags&post=85382"}],"curies":[{"name":"wp","href":"https:\/\/api.w.org\/{rel}","templated":true}]}}