{"id":85384,"date":"2025-05-08T08:59:00","date_gmt":"2025-05-08T11:59:00","guid":{"rendered":"https:\/\/noticiasbahia360.com.br\/?p=85384"},"modified":"2025-05-08T08:59:00","modified_gmt":"2025-05-08T11:59:00","slug":"lgpd-empresas-que-ainda-nao-se-adequaram-correm-riscos","status":"publish","type":"post","link":"https:\/\/noticiasbahia360.com.br\/?p=85384","title":{"rendered":"LGPD: Empresas que ainda n\u00e3o se adequaram, correm riscos"},"content":{"rendered":"<div>\n<div>\n<figure><img decoding=\"async\" src=\"http:\/\/noticiasbahia360.com.br\/wp-content\/uploads\/2025\/05\/protecao-dados-LGPD-seguranca-internet-foto-divulgacao-canva.jpg\" alt=\"seguran\u00e7a internet dados\"><figcaption>Foto: Divulga\u00e7\u00e3o \/ Canva <\/figcaption><\/figure>\n<\/div>\n<p>A Lei Geral de Prote\u00e7\u00e3o de Dados (LGPD) no Brasil, n\u00famero 13.709\/18, entrou em vigor em agosto de 2020. E, apesar de n\u00e3o estabelecer um prazo fixo para o tratamento de dados pessoais, especialista faz alerta para empresas que ainda n\u00e3o se adequaram \u00e0 <a href=\"https:\/\/www.acordacidade.com.br\/tag\/lgpd\/\">LGPD<\/a>.<\/p>\n<p>O advogado em direito digital e prote\u00e7\u00e3o de dados, Felipe Braga, s\u00f3cio-diretor do escrit\u00f3rio Braga e Possato Advogados, observa com preocupa\u00e7\u00e3o o descuido das empresas, em especial, cl\u00ednicas m\u00e9dicas e condom\u00ednios, com a falta de implementa\u00e7\u00e3o em governan\u00e7a de dados e adequa\u00e7\u00e3o \u00e0 LGPD.<\/p>\n<figure class=\"wp-block-image size-large\"><img fetchpriority=\"high\" data-dominant-color=\"8a8797\" data-has-transparency=\"false\" style=\"--dominant-color: #8a8797;\" fetchpriority=\"high\" decoding=\"async\" width=\"1024\" height=\"902\" sizes=\"(max-width: 1024px) 100vw, 1024px\" src=\"http:\/\/noticiasbahia360.com.br\/wp-content\/uploads\/2025\/05\/8ZODx1OE-felipebraga_advogado-1024x902-1.webp\" alt=\"Advogado Felipe Braga\" class=\"wp-image-550938 not-transparent\" srcset=\"https:\/\/uploads.acordacidade.com.br\/2025\/05\/8ZODx1OE-felipebraga_advogado-300x264.webp 300w, http:\/\/noticiasbahia360.com.br\/wp-content\/uploads\/2025\/05\/8ZODx1OE-felipebraga_advogado-1024x902-1.webp 1024w, https:\/\/uploads.acordacidade.com.br\/2025\/05\/8ZODx1OE-felipebraga_advogado-768x676.webp 768w, https:\/\/uploads.acordacidade.com.br\/2025\/05\/8ZODx1OE-felipebraga_advogado-150x132.webp 150w, https:\/\/uploads.acordacidade.com.br\/2025\/05\/8ZODx1OE-felipebraga_advogado.webp 1200w\"><figcaption class=\"wp-element-caption\">Foto: Divulga\u00e7\u00e3o<\/figcaption><\/figure>\n<p>\u201cOs dados pessoais s\u00e3o vistos como bens preciosos, que se tornaram objeto de negocia\u00e7\u00f5es e mesmo antes da vig\u00eancia da LGPD, o direito \u00e0 privacidade j\u00e1 era amparado pela Constitui\u00e7\u00e3o Federal. No entanto, com a vig\u00eancia da Lei, esse cuidado deixa de ser uma simples boa pr\u00e1tica corporativa, para se tornar uma imposi\u00e7\u00e3o legal com san\u00e7\u00f5es milion\u00e1rias em caso de descumprimento \u201c, explica Braga.<\/p>\n<p>Ainda segundo o advogado, apesar da vasta informa\u00e7\u00e3o divulgada sobre a LGPD, e o prazo para as empresas realizarem sua adequa\u00e7\u00e3o ter sido prorrogado de 2020 para 2021, ainda n\u00e3o h\u00e1 preocupa\u00e7\u00e3o por boa parte dessas empresas, sob a justificativa de que, \u201cat\u00e9 o momento, n\u00e3o houve nenhum incidente de vazamento de dados. O que vem sendo negligenciado, colocando em risco n\u00e3o s\u00f3 a seguran\u00e7a jur\u00eddica como a credibilidade e a reputa\u00e7\u00e3o das empresas. O que pode levar a riscos financeiros de alta monta\u201d, projeta o especialista.<\/p>\n<p>Na pr\u00e1tica, o advogado observa que muitos gestores tratam a adequa\u00e7\u00e3o da LGPD como um custo secund\u00e1rio e n\u00e3o como um investimento necess\u00e1rio. Ainda segundo o advogado, \u201cestar em conformidade com o compliance institucional e \u00e0 legisla\u00e7\u00e3o, al\u00e9m de fornecer seguran\u00e7a jur\u00eddica ao neg\u00f3cio, e ao relacionamento com os colaboradores, assegura a confian\u00e7a dos clientes e parceiros, o que pode gerar mais receita para a empresa, resultando no retorno do investimento\u201d.<\/p>\n<p>Cl\u00ednicas e hospitais j\u00e1 sofreram san\u00e7\u00f5es administrativas e judiciais, como foi o caso do Hospital e Maternidade Brasil, pertencente \u00e0 Rede D\u2019Or S\u00e3o Luiz, que foi condenado a indenizar a atriz Klara Castanho em R$ 200 mil por danos morais devido ao vazamento de informa\u00e7\u00f5es sobre sua gravidez pela equipe hospitalar em 2022.<\/p>\n<p><em>Siga o Acorda Cidade no<\/em><a href=\"https:\/\/news.google.com\/search?q=acorda%20cidade&amp;hl=pt-BR&amp;gl=BR&amp;ceid=BR%3Apt-419\"><strong><em> Google Not\u00edcias<\/em><\/strong><\/a><em> e receba os principais destaques do dia. Participe tamb\u00e9m dos nossos canais no <\/em><a href=\"https:\/\/whatsapp.com\/channel\/0029Va6Rb4v3WHTNnsh8WI3N\"><strong><em>WhatsApp<\/em><\/strong><\/a><em> e <\/em><a href=\"https:\/\/www.youtube.com\/@acordacidadenoticias\/videos\"><strong>Youtube<\/strong><\/a><em> e grupo de <\/em><a href=\"https:\/\/t.me\/+sSz0khrgARA0ZmRh\"><strong><em>Telegram<\/em><\/strong><\/a><em>.<\/em><\/p>\n<\/div>\n","protected":false},"excerpt":{"rendered":"<div>\n<div>\n<figure><img decoding=\"async\" src=\"https:\/\/uploads.acordacidade.com.br\/2025\/01\/protecao-dados-LGPD-seguranca-internet-foto-divulgacao-canva.jpg\" alt=\"seguran\u00e7a internet dados\"><figcaption>Foto: Divulga\u00e7\u00e3o \/ Canva <\/figcaption><\/figure>\n<\/div>\n<p>Especialista alerta sobre os riscos de san\u00e7\u00f5es e preju\u00edzos para empresas que n\u00e3o se adequam \u00e0 Lei Geral de Prote\u00e7\u00e3o de Dados.<\/p><\/div>\n","protected":false},"author":1,"featured_media":85385,"comment_status":"closed","ping_status":"closed","sticky":false,"template":"","format":"gallery","meta":{"footnotes":""},"categories":[8,9,6,57,56,10],"tags":[],"class_list":["post-85384","post","type-post","status-publish","format-gallery","has-post-thumbnail","hentry","category-bahia","category-brasil","category-feira-de-santana","category-mundo","category-policia","category-politica","post_format-post-format-gallery"],"featured_image_urls":{"full":["https:\/\/noticiasbahia360.com.br\/wp-content\/uploads\/2025\/05\/protecao-dados-LGPD-seguranca-internet-foto-divulgacao-canva.jpg",640,335,false],"thumbnail":["https:\/\/noticiasbahia360.com.br\/wp-content\/uploads\/2025\/05\/protecao-dados-LGPD-seguranca-internet-foto-divulgacao-canva-150x150.jpg",150,150,true],"medium":["https:\/\/noticiasbahia360.com.br\/wp-content\/uploads\/2025\/05\/protecao-dados-LGPD-seguranca-internet-foto-divulgacao-canva-300x157.jpg",300,157,true],"medium_large":["https:\/\/noticiasbahia360.com.br\/wp-content\/uploads\/2025\/05\/protecao-dados-LGPD-seguranca-internet-foto-divulgacao-canva.jpg",640,335,false],"large":["https:\/\/noticiasbahia360.com.br\/wp-content\/uploads\/2025\/05\/protecao-dados-LGPD-seguranca-internet-foto-divulgacao-canva.jpg",640,335,false],"1536x1536":["https:\/\/noticiasbahia360.com.br\/wp-content\/uploads\/2025\/05\/protecao-dados-LGPD-seguranca-internet-foto-divulgacao-canva.jpg",640,335,false],"2048x2048":["https:\/\/noticiasbahia360.com.br\/wp-content\/uploads\/2025\/05\/protecao-dados-LGPD-seguranca-internet-foto-divulgacao-canva.jpg",640,335,false],"chromenews-featured":["https:\/\/noticiasbahia360.com.br\/wp-content\/uploads\/2025\/05\/protecao-dados-LGPD-seguranca-internet-foto-divulgacao-canva.jpg",640,335,false],"chromenews-large":["https:\/\/noticiasbahia360.com.br\/wp-content\/uploads\/2025\/05\/protecao-dados-LGPD-seguranca-internet-foto-divulgacao-canva.jpg",640,335,false],"chromenews-medium":["https:\/\/noticiasbahia360.com.br\/wp-content\/uploads\/2025\/05\/protecao-dados-LGPD-seguranca-internet-foto-divulgacao-canva-590x335.jpg",590,335,true]},"author_info":{"display_name":"noticiasbahia360.com.br","author_link":"https:\/\/noticiasbahia360.com.br\/?author=1"},"category_info":"<a href=\"https:\/\/noticiasbahia360.com.br\/?cat=8\" rel=\"category\">Bahia<\/a> <a href=\"https:\/\/noticiasbahia360.com.br\/?cat=9\" rel=\"category\">Brasil<\/a> <a href=\"https:\/\/noticiasbahia360.com.br\/?cat=6\" rel=\"category\">Feira de Santana<\/a> <a href=\"https:\/\/noticiasbahia360.com.br\/?cat=57\" rel=\"category\">Mundo<\/a> <a href=\"https:\/\/noticiasbahia360.com.br\/?cat=56\" rel=\"category\">Pol\u00edcia<\/a> <a href=\"https:\/\/noticiasbahia360.com.br\/?cat=10\" rel=\"category\">Pol\u00edtica<\/a>","tag_info":"Pol\u00edtica","comment_count":"0","_links":{"self":[{"href":"https:\/\/noticiasbahia360.com.br\/index.php?rest_route=\/wp\/v2\/posts\/85384","targetHints":{"allow":["GET"]}}],"collection":[{"href":"https:\/\/noticiasbahia360.com.br\/index.php?rest_route=\/wp\/v2\/posts"}],"about":[{"href":"https:\/\/noticiasbahia360.com.br\/index.php?rest_route=\/wp\/v2\/types\/post"}],"author":[{"embeddable":true,"href":"https:\/\/noticiasbahia360.com.br\/index.php?rest_route=\/wp\/v2\/users\/1"}],"replies":[{"embeddable":true,"href":"https:\/\/noticiasbahia360.com.br\/index.php?rest_route=%2Fwp%2Fv2%2Fcomments&post=85384"}],"version-history":[{"count":0,"href":"https:\/\/noticiasbahia360.com.br\/index.php?rest_route=\/wp\/v2\/posts\/85384\/revisions"}],"wp:featuredmedia":[{"embeddable":true,"href":"https:\/\/noticiasbahia360.com.br\/index.php?rest_route=\/wp\/v2\/media\/85385"}],"wp:attachment":[{"href":"https:\/\/noticiasbahia360.com.br\/index.php?rest_route=%2Fwp%2Fv2%2Fmedia&parent=85384"}],"wp:term":[{"taxonomy":"category","embeddable":true,"href":"https:\/\/noticiasbahia360.com.br\/index.php?rest_route=%2Fwp%2Fv2%2Fcategories&post=85384"},{"taxonomy":"post_tag","embeddable":true,"href":"https:\/\/noticiasbahia360.com.br\/index.php?rest_route=%2Fwp%2Fv2%2Ftags&post=85384"}],"curies":[{"name":"wp","href":"https:\/\/api.w.org\/{rel}","templated":true}]}}