{"id":85391,"date":"2025-05-08T09:52:38","date_gmt":"2025-05-08T12:52:38","guid":{"rendered":"https:\/\/noticiasbahia360.com.br\/?p=85391"},"modified":"2025-05-08T09:52:38","modified_gmt":"2025-05-08T12:52:38","slug":"sabado-tem-dia-d-de-vacinacao-contra-gripe-influenza","status":"publish","type":"post","link":"https:\/\/noticiasbahia360.com.br\/?p=85391","title":{"rendered":"S\u00e1bado tem dia D de vacina\u00e7\u00e3o contra gripe influenza"},"content":{"rendered":"<div>\n<div>\n<figure><img decoding=\"async\" src=\"http:\/\/noticiasbahia360.com.br\/wp-content\/uploads\/2025\/05\/Jus5Ecgp-vacinacao_covid-19_vacina_fcpzzb_abr19062101580.png\" alt=\"S\u00e1bado tem dia D de vacina\u00e7\u00e3o contra gripe influenza\"><figcaption>Foto: F\u00e1bio Rodrigues Pozzebom\/Ag\u00eancia Brasil<\/figcaption><\/figure>\n<\/div>\n<p>Em <a href=\"https:\/\/www.acordacidade.com.br\/tag\/feira-de-santana\/\">Feira de Santana<\/a>, o pr\u00f3ximo dia D de vacina\u00e7\u00e3o contra a gripe influenza j\u00e1 tem data certa. Ser\u00e1 neste s\u00e1bado (10), em 25 unidades de sa\u00fade da sede e dos distritos (confira lista no final da mat\u00e9ria), das 7h at\u00e9 13h.<\/p>\n<p>Os imunizantes s\u00e3o destinados aos idosos, crian\u00e7as entre 6 meses e menores de 6 anos, gestantes, al\u00e9m dos grupos priorit\u00e1rios como profissionais de sa\u00fade, pu\u00e9rperas, motoristas rodovi\u00e1rios, quilombolas, caminhoneiros, trabalhadores dos Correios, trabalhadores de for\u00e7as de seguran\u00e7a, trabalhadores do transporte coletivo e pessoas com doen\u00e7as cr\u00f4nicas ou defici\u00eancias.<\/p>\n<p>Do in\u00edcio da campanha em 31 de mar\u00e7o at\u00e9 essa segunda-feira (5), 40.856 doses foram aplicadas. Para ser vacinado, \u00e9 necess\u00e1rio ir at\u00e9 uma das 25 unidades e levar documento de identidade com foto, caderneta de vacina (para os que tiverem) e cart\u00e3o SUS. \u00c9 v\u00e1lido ressaltar que menores de 18 anos ser\u00e3o imunizados apenas com a presen\u00e7a dos pais ou de um respons\u00e1vel legal.<\/p>\n<h2 class=\"wp-block-heading\" id=\"h-unidades-participantes-do-dia-d-de-vacinacao\">Unidades participantes do Dia D de vacina\u00e7\u00e3o:<\/h2>\n<ul class=\"wp-block-list\">\n<li>Bonfim de Feira<\/li>\n<li>Humildes 1<\/li>\n<li>Humildes 2<\/li>\n<li>Ipua\u00e7u<\/li>\n<li>Jaguara 1 e 2<\/li>\n<li>Matinha<\/li>\n<li>S\u00e3o Jos\u00e9 1 e 2<\/li>\n<li>Ja\u00edba<\/li>\n<li>Tiquaru\u00e7u<\/li>\n<li>Caseb 1<\/li>\n<li>Caseb 2<\/li>\n<li>Cassa<\/li>\n<li>CSU<\/li>\n<li>Dispens\u00e1rio Santana<\/li>\n<li>Irm\u00e3 Dulce<\/li>\n<li>Mangabeira<\/li>\n<li>Serraria Brasil<\/li>\n<li>Suba\u00e9<\/li>\n<li>Videiras 1,2 e 3<\/li>\n<li>Parque Ip\u00ea 1,2 e 3<\/li>\n<li>Queimadinha 1,2 e 3<\/li>\n<li>Liberdade 1,2 e 3<\/li>\n<li>Campo Limpo 1,5,6<\/li>\n<li>Rua Nova 2,3\/ Barroquinha<\/li>\n<li>George Am\u00e9rico 3,4\/ Campo Limpo 4<\/li>\n<\/ul>\n<p><em>As informa\u00e7\u00f5es s\u00e3o da Secretaria Municipal de Comunica\u00e7\u00e3o Social de Feira de Santana <\/em><\/p>\n<p><em>Siga o Acorda Cidade no<\/em><a href=\"https:\/\/news.google.com\/search?q=acorda%20cidade&amp;hl=pt-BR&amp;gl=BR&amp;ceid=BR%3Apt-419\"><strong><em>\u00a0Google Not\u00edcias<\/em><\/strong><\/a><em>\u00a0e receba os principais destaques do dia. Participe tamb\u00e9m dos nossos canais no\u00a0<\/em><a href=\"https:\/\/www.whatsapp.com\/channel\/0029Va6Rb4v3WHTNnsh8WI3N\"><strong><em>WhatsApp<\/em><\/strong><\/a><em>\u00a0e\u00a0<\/em><a href=\"https:\/\/www.youtube.com\/@acordacidadenoticias\/videos\"><strong>Youtube<\/strong><\/a><em>\u00a0e grupo de\u00a0<\/em><a href=\"https:\/\/t.me\/+sSz0khrgARA0ZmRh\"><strong><em>Telegram<\/em><\/strong><\/a><em>.<\/em><\/p>\n<\/div>\n","protected":false},"excerpt":{"rendered":"<div>\n<div>\n<figure><img decoding=\"async\" src=\"https:\/\/uploads.acordacidade.com.br\/2024\/12\/Jus5Ecgp-vacinacao_covid-19_vacina_fcpzzb_abr19062101580.png\" alt=\"S\u00e1bado tem dia D de vacina\u00e7\u00e3o contra gripe influenza\"><figcaption>Foto: F\u00e1bio Rodrigues Pozzebom\/Ag\u00eancia Brasil<\/figcaption><\/figure>\n<\/div>\n<p>Os imunizantes s\u00e3o destinados aos idosos, crian\u00e7as entre 6 meses e menores de 6 anos, gestantes, al\u00e9m dos grupos priorit\u00e1rios<\/p><\/div>\n","protected":false},"author":1,"featured_media":85392,"comment_status":"closed","ping_status":"closed","sticky":false,"template":"","format":"gallery","meta":{"footnotes":""},"categories":[8,9,6,57,56,10],"tags":[],"class_list":["post-85391","post","type-post","status-publish","format-gallery","has-post-thumbnail","hentry","category-bahia","category-brasil","category-feira-de-santana","category-mundo","category-policia","category-politica","post_format-post-format-gallery"],"featured_image_urls":{"full":["https:\/\/noticiasbahia360.com.br\/wp-content\/uploads\/2025\/05\/Jus5Ecgp-vacinacao_covid-19_vacina_fcpzzb_abr19062101580.png",640,383,false],"thumbnail":["https:\/\/noticiasbahia360.com.br\/wp-content\/uploads\/2025\/05\/Jus5Ecgp-vacinacao_covid-19_vacina_fcpzzb_abr19062101580-150x150.png",150,150,true],"medium":["https:\/\/noticiasbahia360.com.br\/wp-content\/uploads\/2025\/05\/Jus5Ecgp-vacinacao_covid-19_vacina_fcpzzb_abr19062101580-300x180.png",300,180,true],"medium_large":["https:\/\/noticiasbahia360.com.br\/wp-content\/uploads\/2025\/05\/Jus5Ecgp-vacinacao_covid-19_vacina_fcpzzb_abr19062101580.png",640,383,false],"large":["https:\/\/noticiasbahia360.com.br\/wp-content\/uploads\/2025\/05\/Jus5Ecgp-vacinacao_covid-19_vacina_fcpzzb_abr19062101580.png",640,383,false],"1536x1536":["https:\/\/noticiasbahia360.com.br\/wp-content\/uploads\/2025\/05\/Jus5Ecgp-vacinacao_covid-19_vacina_fcpzzb_abr19062101580.png",640,383,false],"2048x2048":["https:\/\/noticiasbahia360.com.br\/wp-content\/uploads\/2025\/05\/Jus5Ecgp-vacinacao_covid-19_vacina_fcpzzb_abr19062101580.png",640,383,false],"chromenews-featured":["https:\/\/noticiasbahia360.com.br\/wp-content\/uploads\/2025\/05\/Jus5Ecgp-vacinacao_covid-19_vacina_fcpzzb_abr19062101580.png",640,383,false],"chromenews-large":["https:\/\/noticiasbahia360.com.br\/wp-content\/uploads\/2025\/05\/Jus5Ecgp-vacinacao_covid-19_vacina_fcpzzb_abr19062101580.png",640,383,false],"chromenews-medium":["https:\/\/noticiasbahia360.com.br\/wp-content\/uploads\/2025\/05\/Jus5Ecgp-vacinacao_covid-19_vacina_fcpzzb_abr19062101580-590x383.png",590,383,true]},"author_info":{"display_name":"noticiasbahia360.com.br","author_link":"https:\/\/noticiasbahia360.com.br\/?author=1"},"category_info":"<a href=\"https:\/\/noticiasbahia360.com.br\/?cat=8\" rel=\"category\">Bahia<\/a> <a href=\"https:\/\/noticiasbahia360.com.br\/?cat=9\" rel=\"category\">Brasil<\/a> <a href=\"https:\/\/noticiasbahia360.com.br\/?cat=6\" rel=\"category\">Feira de Santana<\/a> <a href=\"https:\/\/noticiasbahia360.com.br\/?cat=57\" rel=\"category\">Mundo<\/a> <a href=\"https:\/\/noticiasbahia360.com.br\/?cat=56\" rel=\"category\">Pol\u00edcia<\/a> <a href=\"https:\/\/noticiasbahia360.com.br\/?cat=10\" rel=\"category\">Pol\u00edtica<\/a>","tag_info":"Pol\u00edtica","comment_count":"0","_links":{"self":[{"href":"https:\/\/noticiasbahia360.com.br\/index.php?rest_route=\/wp\/v2\/posts\/85391","targetHints":{"allow":["GET"]}}],"collection":[{"href":"https:\/\/noticiasbahia360.com.br\/index.php?rest_route=\/wp\/v2\/posts"}],"about":[{"href":"https:\/\/noticiasbahia360.com.br\/index.php?rest_route=\/wp\/v2\/types\/post"}],"author":[{"embeddable":true,"href":"https:\/\/noticiasbahia360.com.br\/index.php?rest_route=\/wp\/v2\/users\/1"}],"replies":[{"embeddable":true,"href":"https:\/\/noticiasbahia360.com.br\/index.php?rest_route=%2Fwp%2Fv2%2Fcomments&post=85391"}],"version-history":[{"count":0,"href":"https:\/\/noticiasbahia360.com.br\/index.php?rest_route=\/wp\/v2\/posts\/85391\/revisions"}],"wp:featuredmedia":[{"embeddable":true,"href":"https:\/\/noticiasbahia360.com.br\/index.php?rest_route=\/wp\/v2\/media\/85392"}],"wp:attachment":[{"href":"https:\/\/noticiasbahia360.com.br\/index.php?rest_route=%2Fwp%2Fv2%2Fmedia&parent=85391"}],"wp:term":[{"taxonomy":"category","embeddable":true,"href":"https:\/\/noticiasbahia360.com.br\/index.php?rest_route=%2Fwp%2Fv2%2Fcategories&post=85391"},{"taxonomy":"post_tag","embeddable":true,"href":"https:\/\/noticiasbahia360.com.br\/index.php?rest_route=%2Fwp%2Fv2%2Ftags&post=85391"}],"curies":[{"name":"wp","href":"https:\/\/api.w.org\/{rel}","templated":true}]}} 