{"id":85393,"date":"2025-05-08T09:52:41","date_gmt":"2025-05-08T12:52:41","guid":{"rendered":"https:\/\/noticiasbahia360.com.br\/?p=85393"},"modified":"2025-05-08T09:52:41","modified_gmt":"2025-05-08T12:52:41","slug":"ultimas-semanas-para-concorrer-ao-sorteio-de-r-1-milhao-da-nota-premiada-bahia-saiba-como-participar","status":"publish","type":"post","link":"https:\/\/noticiasbahia360.com.br\/?p=85393","title":{"rendered":"\u00daltimas semanas para concorrer ao sorteio de R$ 1 milh\u00e3o da Nota Premiada Bahia; saiba como participar"},"content":{"rendered":"<div>\n<div>\n<figure><img decoding=\"async\" src=\"http:\/\/noticiasbahia360.com.br\/wp-content\/uploads\/2025\/05\/notapremiada_matheuslens_ascom_sefazba.jpg\" alt=\"Nota Premiada\"><figcaption>Foto: Matheus Lens Ascom\/Sefaz-Ba<\/figcaption><\/figure>\n<\/div>\n<p>Os consumidores <a href=\"https:\/\/www.acordacidade.com.br\/tag\/baianos\/\">baianos<\/a> t\u00eam at\u00e9 o final de maio para realizar compras com CPF na nota fiscal e garantir a participa\u00e7\u00e3o no sorteio especial de R$ 1 milh\u00e3o da campanha <a href=\"https:\/\/www.acordacidade.com.br\/tag\/nota-premiada-bahia\/\">Nota Premiada Bahia<\/a>. O sorteio est\u00e1 marcado para o dia 17 de julho e vai premiar um \u00fanico ganhador com o valor milion\u00e1rio. De acordo com a Secretaria da Fazenda (Sefaz-BA) a, concorrem ao pr\u00eamio os bilhetes eletr\u00f4nicos gerados por notas fiscais emitidas entre 1\u00ba de junho de 2024 e 31 de maio de 2025, desde que associadas a um CPF cadastrado na <a href=\"https:\/\/www.acordacidade.com.br\/tag\/campanha\/\">campanha<\/a>.<\/p>\n<p>Mesmo quem n\u00e3o est\u00e1 inscrito na campanha ainda pode participar desta reta final: basta fazer o cadastro no site <a href=\"https:\/\/www.notapremiadabahia.ba.gov.br\/\">www.notapremiadabahia.ba.gov.br<\/a>. O passo seguinte vale para novos e antigos participantes cadastrados: \u00e9 preciso se lembrar de, no ato da compra, solicitar a inclus\u00e3o do <a href=\"https:\/\/www.acordacidade.com.br\/tag\/cpf\/\">CPF<\/a> na nota fiscal.<\/p>\n<p>Ao se cadastrarem, os participantes tamb\u00e9m devem escolher duas institui\u00e7\u00f5es beneficentes, uma da \u00e1rea de sa\u00fade e outra da social, com as quais ir\u00e3o compartilhar suas notas fiscais, que se converter\u00e3o em apoio financeiro do Governo do Estado por meio do programa \u201cSua Nota \u00e9 um Show de Solidariedade\u201d. A iniciativa j\u00e1 beneficia mais de 500 entidades e distribui, a cada quadrimestre, R$ 5 milh\u00f5es entre aquelas que est\u00e3o ativas no programa.<\/p>\n<h2 class=\"wp-block-heading\" id=\"h-sorteios-regulares\">Sorteios regulares<\/h2>\n<p>At\u00e9 o momento, seis participantes foram premiados com o valor de R$ 1 milh\u00e3o, dos quais tr\u00eas da capital e tr\u00eas do interior do estado. Al\u00e9m do pr\u00eamio anual milion\u00e1rio, a Nota Premiada Bahia realiza sorteios mensais regulares, que distribuem um pr\u00eamio de R$ 100 mil e outros 90 de R$ 10 mil. A campanha possui mais de 822 mil participantes inscritos.<\/p>\n<p>Desde fevereiro de 2018, os sorteios da Nota Premiada Bahia j\u00e1 contemplaram 5.868 pessoas, das quais 3.523 moram na capital, 2.341 no interior e quatro fora do estado. Os resultados podem ser acompanhados no site da campanha e nas redes sociais oficiais: @notapremiadabahia e @sefazbahia no Instagram, @sefazbahia no X (antigo Twitter), e @sefaz.govba no Facebook.<\/p>\n<p><em>Siga o Acorda Cidade no<\/em><a href=\"https:\/\/news.google.com\/search?q=acorda%20cidade&amp;hl=pt-BR&amp;gl=BR&amp;ceid=BR%3Apt-419\"><strong><em>\u00a0Google Not\u00edcias<\/em><\/strong><\/a><em>\u00a0e receba os principais destaques do dia. Participe tamb\u00e9m dos nossos canais no\u00a0<\/em><a href=\"https:\/\/www.whatsapp.com\/channel\/0029Va6Rb4v3WHTNnsh8WI3N\"><strong><em>WhatsApp<\/em><\/strong><\/a><em>\u00a0e\u00a0<\/em><a href=\"https:\/\/www.youtube.com\/@acordacidadenoticias\/videos\"><strong>YouTube<\/strong><\/a><em>\u00a0e do grupo no\u00a0<\/em><a href=\"https:\/\/t.me\/+sSz0khrgARA0ZmRh\"><strong><em>Telegram<\/em><\/strong><\/a><em>.<\/em><\/p>\n<\/div>\n","protected":false},"excerpt":{"rendered":"<div>\n<div>\n<figure><img decoding=\"async\" src=\"https:\/\/uploads.acordacidade.com.br\/2025\/03\/notapremiada_matheuslens_ascom_sefazba.jpg\" alt=\"Nota Premiada\"><figcaption>Foto: Matheus Lens Ascom\/Sefaz-Ba<\/figcaption><\/figure>\n<\/div>\n<p>Mesmo quem n\u00e3o est\u00e1 inscrito na campanha ainda pode participar desta reta final<\/p><\/div>\n","protected":false},"author":1,"featured_media":85394,"comment_status":"closed","ping_status":"closed","sticky":false,"template":"","format":"gallery","meta":{"footnotes":""},"categories":[8,9,6,57,56,10],"tags":[],"class_list":["post-85393","post","type-post","status-publish","format-gallery","has-post-thumbnail","hentry","category-bahia","category-brasil","category-feira-de-santana","category-mundo","category-policia","category-politica","post_format-post-format-gallery"],"featured_image_urls":{"full":["https:\/\/noticiasbahia360.com.br\/wp-content\/uploads\/2025\/05\/notapremiada_matheuslens_ascom_sefazba.jpg",1200,800,false],"thumbnail":["https:\/\/noticiasbahia360.com.br\/wp-content\/uploads\/2025\/05\/notapremiada_matheuslens_ascom_sefazba-150x150.jpg",150,150,true],"medium":["https:\/\/noticiasbahia360.com.br\/wp-content\/uploads\/2025\/05\/notapremiada_matheuslens_ascom_sefazba-300x200.jpg",300,200,true],"medium_large":["https:\/\/noticiasbahia360.com.br\/wp-content\/uploads\/2025\/05\/notapremiada_matheuslens_ascom_sefazba-768x512.jpg",640,427,true],"large":["https:\/\/noticiasbahia360.com.br\/wp-content\/uploads\/2025\/05\/notapremiada_matheuslens_ascom_sefazba-1024x683.jpg",640,427,true],"1536x1536":["https:\/\/noticiasbahia360.com.br\/wp-content\/uploads\/2025\/05\/notapremiada_matheuslens_ascom_sefazba.jpg",1200,800,false],"2048x2048":["https:\/\/noticiasbahia360.com.br\/wp-content\/uploads\/2025\/05\/notapremiada_matheuslens_ascom_sefazba.jpg",1200,800,false],"chromenews-featured":["https:\/\/noticiasbahia360.com.br\/wp-content\/uploads\/2025\/05\/notapremiada_matheuslens_ascom_sefazba-1024x683.jpg",1024,683,true],"chromenews-large":["https:\/\/noticiasbahia360.com.br\/wp-content\/uploads\/2025\/05\/notapremiada_matheuslens_ascom_sefazba-825x575.jpg",825,575,true],"chromenews-medium":["https:\/\/noticiasbahia360.com.br\/wp-content\/uploads\/2025\/05\/notapremiada_matheuslens_ascom_sefazba-590x410.jpg",590,410,true]},"author_info":{"display_name":"noticiasbahia360.com.br","author_link":"https:\/\/noticiasbahia360.com.br\/?author=1"},"category_info":"<a href=\"https:\/\/noticiasbahia360.com.br\/?cat=8\" rel=\"category\">Bahia<\/a> <a href=\"https:\/\/noticiasbahia360.com.br\/?cat=9\" rel=\"category\">Brasil<\/a> <a href=\"https:\/\/noticiasbahia360.com.br\/?cat=6\" rel=\"category\">Feira de Santana<\/a> <a href=\"https:\/\/noticiasbahia360.com.br\/?cat=57\" rel=\"category\">Mundo<\/a> <a href=\"https:\/\/noticiasbahia360.com.br\/?cat=56\" rel=\"category\">Pol\u00edcia<\/a> <a href=\"https:\/\/noticiasbahia360.com.br\/?cat=10\" rel=\"category\">Pol\u00edtica<\/a>","tag_info":"Pol\u00edtica","comment_count":"0","_links":{"self":[{"href":"https:\/\/noticiasbahia360.com.br\/index.php?rest_route=\/wp\/v2\/posts\/85393","targetHints":{"allow":["GET"]}}],"collection":[{"href":"https:\/\/noticiasbahia360.com.br\/index.php?rest_route=\/wp\/v2\/posts"}],"about":[{"href":"https:\/\/noticiasbahia360.com.br\/index.php?rest_route=\/wp\/v2\/types\/post"}],"author":[{"embeddable":true,"href":"https:\/\/noticiasbahia360.com.br\/index.php?rest_route=\/wp\/v2\/users\/1"}],"replies":[{"embeddable":true,"href":"https:\/\/noticiasbahia360.com.br\/index.php?rest_route=%2Fwp%2Fv2%2Fcomments&post=85393"}],"version-history":[{"count":0,"href":"https:\/\/noticiasbahia360.com.br\/index.php?rest_route=\/wp\/v2\/posts\/85393\/revisions"}],"wp:featuredmedia":[{"embeddable":true,"href":"https:\/\/noticiasbahia360.com.br\/index.php?rest_route=\/wp\/v2\/media\/85394"}],"wp:attachment":[{"href":"https:\/\/noticiasbahia360.com.br\/index.php?rest_route=%2Fwp%2Fv2%2Fmedia&parent=85393"}],"wp:term":[{"taxonomy":"category","embeddable":true,"href":"https:\/\/noticiasbahia360.com.br\/index.php?rest_route=%2Fwp%2Fv2%2Fcategories&post=85393"},{"taxonomy":"post_tag","embeddable":true,"href":"https:\/\/noticiasbahia360.com.br\/index.php?rest_route=%2Fwp%2Fv2%2Ftags&post=85393"}],"curies":[{"name":"wp","href":"https:\/\/api.w.org\/{rel}","templated":true}]}} 