{"id":85395,"date":"2025-05-08T09:52:44","date_gmt":"2025-05-08T12:52:44","guid":{"rendered":"https:\/\/noticiasbahia360.com.br\/?p=85395"},"modified":"2025-05-08T09:52:44","modified_gmt":"2025-05-08T12:52:44","slug":"conclave-vaticano-tem-fumaca-preta-apos-nova-votacao","status":"publish","type":"post","link":"https:\/\/noticiasbahia360.com.br\/?p=85395","title":{"rendered":"Conclave: Vaticano tem fuma\u00e7a preta ap\u00f3s nova vota\u00e7\u00e3o"},"content":{"rendered":"<div>\n<div>\n<figure><img decoding=\"async\" src=\"http:\/\/noticiasbahia360.com.br\/wp-content\/uploads\/2025\/05\/Conclave-1.jpg\" alt=\"Conclave\"><figcaption>Foto: Vatican News<\/figcaption><\/figure>\n<\/div>\n<p>Ag\u00eancia Brasil \u2013 Pela terceira vez desde o in\u00edcio do <strong>conclave<\/strong>, a fuma\u00e7a preta subiu pela chamin\u00e9 instalada sobre a Capela Sistina, sinalizando que a segunda vota\u00e7\u00e3o do dia e a terceira vota\u00e7\u00e3o geral ainda n\u00e3o elegeu o novo papa.<\/p>\n<p>A informa\u00e7\u00e3o foi confirmada pelo <a href=\"https:\/\/www.acordacidade.com.br\/tag\/vaticano\/\"><strong>Vaticano<\/strong><\/a>. Em nota, a Santa S\u00e9 comunicou que os cardeais agora fazem uma pausa para almo\u00e7o e devem retomar a vota\u00e7\u00e3o por volta das 16h (11h em Bras\u00edlia).<\/p>\n<p>Ontem, no primeiro dia do <strong>conclave<\/strong>, ocorreu a primeira vota\u00e7\u00e3o dentre os 133 cardeais que precisam escolher um nome com apoio de pelo menos dois ter\u00e7os dos votos, o equivalente a 89 votos.<\/p>\n<h2 class=\"wp-block-heading\" id=\"h-expectativa-na-praca-de-sao-pedro\">Expectativa na Pra\u00e7a de S\u00e3o Pedro<\/h2>\n<p>Cerca de 15 mil pessoas se re\u00fanem na <strong>Pra\u00e7a de S\u00e3o Pedro<\/strong> \u00e0 espera da fuma\u00e7a branca que anunciar\u00e1 o novo l\u00edder da Igreja cat\u00f3lica, que congrega 1,4 bilh\u00e3o de membros.<\/p>\n<p>Os cardeais d\u00e3o seus votos em pap\u00e9is impressos com a frase em latim Eligo in Summum Pontificem (Elejo como sumo <strong>pont\u00edfice<\/strong>).<\/p>\n<p>As c\u00e9dulas s\u00e3o reunidas e queimadas ao final de cada uma das sess\u00f5es da manh\u00e3 e da tarde, resultando na fuma\u00e7a. O novo papa a ser escolhido ser\u00e1 sucessor de <strong>Francisco<\/strong>, que faleceu no \u00faltimo dia 21 de abril.<\/p>\n<p><em>Siga o Acorda Cidade no<\/em><a href=\"https:\/\/news.google.com\/search?q=acorda%20cidade&amp;hl=pt-BR&amp;gl=BR&amp;ceid=BR%3Apt-419\"><strong><em>\u00a0Google Not\u00edcias<\/em><\/strong><\/a><em>\u00a0e receba os principais destaques do dia. Participe tamb\u00e9m dos nossos canais no\u00a0<\/em><a href=\"https:\/\/www.whatsapp.com\/channel\/0029Va6Rb4v3WHTNnsh8WI3N\"><strong><em>WhatsApp<\/em><\/strong><\/a><em>\u00a0e\u00a0<\/em><a href=\"https:\/\/www.youtube.com\/@acordacidadenoticias\/videos\"><strong>YouTube<\/strong><\/a><em>\u00a0e do grupo no\u00a0<\/em><a href=\"https:\/\/t.me\/+sSz0khrgARA0ZmRh\"><strong><em>Telegram<\/em><\/strong><\/a><em>.<\/em><\/p>\n<\/div>\n","protected":false},"excerpt":{"rendered":"<div>\n<div>\n<figure><img decoding=\"async\" src=\"https:\/\/uploads.acordacidade.com.br\/2025\/05\/Conclave.jpg\" alt=\"Conclave\"><figcaption>Foto: Vatican News<\/figcaption><\/figure>\n<\/div>\n<p>Outras vota\u00e7\u00f5es ocorrem ainda nesta quinta-feira<\/p><\/div>\n","protected":false},"author":1,"featured_media":85396,"comment_status":"closed","ping_status":"closed","sticky":false,"template":"","format":"gallery","meta":{"footnotes":""},"categories":[8,9,6,57,56,10],"tags":[],"class_list":["post-85395","post","type-post","status-publish","format-gallery","has-post-thumbnail","hentry","category-bahia","category-brasil","category-feira-de-santana","category-mundo","category-policia","category-politica","post_format-post-format-gallery"],"featured_image_urls":{"full":["https:\/\/noticiasbahia360.com.br\/wp-content\/uploads\/2025\/05\/Conclave-1.jpg",1200,791,false],"thumbnail":["https:\/\/noticiasbahia360.com.br\/wp-content\/uploads\/2025\/05\/Conclave-1-150x150.jpg",150,150,true],"medium":["https:\/\/noticiasbahia360.com.br\/wp-content\/uploads\/2025\/05\/Conclave-1-300x198.jpg",300,198,true],"medium_large":["https:\/\/noticiasbahia360.com.br\/wp-content\/uploads\/2025\/05\/Conclave-1-768x506.jpg",640,422,true],"large":["https:\/\/noticiasbahia360.com.br\/wp-content\/uploads\/2025\/05\/Conclave-1-1024x675.jpg",640,422,true],"1536x1536":["https:\/\/noticiasbahia360.com.br\/wp-content\/uploads\/2025\/05\/Conclave-1.jpg",1200,791,false],"2048x2048":["https:\/\/noticiasbahia360.com.br\/wp-content\/uploads\/2025\/05\/Conclave-1.jpg",1200,791,false],"chromenews-featured":["https:\/\/noticiasbahia360.com.br\/wp-content\/uploads\/2025\/05\/Conclave-1-1024x675.jpg",1024,675,true],"chromenews-large":["https:\/\/noticiasbahia360.com.br\/wp-content\/uploads\/2025\/05\/Conclave-1-825x575.jpg",825,575,true],"chromenews-medium":["https:\/\/noticiasbahia360.com.br\/wp-content\/uploads\/2025\/05\/Conclave-1-590x410.jpg",590,410,true]},"author_info":{"display_name":"noticiasbahia360.com.br","author_link":"https:\/\/noticiasbahia360.com.br\/?author=1"},"category_info":"<a href=\"https:\/\/noticiasbahia360.com.br\/?cat=8\" rel=\"category\">Bahia<\/a> <a href=\"https:\/\/noticiasbahia360.com.br\/?cat=9\" rel=\"category\">Brasil<\/a> <a href=\"https:\/\/noticiasbahia360.com.br\/?cat=6\" rel=\"category\">Feira de Santana<\/a> <a href=\"https:\/\/noticiasbahia360.com.br\/?cat=57\" rel=\"category\">Mundo<\/a> <a href=\"https:\/\/noticiasbahia360.com.br\/?cat=56\" rel=\"category\">Pol\u00edcia<\/a> <a href=\"https:\/\/noticiasbahia360.com.br\/?cat=10\" rel=\"category\">Pol\u00edtica<\/a>","tag_info":"Pol\u00edtica","comment_count":"0","_links":{"self":[{"href":"https:\/\/noticiasbahia360.com.br\/index.php?rest_route=\/wp\/v2\/posts\/85395","targetHints":{"allow":["GET"]}}],"collection":[{"href":"https:\/\/noticiasbahia360.com.br\/index.php?rest_route=\/wp\/v2\/posts"}],"about":[{"href":"https:\/\/noticiasbahia360.com.br\/index.php?rest_route=\/wp\/v2\/types\/post"}],"author":[{"embeddable":true,"href":"https:\/\/noticiasbahia360.com.br\/index.php?rest_route=\/wp\/v2\/users\/1"}],"replies":[{"embeddable":true,"href":"https:\/\/noticiasbahia360.com.br\/index.php?rest_route=%2Fwp%2Fv2%2Fcomments&post=85395"}],"version-history":[{"count":0,"href":"https:\/\/noticiasbahia360.com.br\/index.php?rest_route=\/wp\/v2\/posts\/85395\/revisions"}],"wp:featuredmedia":[{"embeddable":true,"href":"https:\/\/noticiasbahia360.com.br\/index.php?rest_route=\/wp\/v2\/media\/85396"}],"wp:attachment":[{"href":"https:\/\/noticiasbahia360.com.br\/index.php?rest_route=%2Fwp%2Fv2%2Fmedia&parent=85395"}],"wp:term":[{"taxonomy":"category","embeddable":true,"href":"https:\/\/noticiasbahia360.com.br\/index.php?rest_route=%2Fwp%2Fv2%2Fcategories&post=85395"},{"taxonomy":"post_tag","embeddable":true,"href":"https:\/\/noticiasbahia360.com.br\/index.php?rest_route=%2Fwp%2Fv2%2Ftags&post=85395"}],"curies":[{"name":"wp","href":"https:\/\/api.w.org\/{rel}","templated":true}]}}