{"id":85397,"date":"2025-05-08T09:52:48","date_gmt":"2025-05-08T12:52:48","guid":{"rendered":"https:\/\/noticiasbahia360.com.br\/?p=85397"},"modified":"2025-05-08T09:52:48","modified_gmt":"2025-05-08T12:52:48","slug":"inscricoes-para-programa-de-aceleracao-de-ideias-inovadoras-da-uefs-seguem-ate-dia-20-de-maio","status":"publish","type":"post","link":"https:\/\/noticiasbahia360.com.br\/?p=85397","title":{"rendered":"Inscri\u00e7\u00f5es para Programa de acelera\u00e7\u00e3o de ideias Inovadoras da Uefs seguem at\u00e9 dia 20 de maio"},"content":{"rendered":"<div>\n<div>\n<figure><img decoding=\"async\" src=\"http:\/\/noticiasbahia360.com.br\/wp-content\/uploads\/2025\/05\/carta-programa-novat0ores-uefs.jpg\" alt=\"Programa Novatores\"><figcaption>Foto: Cartaz \/ Divulga\u00e7\u00e3o <\/figcaption><\/figure>\n<\/div>\n<p>O Programa de Acelera\u00e7\u00e3o de Ideias Inovadores (Novatores) est\u00e1 com inscri\u00e7\u00f5es abertas para apoiar 30 projetos inovadores de <a href=\"https:\/\/www.acordacidade.com.br\/local\/feira-de-santana\/\">Feira de Santana<\/a> e regi\u00e3o. Totalmente gratuito, o programa oferece um ciclo intensivo de 14 semanas com capacita\u00e7\u00f5es, mentorias e ferramentas para transformar ideias em solu\u00e7\u00f5es vi\u00e1veis no mercado. O coordenador do programa, Angelo Loula, afirmou ao Acorda Cidade que as inscri\u00e7\u00f5es seguem at\u00e9 o dia 20 de maio.<\/p>\n<p>\u201cEsse \u00e9 um programa que a gente trabalha com a acelera\u00e7\u00e3o, a gente transforma ideias em neg\u00f3cios de verdade. A gente est\u00e1 falando de ideias inovadoras, que tenham algum diferencial, seja produto, servi\u00e7o, e aquelas ideias ligadas a tecnologia. Ent\u00e3o a gente trabalha nessa transforma\u00e7\u00e3o, auxiliando, de forma gratuita, esses projetos a se desenvolverem\u201d, afirmou.<\/p>\n<figure class=\"wp-block-image size-large\"><img fetchpriority=\"high\" data-dominant-color=\"ada9a4\" data-has-transparency=\"false\" style=\"--dominant-color: #ada9a4;\" fetchpriority=\"high\" decoding=\"async\" width=\"1024\" height=\"768\" sizes=\"(max-width: 1024px) 100vw, 1024px\" src=\"http:\/\/noticiasbahia360.com.br\/wp-content\/uploads\/2025\/05\/n7kCsiGG-Angelo-Loula-fala-sobre-Programa-de-aceleracao-de-ideias-Inovadoras-da-Uefs-1024x768-1.webp\" alt=\"Angelo Loula fala sobre Programa de acelera\u00e7\u00e3o de ideias Inovadoras da Uefs\" class=\"wp-image-550629 not-transparent\" srcset=\"https:\/\/uploads.acordacidade.com.br\/2025\/05\/n7kCsiGG-Angelo-Loula-fala-sobre-Programa-de-aceleracao-de-ideias-Inovadoras-da-Uefs--300x225.webp 300w, http:\/\/noticiasbahia360.com.br\/wp-content\/uploads\/2025\/05\/n7kCsiGG-Angelo-Loula-fala-sobre-Programa-de-aceleracao-de-ideias-Inovadoras-da-Uefs-1024x768-1.webp 1024w, https:\/\/uploads.acordacidade.com.br\/2025\/05\/n7kCsiGG-Angelo-Loula-fala-sobre-Programa-de-aceleracao-de-ideias-Inovadoras-da-Uefs--768x576.webp 768w, https:\/\/uploads.acordacidade.com.br\/2025\/05\/n7kCsiGG-Angelo-Loula-fala-sobre-Programa-de-aceleracao-de-ideias-Inovadoras-da-Uefs--150x113.webp 150w, https:\/\/uploads.acordacidade.com.br\/2025\/05\/n7kCsiGG-Angelo-Loula-fala-sobre-Programa-de-aceleracao-de-ideias-Inovadoras-da-Uefs-.webp 1200w\"><figcaption class=\"wp-element-caption\">Foto: Ed Santos\/Acorda Cidade<\/figcaption><\/figure>\n<p>Ele destacou que o programa atende n\u00e3o s\u00f3 pessoas que moram em Feira de Santana, mas tamb\u00e9m de cidades da regi\u00e3o, como Cruz das Almas, Santo Ant\u00f4nio de Jesus, Alagoinhas, Serrinha, Itaberaba e Amargosa. <\/p>\n<p>O programa \u00e9 aberto para qualquer pessoa da comunidade, que seja maior de 18 anos. Al\u00e9m disso, a pessoa tem que preencher um formul\u00e1rio, que inclui mostrar o problema que est\u00e1 tentando resolver, qual a solu\u00e7\u00e3o que prop\u00f5e, quem \u00e9 a equipe que comp\u00f5e o projeto e o diferencial em rela\u00e7\u00e3o ao que j\u00e1 existe no mercado.<\/p>\n<p>\u201cA gente abra\u00e7a todo mundo para trazer ideias de qualquer \u00e1rea, seja ind\u00fastria, com\u00e9rcio. O programa oferece capacita\u00e7\u00e3o, mentorias e muitas conex\u00f5es para que os empreendedores possam se desenvolver. Eles ser\u00e3o capacitados, v\u00e3o aprender como desenvolver o neg\u00f3cio, produto, pensar do ponto de vista financeiro, v\u00e3o ter apoio de mentores que j\u00e1 trabalham com neg\u00f3cios inovadores, al\u00e9m de atividades de conex\u00e3o\u201d.<\/p>\n<p>Segundo Angelo Loula, ap\u00f3s a inscri\u00e7\u00e3o os projetos v\u00e3o passar por um processo seletivo, onde as 30 melhores ideias ser\u00e3o selecionadas para participar do programa. <strong>As inscri\u00e7\u00f5es podem ser realizadas atrav\u00e9s do Instagram <a href=\"https:\/\/www.instagram.com\/aceleranovatores\/\" target=\"_blank\" rel=\"noreferrer noopener\">@aceleranovatores<\/a> ou atrav\u00e9s do site <a href=\"https:\/\/novatores.uefs.br\/novatores\" target=\"_blank\" rel=\"noreferrer noopener\">https:\/\/novatores.uefs.br\/novatores<\/a><\/strong>.<\/p>\n<p>Quem tiver d\u00favidas tamb\u00e9m pode entrar em contato atrav\u00e9s do Instagram.<\/p>\n<p>\u201cO programa tem dura\u00e7\u00e3o de 14 semanas e no final todas as equipes v\u00e3o apresentar seus projetos. Queremos levar os melhores projetos da cidade para um evento estadual, em Salvador, para que eles mostrem seus neg\u00f3cios para a Bahia e para o mundo\u201d, informou o coordenador.<\/p>\n<p><strong>Leia tamb\u00e9m:<\/strong> <a href=\"https:\/\/www.acordacidade.com.br\/educacao\/programa-novatores-da-uefs-abre-inscricoes-para-transformar-boas-ideias-em-solucoes-concretas\/\">Programa Novatores da Uefs abre inscri\u00e7\u00f5es para transformar boas ideias em solu\u00e7\u00f5es concretas<\/a><\/p>\n<p><em>Com informa\u00e7\u00f5es do rep\u00f3rter Ed Santos do Acorda Cidade<\/em><\/p>\n<p><em>Siga o Acorda Cidade no<\/em><a href=\"https:\/\/news.google.com\/search?q=acorda%20cidade&amp;hl=pt-BR&amp;gl=BR&amp;ceid=BR%3Apt-419\"><strong><em>\u00a0Google Not\u00edcias<\/em><\/strong><\/a><em>\u00a0e receba os principais destaques do dia. Participe tamb\u00e9m dos nossos canais no\u00a0<\/em><a href=\"https:\/\/whatsapp.com\/channel\/0029Va6Rb4v3WHTNnsh8WI3N\"><strong><em>WhatsApp<\/em><\/strong><\/a><em>\u00a0e\u00a0<\/em><a href=\"https:\/\/www.youtube.com\/@acordacidadenoticias\/videos\"><strong>Youtube<\/strong><\/a><em>\u00a0e grupo de\u00a0<\/em><a href=\"https:\/\/t.me\/+sSz0khrgARA0ZmRh\"><strong><em>Telegram<\/em><\/strong><\/a><em>.<\/em><\/p>\n<\/div>\n","protected":false},"excerpt":{"rendered":"<div>\n<div>\n<figure><img decoding=\"async\" src=\"https:\/\/uploads.acordacidade.com.br\/2025\/04\/carta-programa-novat0ores-uefs.jpg\" alt=\"Programa Novatores\"><figcaption>Foto: Cartaz \/ Divulga\u00e7\u00e3o <\/figcaption><\/figure>\n<\/div>\n<p>O programa atende n\u00e3o s\u00f3 pessoas que moram em Feira de Santana, mas tamb\u00e9m de cidades da regi\u00e3o.<\/p><\/div>\n","protected":false},"author":1,"featured_media":85398,"comment_status":"closed","ping_status":"closed","sticky":false,"template":"","format":"gallery","meta":{"footnotes":""},"categories":[8,9,6,57,56,10],"tags":[],"class_list":["post-85397","post","type-post","status-publish","format-gallery","has-post-thumbnail","hentry","category-bahia","category-brasil","category-feira-de-santana","category-mundo","category-policia","category-politica","post_format-post-format-gallery"],"featured_image_urls":{"full":["https:\/\/noticiasbahia360.com.br\/wp-content\/uploads\/2025\/05\/carta-programa-novat0ores-uefs.jpg",1200,838,false],"thumbnail":["https:\/\/noticiasbahia360.com.br\/wp-content\/uploads\/2025\/05\/carta-programa-novat0ores-uefs-150x150.jpg",150,150,true],"medium":["https:\/\/noticiasbahia360.com.br\/wp-content\/uploads\/2025\/05\/carta-programa-novat0ores-uefs-300x210.jpg",300,210,true],"medium_large":["https:\/\/noticiasbahia360.com.br\/wp-content\/uploads\/2025\/05\/carta-programa-novat0ores-uefs-768x536.jpg",640,447,true],"large":["https:\/\/noticiasbahia360.com.br\/wp-content\/uploads\/2025\/05\/carta-programa-novat0ores-uefs-1024x715.jpg",640,447,true],"1536x1536":["https:\/\/noticiasbahia360.com.br\/wp-content\/uploads\/2025\/05\/carta-programa-novat0ores-uefs.jpg",1200,838,false],"2048x2048":["https:\/\/noticiasbahia360.com.br\/wp-content\/uploads\/2025\/05\/carta-programa-novat0ores-uefs.jpg",1200,838,false],"chromenews-featured":["https:\/\/noticiasbahia360.com.br\/wp-content\/uploads\/2025\/05\/carta-programa-novat0ores-uefs-1024x715.jpg",1024,715,true],"chromenews-large":["https:\/\/noticiasbahia360.com.br\/wp-content\/uploads\/2025\/05\/carta-programa-novat0ores-uefs-825x575.jpg",825,575,true],"chromenews-medium":["https:\/\/noticiasbahia360.com.br\/wp-content\/uploads\/2025\/05\/carta-programa-novat0ores-uefs-590x410.jpg",590,410,true]},"author_info":{"display_name":"noticiasbahia360.com.br","author_link":"https:\/\/noticiasbahia360.com.br\/?author=1"},"category_info":"<a href=\"https:\/\/noticiasbahia360.com.br\/?cat=8\" rel=\"category\">Bahia<\/a> <a href=\"https:\/\/noticiasbahia360.com.br\/?cat=9\" rel=\"category\">Brasil<\/a> <a href=\"https:\/\/noticiasbahia360.com.br\/?cat=6\" rel=\"category\">Feira de Santana<\/a> <a href=\"https:\/\/noticiasbahia360.com.br\/?cat=57\" rel=\"category\">Mundo<\/a> <a href=\"https:\/\/noticiasbahia360.com.br\/?cat=56\" rel=\"category\">Pol\u00edcia<\/a> <a href=\"https:\/\/noticiasbahia360.com.br\/?cat=10\" rel=\"category\">Pol\u00edtica<\/a>","tag_info":"Pol\u00edtica","comment_count":"0","_links":{"self":[{"href":"https:\/\/noticiasbahia360.com.br\/index.php?rest_route=\/wp\/v2\/posts\/85397","targetHints":{"allow":["GET"]}}],"collection":[{"href":"https:\/\/noticiasbahia360.com.br\/index.php?rest_route=\/wp\/v2\/posts"}],"about":[{"href":"https:\/\/noticiasbahia360.com.br\/index.php?rest_route=\/wp\/v2\/types\/post"}],"author":[{"embeddable":true,"href":"https:\/\/noticiasbahia360.com.br\/index.php?rest_route=\/wp\/v2\/users\/1"}],"replies":[{"embeddable":true,"href":"https:\/\/noticiasbahia360.com.br\/index.php?rest_route=%2Fwp%2Fv2%2Fcomments&post=85397"}],"version-history":[{"count":0,"href":"https:\/\/noticiasbahia360.com.br\/index.php?rest_route=\/wp\/v2\/posts\/85397\/revisions"}],"wp:featuredmedia":[{"embeddable":true,"href":"https:\/\/noticiasbahia360.com.br\/index.php?rest_route=\/wp\/v2\/media\/85398"}],"wp:attachment":[{"href":"https:\/\/noticiasbahia360.com.br\/index.php?rest_route=%2Fwp%2Fv2%2Fmedia&parent=85397"}],"wp:term":[{"taxonomy":"category","embeddable":true,"href":"https:\/\/noticiasbahia360.com.br\/index.php?rest_route=%2Fwp%2Fv2%2Fcategories&post=85397"},{"taxonomy":"post_tag","embeddable":true,"href":"https:\/\/noticiasbahia360.com.br\/index.php?rest_route=%2Fwp%2Fv2%2Ftags&post=85397"}],"curies":[{"name":"wp","href":"https:\/\/api.w.org\/{rel}","templated":true}]}}