{"id":85402,"date":"2025-05-08T10:02:09","date_gmt":"2025-05-08T13:02:09","guid":{"rendered":"https:\/\/noticiasbahia360.com.br\/?p=85402"},"modified":"2025-05-08T10:02:09","modified_gmt":"2025-05-08T13:02:09","slug":"rabo-de-gato-lugares-perfeitos-para-posicionar-e-compor-sua-decoracao","status":"publish","type":"post","link":"https:\/\/noticiasbahia360.com.br\/?p=85402","title":{"rendered":"Rabo-de-gato: lugares perfeitos para posicionar e compor sua decora\u00e7\u00e3o"},"content":{"rendered":"<div>\n<div>\n<figure><img decoding=\"async\" src=\"http:\/\/noticiasbahia360.com.br\/wp-content\/uploads\/2025\/05\/YBZKXmpO-Rabo-de-gato-lugares-perfeitos-para-posicionar-e-compor-sua-decoracao.webp\" alt=\"Rabo-de-gato lugares perfeitos para posicionar e compor sua decora\u00e7\u00e3o\"><figcaption>Imagem criada com IA<\/figcaption><\/figure>\n<\/div>\n<p>Poucas <a href=\"https:\/\/www.acordacidade.com.br\/tag\/plantas\/\">plantas<\/a> t\u00eam o charme ex\u00f3tico do <strong>rabo-de-gato<\/strong>, com suas infloresc\u00eancias vermelhas, pendentes e macias que lembram caudas felinas. Mas al\u00e9m de chamar a aten\u00e7\u00e3o por sua beleza \u00fanica, essa planta tropical tamb\u00e9m \u00e9 extremamente vers\u00e1til na decora\u00e7\u00e3o de interiores e exteriores. Se voc\u00ea busca dar um toque diferenciado ao ambiente, vale a pena entender onde posicionar essa planta para valorizar ainda mais o espa\u00e7o.<\/p>\n<h2 class=\"wp-block-heading\" id=\"h-onde-posicionar-o-rabo-de-gato-para-valorizar-o-ambiente\">Onde posicionar o rabo-de-gato para valorizar o ambiente<\/h2>\n<p>O <strong>rabo-de-gato<\/strong> (Acalypha hispida) \u00e9 uma planta que se adapta bem tanto em vasos quanto diretamente no solo, mas exige alguns cuidados com ilumina\u00e7\u00e3o e umidade. Escolher o local certo faz toda a diferen\u00e7a para sua sa\u00fade e para a composi\u00e7\u00e3o est\u00e9tica.<\/p>\n<h3 class=\"wp-block-heading\" id=\"h-sacadas-e-varandas-iluminadas\">Sacadas e varandas iluminadas<\/h3>\n<p>Para quem mora em apartamento, o rabo-de-gato pode ser um espet\u00e1culo natural na varanda. Desde que o local receba boa luminosidade indireta, ele se desenvolve bem e mant\u00e9m suas flores vibrantes. Uma boa dica \u00e9 us\u00e1-lo em vasos pendentes, permitindo que suas infloresc\u00eancias longas se destaquem como uma cortina vermelha.<\/p>\n<p>Al\u00e9m de decorar, ele cria uma sensa\u00e7\u00e3o de leveza, principalmente quando o vento movimenta suavemente os \u201crabos\u201d da planta. Combine com samambaias ou heras para um visual tropical exuberante.<\/p>\n<h3 class=\"wp-block-heading\" id=\"h-rabo-de-gato-no-hall-de-entrada-ou-corredor-com-boa-luz\">Rabo-de-gato no hall de entrada ou corredor com boa luz<\/h3>\n<p>Colocar o rabo-de-gato na entrada de casa d\u00e1 boas-vindas com personalidade. Se o local for bem ventilado e iluminado, mas sem sol direto, o resultado \u00e9 uma planta vistosa e saud\u00e1vel. Use vasos decorativos altos para dar impon\u00eancia e permitir que os pendentes se destaquem.<\/p>\n<p>Corredores internos com janelas ou claraboias tamb\u00e9m s\u00e3o excelentes para exibir a planta, que funciona como um ponto de cor e textura. Seu visual fora do comum desperta curiosidade e rende elogios de quem passa.<\/p>\n<h3 class=\"wp-block-heading\" id=\"h-jardim-vertical-ou-parede-verde\">Jardim vertical ou parede verde<\/h3>\n<p>Outra maneira criativa de incorporar o rabo-de-gato na decora\u00e7\u00e3o \u00e9 inclu\u00ed-lo em <strong>jardins verticais<\/strong>. Como suas flores pendem naturalmente, elas criam um efeito cascata, que contrasta bem com folhagens de outras plantas de texturas diferentes, como peper\u00f4mias, avencas e jiboias.<\/p>\n<p>\u00c9 importante garantir que o sistema de irriga\u00e7\u00e3o mantenha o solo \u00famido, mas n\u00e3o encharcado, para evitar o apodrecimento das ra\u00edzes. O efeito visual \u00e9 moderno, org\u00e2nico e extremamente elegante.<\/p>\n<h3 class=\"wp-block-heading\" id=\"h-a-rabo-de-gato-aceita-ambientes-internos\">A Rabo-de-gato aceita ambientes internos?<\/h3>\n<p>Sim, o rabo-de-gato tamb\u00e9m pode ser cultivado dentro de casa, desde que o ambiente seja claro e arejado. Uma sala de estar com janelas amplas, por exemplo, \u00e9 perfeita. Posicione o vaso perto da luz, mas protegendo a planta do sol direto, que pode queimar as folhas e flores.<\/p>\n<p>A planta pode atuar como pe\u00e7a central em cantinhos decorativos, ao lado de livros, esculturas ou lumin\u00e1rias. Seu visual chama aten\u00e7\u00e3o e imprime um toque art\u00edstico ao espa\u00e7o.<\/p>\n<h3 class=\"wp-block-heading\" id=\"h-escadas-e-mezaninos\">Escadas e mezaninos<\/h3>\n<p>Esses espa\u00e7os muitas vezes passam despercebidos na hora de decorar, mas podem ser revitalizados com um simples vaso de rabo-de-gato. A ideia \u00e9 aproveitar o caimento da planta, posicionando-a em locais altos ou em nichos suspensos.<\/p>\n<p>O contraste do vermelho vivo com estruturas em madeira ou ferro cria uma ambienta\u00e7\u00e3o aconchegante e sofisticada, ideal para projetos com pegada industrial ou r\u00fastica.<\/p>\n<h2 class=\"wp-block-heading\" id=\"h-como-combinar-o-rabo-de-gato-com-outras-plantas\">Como combinar o rabo-de-gato com outras plantas<\/h2>\n<p>Na hora de montar um cantinho verde ou um jardim, o rabo-de-gato pode ganhar destaque quando acompanhado de plantas com folhas grandes e verdes, como costela-de-ad\u00e3o, calat\u00e9ias ou filodendros. Isso cria uma base neutra para valorizar a intensidade de cor da infloresc\u00eancia.<\/p>\n<p>Outra sugest\u00e3o \u00e9 combinar com flores brancas ou rosadas, como l\u00edrios-da-paz ou ant\u00farios claros. O contraste funciona muito bem em composi\u00e7\u00f5es para salas e \u00e1reas de recep\u00e7\u00e3o.<\/p>\n<h2 class=\"wp-block-heading\" id=\"h-dicas-rapidas-para-manter-a-planta-sempre-bonita\">Dicas r\u00e1pidas para manter a planta sempre bonita<\/h2>\n<ul class=\"wp-block-list\">\n<li><strong>Luz:<\/strong> prefira locais com muita luz indireta ou meia-sombra.<\/li>\n<li><strong>\u00c1gua:<\/strong> mantenha o solo sempre \u00famido, sem encharcar.<\/li>\n<li><strong>Poda:<\/strong> remova flores e folhas secas com frequ\u00eancia.<\/li>\n<li><strong>Aduba\u00e7\u00e3o:<\/strong> a cada 15 dias, use adubo l\u00edquido para estimular a flora\u00e7\u00e3o.<\/li>\n<li><strong>Ambiente:<\/strong> evite correntes de ar frio, pois a planta \u00e9 tropical.<\/li>\n<\/ul>\n<h2 class=\"wp-block-heading\" id=\"h-a-planta-certa-para-projetos-ousados\">A planta certa para projetos ousados<\/h2>\n<p>O rabo-de-gato n\u00e3o \u00e9 uma planta discreta. Ele chama aten\u00e7\u00e3o e exige um pouco de planejamento no posicionamento para n\u00e3o \u201cbrigar\u201d com outros elementos decorativos. Mas quando bem usado, se transforma em uma pe\u00e7a-chave no ambiente \u2014 quase como uma escultura viva.<\/p>\n<p>Incorporar o rabo-de-gato \u00e0 sua casa ou jardim n\u00e3o \u00e9 apenas uma escolha est\u00e9tica, mas tamb\u00e9m uma forma de valorizar o ambiente com uma planta de personalidade forte. Seu formato \u00fanico, aliado ao tom vibrante, \u00e9 perfeito para quem gosta de ousar na decora\u00e7\u00e3o e valoriza o contato com a natureza.<\/p>\n<\/div>\n","protected":false},"excerpt":{"rendered":"<div>\n<div>\n<figure><img decoding=\"async\" src=\"https:\/\/uploads.acordacidade.com.br\/2025\/05\/YBZKXmpO-Rabo-de-gato-lugares-perfeitos-para-posicionar-e-compor-sua-decoracao.webp\" alt=\"Rabo-de-gato lugares perfeitos para posicionar e compor sua decora\u00e7\u00e3o\"><figcaption>Imagem criada com IA<\/figcaption><\/figure>\n<\/div>\n<p>Saiba onde posicionar o rabo-de-gato para valorizar sua casa com charme tropical e flores vibrantes. Veja ideias para ambientes internos e externos.<\/p><\/div>\n","protected":false},"author":1,"featured_media":85403,"comment_status":"closed","ping_status":"closed","sticky":false,"template":"","format":"gallery","meta":{"footnotes":""},"categories":[8,9,6,57,56,10],"tags":[],"class_list":["post-85402","post","type-post","status-publish","format-gallery","has-post-thumbnail","hentry","category-bahia","category-brasil","category-feira-de-santana","category-mundo","category-policia","category-politica","post_format-post-format-gallery"],"featured_image_urls":{"full":["https:\/\/noticiasbahia360.com.br\/wp-content\/uploads\/2025\/05\/YBZKXmpO-Rabo-de-gato-lugares-perfeitos-para-posicionar-e-compor-sua-decoracao.webp",1536,1024,false],"thumbnail":["https:\/\/noticiasbahia360.com.br\/wp-content\/uploads\/2025\/05\/YBZKXmpO-Rabo-de-gato-lugares-perfeitos-para-posicionar-e-compor-sua-decoracao-150x150.webp",150,150,true],"medium":["https:\/\/noticiasbahia360.com.br\/wp-content\/uploads\/2025\/05\/YBZKXmpO-Rabo-de-gato-lugares-perfeitos-para-posicionar-e-compor-sua-decoracao-300x200.webp",300,200,true],"medium_large":["https:\/\/noticiasbahia360.com.br\/wp-content\/uploads\/2025\/05\/YBZKXmpO-Rabo-de-gato-lugares-perfeitos-para-posicionar-e-compor-sua-decoracao-768x512.webp",640,427,true],"large":["https:\/\/noticiasbahia360.com.br\/wp-content\/uploads\/2025\/05\/YBZKXmpO-Rabo-de-gato-lugares-perfeitos-para-posicionar-e-compor-sua-decoracao-1024x683.webp",640,427,true],"1536x1536":["https:\/\/noticiasbahia360.com.br\/wp-content\/uploads\/2025\/05\/YBZKXmpO-Rabo-de-gato-lugares-perfeitos-para-posicionar-e-compor-sua-decoracao.webp",1536,1024,false],"2048x2048":["https:\/\/noticiasbahia360.com.br\/wp-content\/uploads\/2025\/05\/YBZKXmpO-Rabo-de-gato-lugares-perfeitos-para-posicionar-e-compor-sua-decoracao.webp",1536,1024,false],"chromenews-featured":["https:\/\/noticiasbahia360.com.br\/wp-content\/uploads\/2025\/05\/YBZKXmpO-Rabo-de-gato-lugares-perfeitos-para-posicionar-e-compor-sua-decoracao-1024x683.webp",1024,683,true],"chromenews-large":["https:\/\/noticiasbahia360.com.br\/wp-content\/uploads\/2025\/05\/YBZKXmpO-Rabo-de-gato-lugares-perfeitos-para-posicionar-e-compor-sua-decoracao-825x575.webp",825,575,true],"chromenews-medium":["https:\/\/noticiasbahia360.com.br\/wp-content\/uploads\/2025\/05\/YBZKXmpO-Rabo-de-gato-lugares-perfeitos-para-posicionar-e-compor-sua-decoracao-590x410.webp",590,410,true]},"author_info":{"display_name":"noticiasbahia360.com.br","author_link":"https:\/\/noticiasbahia360.com.br\/?author=1"},"category_info":"<a href=\"https:\/\/noticiasbahia360.com.br\/?cat=8\" rel=\"category\">Bahia<\/a> <a href=\"https:\/\/noticiasbahia360.com.br\/?cat=9\" rel=\"category\">Brasil<\/a> <a href=\"https:\/\/noticiasbahia360.com.br\/?cat=6\" rel=\"category\">Feira de Santana<\/a> <a href=\"https:\/\/noticiasbahia360.com.br\/?cat=57\" rel=\"category\">Mundo<\/a> <a href=\"https:\/\/noticiasbahia360.com.br\/?cat=56\" rel=\"category\">Pol\u00edcia<\/a> <a href=\"https:\/\/noticiasbahia360.com.br\/?cat=10\" rel=\"category\">Pol\u00edtica<\/a>","tag_info":"Pol\u00edtica","comment_count":"0","_links":{"self":[{"href":"https:\/\/noticiasbahia360.com.br\/index.php?rest_route=\/wp\/v2\/posts\/85402","targetHints":{"allow":["GET"]}}],"collection":[{"href":"https:\/\/noticiasbahia360.com.br\/index.php?rest_route=\/wp\/v2\/posts"}],"about":[{"href":"https:\/\/noticiasbahia360.com.br\/index.php?rest_route=\/wp\/v2\/types\/post"}],"author":[{"embeddable":true,"href":"https:\/\/noticiasbahia360.com.br\/index.php?rest_route=\/wp\/v2\/users\/1"}],"replies":[{"embeddable":true,"href":"https:\/\/noticiasbahia360.com.br\/index.php?rest_route=%2Fwp%2Fv2%2Fcomments&post=85402"}],"version-history":[{"count":0,"href":"https:\/\/noticiasbahia360.com.br\/index.php?rest_route=\/wp\/v2\/posts\/85402\/revisions"}],"wp:featuredmedia":[{"embeddable":true,"href":"https:\/\/noticiasbahia360.com.br\/index.php?rest_route=\/wp\/v2\/media\/85403"}],"wp:attachment":[{"href":"https:\/\/noticiasbahia360.com.br\/index.php?rest_route=%2Fwp%2Fv2%2Fmedia&parent=85402"}],"wp:term":[{"taxonomy":"category","embeddable":true,"href":"https:\/\/noticiasbahia360.com.br\/index.php?rest_route=%2Fwp%2Fv2%2Fcategories&post=85402"},{"taxonomy":"post_tag","embeddable":true,"href":"https:\/\/noticiasbahia360.com.br\/index.php?rest_route=%2Fwp%2Fv2%2Ftags&post=85402"}],"curies":[{"name":"wp","href":"https:\/\/api.w.org\/{rel}","templated":true}]}}