{"id":85404,"date":"2025-05-08T10:02:14","date_gmt":"2025-05-08T13:02:14","guid":{"rendered":"https:\/\/noticiasbahia360.com.br\/?p=85404"},"modified":"2025-05-08T10:02:14","modified_gmt":"2025-05-08T13:02:14","slug":"funceb-lanca-edital-quarta-que-danca-com-inscricoes-de-2-a-21-de-maio","status":"publish","type":"post","link":"https:\/\/noticiasbahia360.com.br\/?p=85404","title":{"rendered":"Funceb lan\u00e7a edital Quarta que Dan\u00e7a com inscri\u00e7\u00f5es de 2 a 21 de maio"},"content":{"rendered":"<div>\n<div>\n<figure><img decoding=\"async\" src=\"http:\/\/noticiasbahia360.com.br\/wp-content\/uploads\/2025\/05\/Quarta-que-Danca-1.jpg\" alt=\"Funceb lan\u00e7a edital Quarta que Dan\u00e7a com inscri\u00e7\u00f5es de 2 a 21 de maio\"><figcaption>Foto: Divulga\u00e7\u00e3o<\/figcaption><\/figure>\n<\/div>\n<p>A Funda\u00e7\u00e3o Cultural do Estado da Bahia (Funceb\/SecultBA) retoma o projeto Quarta que Dan\u00e7a , com inscri\u00e7\u00f5es de 2 a 21 de maio, integrando as celebra\u00e7\u00f5es do M\u00eas da Dan\u00e7a. Com investimento de mais de R$600 mil, ser\u00e3o selecionados projetos para a realiza\u00e7\u00e3o de circuitos art\u00edsticos com apresenta\u00e7\u00f5es de espet\u00e1culos de dan\u00e7a e atividades de forma\u00e7\u00e3o em espa\u00e7os culturais do estado da Bahia. As inscri\u00e7\u00f5es s\u00e3o online e o edital ser\u00e1 realizado em cinco cidades, prevendo 32 sess\u00f5es de espet\u00e1culos de Dan\u00e7a e 32 a\u00e7\u00f5es formativas na \u00e1rea.<\/p>\n<h2 class=\"wp-block-heading\" id=\"h-o-edital-quarta-que-danca\">O Edital Quarta que Dan\u00e7a<\/h2>\n<p>Circuitos Art\u00edsticos 2025 \u00e9 voltado para o fortalecimento de circuitos de difus\u00e3o da dan\u00e7a no estado, conectando uma rede de espa\u00e7os, artistas, produtores, t\u00e9cnicos e o p\u00fablico. O edital se destina a promover o encontro e articula\u00e7\u00e3o da rede criativa da dan\u00e7a, estimulando rela\u00e7\u00f5es de troca, intera\u00e7\u00e3o e aprendizado. Ser\u00e1 concedido apoio financeiro, no valor de R$ 80 mil cada, para oito projetos. Os projetos apresentados dever\u00e3o ser executados nas quartas-feiras dos meses de agosto (Circuito I) e setembro (Circuito II) de 2025.<\/p>\n<p>Os projetos devem prever a realiza\u00e7\u00e3o de apresenta\u00e7\u00f5es e atividades formativas de dan\u00e7a em diferentes espa\u00e7os culturais do Estado, em formato presencial. Os espet\u00e1culos devem ser j\u00e1 estreados e com, no m\u00ednimo, quatro apresenta\u00e7\u00f5es j\u00e1 realizadas at\u00e9 a data de inscri\u00e7\u00e3o. Cada projeto ir\u00e1 compor a programa\u00e7\u00e3o de um Circuito Art\u00edstico, circulando por quatro espa\u00e7os de diferentes cidades e tamb\u00e9m dever\u00e1 apresentar o Plano de Trabalho da atividade formativa proposta.<\/p>\n<p>Podem se inscrever agentes culturais com resid\u00eancia ou estabelecimento na Bahia h\u00e1 pelo menos dois anos. Agente Cultural \u00e9 toda pessoa ou grupo de pessoas da dan\u00e7a respons\u00e1vel por criar, produzir e promover espet\u00e1culos e atividades formativas e cada um poder\u00e1 concorrer neste edital com apenas um projeto. Ser\u00e3o reservadas 30% das vagas para cotas raciais proponentes negros (pretos ou pardos) e 10% para povos ind\u00edgenas.<\/p>\n<h2 class=\"wp-block-heading\" id=\"h-quarta-que-danca\">Quarta que Dan\u00e7a<\/h2>\n<figure class=\"wp-block-image size-large\"><img fetchpriority=\"high\" data-dominant-color=\"69201a\" data-has-transparency=\"false\" style=\"--dominant-color: #69201a;\" fetchpriority=\"high\" decoding=\"async\" width=\"1024\" height=\"683\" sizes=\"(max-width: 1024px) 100vw, 1024px\" src=\"http:\/\/noticiasbahia360.com.br\/wp-content\/uploads\/2025\/05\/DwPdp5Y4-Quarta-que-Danca-1024x683-1.webp\" alt=\"Funceb lan\u00e7a edital Quarta que Dan\u00e7a com inscri\u00e7\u00f5es de 2 a 21 de maio\" class=\"wp-image-550977 not-transparent\" srcset=\"https:\/\/uploads.acordacidade.com.br\/2025\/05\/DwPdp5Y4-Quarta-que-Danca-300x200.webp 300w, http:\/\/noticiasbahia360.com.br\/wp-content\/uploads\/2025\/05\/DwPdp5Y4-Quarta-que-Danca-1024x683-1.webp 1024w, https:\/\/uploads.acordacidade.com.br\/2025\/05\/DwPdp5Y4-Quarta-que-Danca-768x512.webp 768w, https:\/\/uploads.acordacidade.com.br\/2025\/05\/DwPdp5Y4-Quarta-que-Danca-150x100.webp 150w, https:\/\/uploads.acordacidade.com.br\/2025\/05\/DwPdp5Y4-Quarta-que-Danca.webp 1299w\"><figcaption class=\"wp-element-caption\">Foto: Divulga\u00e7\u00e3o <\/figcaption><\/figure>\n<p>Criado em 1998, o Quarta que Dan\u00e7a \u00e9 um dos principais projetos de difus\u00e3o da produ\u00e7\u00e3o de dan\u00e7a na Bahia, tendo como prop\u00f3sito dar visibilidade ao g\u00eanero e seus profissionais, estimular a pesquisa e a produ\u00e7\u00e3o art\u00edstica na \u00e1rea e fomentar a produ\u00e7\u00e3o de Dan\u00e7a nos territ\u00f3rios baianos. Em 2011, o projeto foi redimensionado para al\u00e9m de Salvador, ampliando seu alcance pelo estado. Em suas edi\u00e7\u00f5es anteriores, foram montadas mais de 324 apresenta\u00e7\u00f5es de variados grupos e propostas art\u00edsticas.<\/p>\n<p><a href=\"https:\/\/www.ba.gov.br\/fundacaocultural\/\" target=\"_blank\" rel=\"noreferrer noopener\">Edital e formul\u00e1rio de inscri\u00e7\u00e3o<\/a>.<\/p>\n<p><em>Siga o Acorda Cidade no<\/em><a href=\"https:\/\/news.google.com\/search?q=acorda%20cidade&amp;hl=pt-BR&amp;gl=BR&amp;ceid=BR%3Apt-419\"><strong><em>\u00a0Google Not\u00edcias<\/em><\/strong><\/a><em>\u00a0e receba os principais destaques do dia. Participe tamb\u00e9m dos nossos canais no\u00a0<\/em><a href=\"https:\/\/www.whatsapp.com\/channel\/0029Va6Rb4v3WHTNnsh8WI3N\"><strong><em>WhatsApp<\/em><\/strong><\/a><em>\u00a0e\u00a0<\/em><a href=\"https:\/\/www.youtube.com\/@acordacidadenoticias\/videos\"><strong>Youtube<\/strong><\/a><em>\u00a0e grupo de\u00a0<\/em><a href=\"https:\/\/t.me\/+sSz0khrgARA0ZmRh\"><strong><em>Telegram<\/em><\/strong><\/a><em>.<\/em><\/p>\n<\/p>\n<\/div>\n","protected":false},"excerpt":{"rendered":"<div>\n<div>\n<figure><img decoding=\"async\" src=\"https:\/\/uploads.acordacidade.com.br\/2025\/05\/Quarta-que-Danca-1.jpg\" alt=\"Funceb lan\u00e7a edital Quarta que Dan\u00e7a com inscri\u00e7\u00f5es de 2 a 21 de maio\"><figcaption>Foto: Divulga\u00e7\u00e3o<\/figcaption><\/figure>\n<\/div>\n<p>Criado em 1998, o Quarta que Dan\u00e7a \u00e9 um dos principais projetos de difus\u00e3o da produ\u00e7\u00e3o de dan\u00e7a na Bahia.<\/p><\/div>\n","protected":false},"author":1,"featured_media":85405,"comment_status":"closed","ping_status":"closed","sticky":false,"template":"","format":"gallery","meta":{"footnotes":""},"categories":[8,9,6,57,56,10],"tags":[],"class_list":["post-85404","post","type-post","status-publish","format-gallery","has-post-thumbnail","hentry","category-bahia","category-brasil","category-feira-de-santana","category-mundo","category-policia","category-politica","post_format-post-format-gallery"],"featured_image_urls":{"full":["https:\/\/noticiasbahia360.com.br\/wp-content\/uploads\/2025\/05\/Quarta-que-Danca-1.jpg",1299,866,false],"thumbnail":["https:\/\/noticiasbahia360.com.br\/wp-content\/uploads\/2025\/05\/Quarta-que-Danca-1-150x150.jpg",150,150,true],"medium":["https:\/\/noticiasbahia360.com.br\/wp-content\/uploads\/2025\/05\/Quarta-que-Danca-1-300x200.jpg",300,200,true],"medium_large":["https:\/\/noticiasbahia360.com.br\/wp-content\/uploads\/2025\/05\/Quarta-que-Danca-1-768x512.jpg",640,427,true],"large":["https:\/\/noticiasbahia360.com.br\/wp-content\/uploads\/2025\/05\/Quarta-que-Danca-1-1024x683.jpg",640,427,true],"1536x1536":["https:\/\/noticiasbahia360.com.br\/wp-content\/uploads\/2025\/05\/Quarta-que-Danca-1.jpg",1299,866,false],"2048x2048":["https:\/\/noticiasbahia360.com.br\/wp-content\/uploads\/2025\/05\/Quarta-que-Danca-1.jpg",1299,866,false],"chromenews-featured":["https:\/\/noticiasbahia360.com.br\/wp-content\/uploads\/2025\/05\/Quarta-que-Danca-1-1024x683.jpg",1024,683,true],"chromenews-large":["https:\/\/noticiasbahia360.com.br\/wp-content\/uploads\/2025\/05\/Quarta-que-Danca-1-825x575.jpg",825,575,true],"chromenews-medium":["https:\/\/noticiasbahia360.com.br\/wp-content\/uploads\/2025\/05\/Quarta-que-Danca-1-590x410.jpg",590,410,true]},"author_info":{"display_name":"noticiasbahia360.com.br","author_link":"https:\/\/noticiasbahia360.com.br\/?author=1"},"category_info":"<a href=\"https:\/\/noticiasbahia360.com.br\/?cat=8\" rel=\"category\">Bahia<\/a> <a href=\"https:\/\/noticiasbahia360.com.br\/?cat=9\" rel=\"category\">Brasil<\/a> <a href=\"https:\/\/noticiasbahia360.com.br\/?cat=6\" rel=\"category\">Feira de Santana<\/a> <a href=\"https:\/\/noticiasbahia360.com.br\/?cat=57\" rel=\"category\">Mundo<\/a> <a href=\"https:\/\/noticiasbahia360.com.br\/?cat=56\" rel=\"category\">Pol\u00edcia<\/a> <a href=\"https:\/\/noticiasbahia360.com.br\/?cat=10\" rel=\"category\">Pol\u00edtica<\/a>","tag_info":"Pol\u00edtica","comment_count":"0","_links":{"self":[{"href":"https:\/\/noticiasbahia360.com.br\/index.php?rest_route=\/wp\/v2\/posts\/85404","targetHints":{"allow":["GET"]}}],"collection":[{"href":"https:\/\/noticiasbahia360.com.br\/index.php?rest_route=\/wp\/v2\/posts"}],"about":[{"href":"https:\/\/noticiasbahia360.com.br\/index.php?rest_route=\/wp\/v2\/types\/post"}],"author":[{"embeddable":true,"href":"https:\/\/noticiasbahia360.com.br\/index.php?rest_route=\/wp\/v2\/users\/1"}],"replies":[{"embeddable":true,"href":"https:\/\/noticiasbahia360.com.br\/index.php?rest_route=%2Fwp%2Fv2%2Fcomments&post=85404"}],"version-history":[{"count":0,"href":"https:\/\/noticiasbahia360.com.br\/index.php?rest_route=\/wp\/v2\/posts\/85404\/revisions"}],"wp:featuredmedia":[{"embeddable":true,"href":"https:\/\/noticiasbahia360.com.br\/index.php?rest_route=\/wp\/v2\/media\/85405"}],"wp:attachment":[{"href":"https:\/\/noticiasbahia360.com.br\/index.php?rest_route=%2Fwp%2Fv2%2Fmedia&parent=85404"}],"wp:term":[{"taxonomy":"category","embeddable":true,"href":"https:\/\/noticiasbahia360.com.br\/index.php?rest_route=%2Fwp%2Fv2%2Fcategories&post=85404"},{"taxonomy":"post_tag","embeddable":true,"href":"https:\/\/noticiasbahia360.com.br\/index.php?rest_route=%2Fwp%2Fv2%2Ftags&post=85404"}],"curies":[{"name":"wp","href":"https:\/\/api.w.org\/{rel}","templated":true}]}}