{"id":85407,"date":"2025-05-08T10:42:37","date_gmt":"2025-05-08T13:42:37","guid":{"rendered":"https:\/\/noticiasbahia360.com.br\/?p=85407"},"modified":"2025-05-08T10:42:37","modified_gmt":"2025-05-08T13:42:37","slug":"prefeito-jose-ronaldo-propoe-mudanca-da-micareta-de-feira-para-novembro-vamos-abrir-o-debate","status":"publish","type":"post","link":"https:\/\/noticiasbahia360.com.br\/?p=85407","title":{"rendered":"Prefeito Jos\u00e9 Ronaldo prop\u00f5e mudan\u00e7a da Micareta de Feira para novembro: \u201cVamos abrir o debate\u201d"},"content":{"rendered":"<div>\n<div>\n<figure><img decoding=\"async\" src=\"http:\/\/noticiasbahia360.com.br\/wp-content\/uploads\/2025\/05\/coletivadeimprensa_micareta_pj_acordacidade-4.jpg\" alt=\"Coletiva de Imprensa\"><figcaption>Foto: Paulo Jos\u00e9\/Acorda Cidade<\/figcaption><\/figure>\n<\/div>\n<p>Durante coletiva de imprensa realizada na manh\u00e3 desta quinta-feira (8), o prefeito de Feira de Santana, Jos\u00e9 Ronaldo de Carvalho, fez um balan\u00e7o da <a href=\"https:\/\/www.acordacidade.com.br\/tag\/micareta-de-feira\/\">Micareta de Feira<\/a>, que ocorreu entre os dias 1\u00ba e 4 de maio, de forma oficial. O ponto central da coletiva, no entanto, foi a proposta de mudan\u00e7a na data tradicional da festa, atualmente realizada em abril, para o m\u00eas de novembro.<\/p>\n<figure class=\"wp-block-image size-large\"><img fetchpriority=\"high\" data-dominant-color=\"615e5d\" data-has-transparency=\"false\" style=\"--dominant-color: #615e5d;\" fetchpriority=\"high\" decoding=\"async\" width=\"1024\" height=\"473\" sizes=\"(max-width: 1024px) 100vw, 1024px\" src=\"http:\/\/noticiasbahia360.com.br\/wp-content\/uploads\/2025\/05\/W67frBDh-coletivadeimprensa_micareta_pj_acordacidade-2-1024x473-1.webp\" alt=\"Coletiva de Imprensa\" class=\"wp-image-551015 not-transparent\" srcset=\"https:\/\/uploads.acordacidade.com.br\/2025\/05\/W67frBDh-coletivadeimprensa_micareta_pj_acordacidade-2-300x139.webp 300w, http:\/\/noticiasbahia360.com.br\/wp-content\/uploads\/2025\/05\/W67frBDh-coletivadeimprensa_micareta_pj_acordacidade-2-1024x473-1.webp 1024w, https:\/\/uploads.acordacidade.com.br\/2025\/05\/W67frBDh-coletivadeimprensa_micareta_pj_acordacidade-2-768x355.webp 768w, https:\/\/uploads.acordacidade.com.br\/2025\/05\/W67frBDh-coletivadeimprensa_micareta_pj_acordacidade-2-150x69.webp 150w, https:\/\/uploads.acordacidade.com.br\/2025\/05\/W67frBDh-coletivadeimprensa_micareta_pj_acordacidade-2.webp 1200w\"><figcaption class=\"wp-element-caption\">Foto: Paulo Jos\u00e9\/Acorda Cidade<\/figcaption><\/figure>\n<p>O prefeito justificou a sugest\u00e3o com base nas recorrentes chuvas que costumam ocorrer durante o m\u00eas de abril, o que tem comprometido a realiza\u00e7\u00e3o do evento nos \u00faltimos anos.<\/p>\n<figure class=\"wp-block-image size-large\"><img data-dominant-color=\"857f7b\" data-has-transparency=\"false\" style=\"--dominant-color: #857f7b;\" decoding=\"async\" width=\"1024\" height=\"473\" sizes=\"(max-width: 1024px) 100vw, 1024px\" src=\"http:\/\/noticiasbahia360.com.br\/wp-content\/uploads\/2025\/05\/59pXZG88-coletivadeimprensa_micareta_pj_acordacidade-1-1024x473-1.webp\" alt=\"Jos\u00e9 Ronaldo\" class=\"wp-image-551016 not-transparent\" srcset=\"https:\/\/uploads.acordacidade.com.br\/2025\/05\/59pXZG88-coletivadeimprensa_micareta_pj_acordacidade-1-300x139.webp 300w, http:\/\/noticiasbahia360.com.br\/wp-content\/uploads\/2025\/05\/59pXZG88-coletivadeimprensa_micareta_pj_acordacidade-1-1024x473-1.webp 1024w, https:\/\/uploads.acordacidade.com.br\/2025\/05\/59pXZG88-coletivadeimprensa_micareta_pj_acordacidade-1-768x355.webp 768w, https:\/\/uploads.acordacidade.com.br\/2025\/05\/59pXZG88-coletivadeimprensa_micareta_pj_acordacidade-1-150x69.webp 150w, https:\/\/uploads.acordacidade.com.br\/2025\/05\/59pXZG88-coletivadeimprensa_micareta_pj_acordacidade-1.webp 1200w\"><figcaption class=\"wp-element-caption\">Foto: Paulo Jos\u00e9\/Acorda Cidade<\/figcaption><\/figure>\n<p>\u201cQuando a Micareta foi criada, ela nasceu como um Carnaval fora de \u00e9poca porque choveu muito em fevereiro e o Carnaval foi cancelado naquele ano. Hoje, enfrentamos o mesmo problema com abril, que se tornou um m\u00eas chuvoso. Novembro, ao contr\u00e1rio, \u00e9 um m\u00eas de clima mais est\u00e1vel\u201d, afirmou.<\/p>\n<figure class=\"wp-block-image size-large\"><img data-dominant-color=\"746f6d\" data-has-transparency=\"false\" style=\"--dominant-color: #746f6d;\" decoding=\"async\" width=\"1024\" height=\"473\" sizes=\"(max-width: 1024px) 100vw, 1024px\" src=\"http:\/\/noticiasbahia360.com.br\/wp-content\/uploads\/2025\/05\/TGPJKVCj-coletivadeimprensa_micareta_pj_acordacidade-5-1024x473-1.webp\" alt=\"Coletiva de Imprensa\" class=\"wp-image-551013 not-transparent\" srcset=\"https:\/\/uploads.acordacidade.com.br\/2025\/05\/TGPJKVCj-coletivadeimprensa_micareta_pj_acordacidade-5-300x139.webp 300w, http:\/\/noticiasbahia360.com.br\/wp-content\/uploads\/2025\/05\/TGPJKVCj-coletivadeimprensa_micareta_pj_acordacidade-5-1024x473-1.webp 1024w, https:\/\/uploads.acordacidade.com.br\/2025\/05\/TGPJKVCj-coletivadeimprensa_micareta_pj_acordacidade-5-768x355.webp 768w, https:\/\/uploads.acordacidade.com.br\/2025\/05\/TGPJKVCj-coletivadeimprensa_micareta_pj_acordacidade-5-150x69.webp 150w, https:\/\/uploads.acordacidade.com.br\/2025\/05\/TGPJKVCj-coletivadeimprensa_micareta_pj_acordacidade-5.webp 1200w\"><figcaption class=\"wp-element-caption\">Foto: Paulo Jos\u00e9\/Acorda Cidade<\/figcaption><\/figure>\n<p>Al\u00e9m das condi\u00e7\u00f5es clim\u00e1ticas, Jos\u00e9 Ronaldo destacou que a mudan\u00e7a de data proporcionaria um melhor planejamento do calend\u00e1rio de eventos do munic\u00edpio.<\/p>\n<figure class=\"wp-block-image size-large\"><img data-dominant-color=\"666263\" data-has-transparency=\"false\" style=\"--dominant-color: #666263;\" decoding=\"async\" width=\"1024\" height=\"473\" sizes=\"(max-width: 1024px) 100vw, 1024px\" src=\"http:\/\/noticiasbahia360.com.br\/wp-content\/uploads\/2025\/05\/qpd1wVht-coletivadeimprensa_micareta_pj_acordacidade-6-1024x473-1.webp\" alt=\"Coletiva de Imprensa\" class=\"wp-image-551012 not-transparent\" srcset=\"https:\/\/uploads.acordacidade.com.br\/2025\/05\/qpd1wVht-coletivadeimprensa_micareta_pj_acordacidade-6-300x139.webp 300w, http:\/\/noticiasbahia360.com.br\/wp-content\/uploads\/2025\/05\/qpd1wVht-coletivadeimprensa_micareta_pj_acordacidade-6-1024x473-1.webp 1024w, https:\/\/uploads.acordacidade.com.br\/2025\/05\/qpd1wVht-coletivadeimprensa_micareta_pj_acordacidade-6-768x355.webp 768w, https:\/\/uploads.acordacidade.com.br\/2025\/05\/qpd1wVht-coletivadeimprensa_micareta_pj_acordacidade-6-150x69.webp 150w, https:\/\/uploads.acordacidade.com.br\/2025\/05\/qpd1wVht-coletivadeimprensa_micareta_pj_acordacidade-6.webp 1200w\"><figcaption class=\"wp-element-caption\">Foto: Paulo Jos\u00e9\/Acorda Cidade<\/figcaption><\/figure>\n<p>\u201cA prefeitura tem compromissos com festas tradicionais como a de Reis, na Matinha e Ipua\u00e7u, al\u00e9m dos festejos juninos em diversos distritos. Mudar a Micareta para novembro daria um f\u00f4lego maior \u00e0 gest\u00e3o e permitiria uma organiza\u00e7\u00e3o mais eficiente\u201d, defendeu.<\/p>\n<figure class=\"wp-block-image size-large\"><img loading=\"lazy\" data-dominant-color=\"7d777b\" data-has-transparency=\"false\" style=\"--dominant-color: #7d777b;\" decoding=\"async\" width=\"1024\" height=\"473\" sizes=\"(max-width: 1024px) 100vw, 1024px\" src=\"http:\/\/noticiasbahia360.com.br\/wp-content\/uploads\/2025\/05\/FAStLvkb-coletivadeimprensa_micareta_pj_acordacidade-7-1024x473-1.webp\" alt=\"Coletiva de Imprensa\" class=\"wp-image-551011 not-transparent\" srcset=\"https:\/\/uploads.acordacidade.com.br\/2025\/05\/FAStLvkb-coletivadeimprensa_micareta_pj_acordacidade-7-300x139.webp 300w, http:\/\/noticiasbahia360.com.br\/wp-content\/uploads\/2025\/05\/FAStLvkb-coletivadeimprensa_micareta_pj_acordacidade-7-1024x473-1.webp 1024w, https:\/\/uploads.acordacidade.com.br\/2025\/05\/FAStLvkb-coletivadeimprensa_micareta_pj_acordacidade-7-768x355.webp 768w, https:\/\/uploads.acordacidade.com.br\/2025\/05\/FAStLvkb-coletivadeimprensa_micareta_pj_acordacidade-7-150x69.webp 150w, https:\/\/uploads.acordacidade.com.br\/2025\/05\/FAStLvkb-coletivadeimprensa_micareta_pj_acordacidade-7.webp 1200w\"><figcaption class=\"wp-element-caption\">Foto: Paulo Jos\u00e9\/Acorda Cidade<\/figcaption><\/figure>\n<p>O prefeito tamb\u00e9m apontou que a antecipa\u00e7\u00e3o do planejamento \u00e9 essencial para atrair patroc\u00ednios. Segundo ele, \u00e9 necess\u00e1rio que at\u00e9 julho deste ano j\u00e1 esteja definida uma empresa especializada para capta\u00e7\u00e3o de recursos para as edi\u00e7\u00f5es futuras, at\u00e9 2028.<\/p>\n<p>\u201cN\u00e3o podemos mais organizar uma festa dessa magnitude faltando 30 dias. Precisamos de tempo para buscar patrocinadores com anteced\u00eancia\u201d, pontuou.<\/p>\n<p>Outro ponto enfatizado foi a regula\u00e7\u00e3o da atua\u00e7\u00e3o das marcas patrocinadoras no circuito da folia.<\/p>\n<p>\u201cQuem quiser vender no circuito, precisa patrocinar o evento. Essa regra ser\u00e1 mais r\u00edgida a partir das pr\u00f3ximas edi\u00e7\u00f5es. Quem n\u00e3o apoiar financeiramente, n\u00e3o participar\u00e1\u201d, declarou Jos\u00e9 Ronaldo.<\/p>\n<p>A proposta de mudan\u00e7a da Micareta ser\u00e1 debatida com representantes do setor cultural, empres\u00e1rios e popula\u00e7\u00e3o em geral. A expectativa \u00e9 de que uma decis\u00e3o seja tomada at\u00e9 agosto.<\/p>\n<p><em>Mat\u00e9ria em andamento, aguarde mais informa\u00e7\u00f5es.<\/em><\/p>\n<p><em>Com informa\u00e7\u00f5es do rep\u00f3rter Paulo Jos\u00e9 do Acorda Cidade<\/em><\/p>\n<p><em>Siga o Acorda Cidade no<\/em><a href=\"https:\/\/news.google.com\/search?q=acorda%20cidade&amp;hl=pt-BR&amp;gl=BR&amp;ceid=BR%3Apt-419\"><strong><em> Google Not\u00edcias<\/em><\/strong><\/a><em> e receba os principais destaques do dia. Participe tamb\u00e9m dos nossos canais no <\/em><a href=\"https:\/\/whatsapp.com\/channel\/0029Va6Rb4v3WHTNnsh8WI3N\"><strong><em>WhatsApp<\/em><\/strong><\/a><em> e <\/em><a href=\"https:\/\/www.youtube.com\/@acordacidadenoticias\/videos\"><strong>Youtube<\/strong><\/a><em> e grupo de <\/em><a href=\"https:\/\/t.me\/+sSz0khrgARA0ZmRh\"><strong><em>Telegram<\/em><\/strong><\/a><em>.<\/em><\/p>\n<\/div>\n","protected":false},"excerpt":{"rendered":"<div>\n<div>\n<figure><img decoding=\"async\" src=\"https:\/\/uploads.acordacidade.com.br\/2025\/05\/coletivadeimprensa_micareta_pj_acordacidade-4.jpg\" alt=\"Coletiva de Imprensa\"><figcaption>Foto: Paulo Jos\u00e9\/Acorda Cidade<\/figcaption><\/figure>\n<\/div>\n<p>A expectativa \u00e9 de que uma decis\u00e3o da mudan\u00e7a seja tomada at\u00e9 agosto.<\/p><\/div>\n","protected":false},"author":1,"featured_media":85408,"comment_status":"closed","ping_status":"closed","sticky":false,"template":"","format":"gallery","meta":{"footnotes":""},"categories":[8,9,6,57,56,10],"tags":[],"class_list":["post-85407","post","type-post","status-publish","format-gallery","has-post-thumbnail","hentry","category-bahia","category-brasil","category-feira-de-santana","category-mundo","category-policia","category-politica","post_format-post-format-gallery"],"featured_image_urls":{"full":["https:\/\/noticiasbahia360.com.br\/wp-content\/uploads\/2025\/05\/coletivadeimprensa_micareta_pj_acordacidade-4.jpg",1200,554,false],"thumbnail":["https:\/\/noticiasbahia360.com.br\/wp-content\/uploads\/2025\/05\/coletivadeimprensa_micareta_pj_acordacidade-4-150x150.jpg",150,150,true],"medium":["https:\/\/noticiasbahia360.com.br\/wp-content\/uploads\/2025\/05\/coletivadeimprensa_micareta_pj_acordacidade-4-300x139.jpg",300,139,true],"medium_large":["https:\/\/noticiasbahia360.com.br\/wp-content\/uploads\/2025\/05\/coletivadeimprensa_micareta_pj_acordacidade-4-768x355.jpg",640,296,true],"large":["https:\/\/noticiasbahia360.com.br\/wp-content\/uploads\/2025\/05\/coletivadeimprensa_micareta_pj_acordacidade-4-1024x473.jpg",640,296,true],"1536x1536":["https:\/\/noticiasbahia360.com.br\/wp-content\/uploads\/2025\/05\/coletivadeimprensa_micareta_pj_acordacidade-4.jpg",1200,554,false],"2048x2048":["https:\/\/noticiasbahia360.com.br\/wp-content\/uploads\/2025\/05\/coletivadeimprensa_micareta_pj_acordacidade-4.jpg",1200,554,false],"chromenews-featured":["https:\/\/noticiasbahia360.com.br\/wp-content\/uploads\/2025\/05\/coletivadeimprensa_micareta_pj_acordacidade-4-1024x473.jpg",1024,473,true],"chromenews-large":["https:\/\/noticiasbahia360.com.br\/wp-content\/uploads\/2025\/05\/coletivadeimprensa_micareta_pj_acordacidade-4-825x554.jpg",825,554,true],"chromenews-medium":["https:\/\/noticiasbahia360.com.br\/wp-content\/uploads\/2025\/05\/coletivadeimprensa_micareta_pj_acordacidade-4-590x410.jpg",590,410,true]},"author_info":{"display_name":"noticiasbahia360.com.br","author_link":"https:\/\/noticiasbahia360.com.br\/?author=1"},"category_info":"<a href=\"https:\/\/noticiasbahia360.com.br\/?cat=8\" rel=\"category\">Bahia<\/a> <a href=\"https:\/\/noticiasbahia360.com.br\/?cat=9\" rel=\"category\">Brasil<\/a> <a href=\"https:\/\/noticiasbahia360.com.br\/?cat=6\" rel=\"category\">Feira de Santana<\/a> <a href=\"https:\/\/noticiasbahia360.com.br\/?cat=57\" rel=\"category\">Mundo<\/a> <a href=\"https:\/\/noticiasbahia360.com.br\/?cat=56\" rel=\"category\">Pol\u00edcia<\/a> <a href=\"https:\/\/noticiasbahia360.com.br\/?cat=10\" rel=\"category\">Pol\u00edtica<\/a>","tag_info":"Pol\u00edtica","comment_count":"0","_links":{"self":[{"href":"https:\/\/noticiasbahia360.com.br\/index.php?rest_route=\/wp\/v2\/posts\/85407","targetHints":{"allow":["GET"]}}],"collection":[{"href":"https:\/\/noticiasbahia360.com.br\/index.php?rest_route=\/wp\/v2\/posts"}],"about":[{"href":"https:\/\/noticiasbahia360.com.br\/index.php?rest_route=\/wp\/v2\/types\/post"}],"author":[{"embeddable":true,"href":"https:\/\/noticiasbahia360.com.br\/index.php?rest_route=\/wp\/v2\/users\/1"}],"replies":[{"embeddable":true,"href":"https:\/\/noticiasbahia360.com.br\/index.php?rest_route=%2Fwp%2Fv2%2Fcomments&post=85407"}],"version-history":[{"count":0,"href":"https:\/\/noticiasbahia360.com.br\/index.php?rest_route=\/wp\/v2\/posts\/85407\/revisions"}],"wp:featuredmedia":[{"embeddable":true,"href":"https:\/\/noticiasbahia360.com.br\/index.php?rest_route=\/wp\/v2\/media\/85408"}],"wp:attachment":[{"href":"https:\/\/noticiasbahia360.com.br\/index.php?rest_route=%2Fwp%2Fv2%2Fmedia&parent=85407"}],"wp:term":[{"taxonomy":"category","embeddable":true,"href":"https:\/\/noticiasbahia360.com.br\/index.php?rest_route=%2Fwp%2Fv2%2Fcategories&post=85407"},{"taxonomy":"post_tag","embeddable":true,"href":"https:\/\/noticiasbahia360.com.br\/index.php?rest_route=%2Fwp%2Fv2%2Ftags&post=85407"}],"curies":[{"name":"wp","href":"https:\/\/api.w.org\/{rel}","templated":true}]}}