{"id":85416,"date":"2025-05-08T10:55:07","date_gmt":"2025-05-08T13:55:07","guid":{"rendered":"https:\/\/noticiasbahia360.com.br\/?p=85416"},"modified":"2025-05-08T10:55:07","modified_gmt":"2025-05-08T13:55:07","slug":"naf-unifacs-feira-de-santana-oferece-servico-gratuito-de-declaracao-de-imposto-de-renda-pessoa-fisica-e-mei","status":"publish","type":"post","link":"https:\/\/noticiasbahia360.com.br\/?p=85416","title":{"rendered":"NAF UNIFACS Feira de Santana oferece servi\u00e7o gratuito de declara\u00e7\u00e3o de Imposto de Renda Pessoa F\u00edsica e MEI"},"content":{"rendered":"<div>\n<div>\n<figure><img decoding=\"async\" src=\"http:\/\/noticiasbahia360.com.br\/wp-content\/uploads\/2025\/05\/receita-federal-imposto-de-renda-Daniel-Ribeiro-Cortat-Arastoro-por-Pixabay-.jpg\" alt=\"NAF UNIFACS Feira de Santana oferece servi\u00e7o gratuito de declara\u00e7\u00e3o de Imposto de Renda Pessoa F\u00edsica e MEI\"><figcaption>Foto: Daniel Ribeiro Cortart Arastoro\/Pixabay<\/figcaption><\/figure>\n<\/div>\n<p>O N\u00facleo de Apoio Fiscal da Universidade Salvador (NAF\/UNIFACS), est\u00e1 oferecendo aux\u00edlio tribut\u00e1rio \u00e0 pessoas f\u00edsicas e os <a href=\"https:\/\/www.acordacidade.com.br\/tag\/mei\/\">Microempreendedores Individuais (MEI\u2019s)<\/a>. Com a ajuda dos estudantes da universidade nos preenchimentos das declara\u00e7\u00f5es de Imposto de Renda de Pessoa F\u00edsica (IRPF) e a Declara\u00e7\u00e3o do MEI. Al\u00e9m de consultorias para o desenvolvimento econ\u00f4mico e social destes contribuintes.<\/p>\n<p><strong>Os atendimentos est\u00e3o sendo realizados no Campus Santa M\u00f4nica \u2013 Rua Rio Tinto, n\u00ba 152. Bairro Santa M\u00f4nica, segunda-feira das 15h \u00e0s 17h e, quarta-feira das 15h \u00e0s 17h.<\/strong><\/p>\n<p>Haver\u00e1 em alguns s\u00e1bados de mutir\u00f5es no Campus da UNIFACS (Santa M\u00f4nica), para atendimentos aos contribuintes do IRPF e MEI.<\/p>\n<p>Os contribuintes s\u00e3o convidados a doa\u00e7\u00e3o de 2kg de alimentos n\u00e3o perec\u00edveis no per\u00edodo das declara\u00e7\u00f5es de IRPF e MEI. Que ser\u00e3o doados para a Associa\u00e7\u00e3o de Apoio a Pessoas com C\u00e2ncer (AAPC).<\/p>\n<p><strong>Datas:<\/strong><\/p>\n<ul class=\"wp-block-list\">\n<li>10\/05 \u2013 9h as 12h<\/li>\n<li>17\/05 \u2013 9h as 12h<\/li>\n<li>24\/05 \u2013 9h as 12h<\/li>\n<\/ul>\n<p>O prazo para apresentar a Declara\u00e7\u00e3o IRPF 2025 se encerra no dia 30 de maio. <\/p>\n<p>Os hor\u00e1rios devem ser agendados atrav\u00e9s do Instagram @nafunifacsfsa.<\/p>\n<h2 class=\"wp-block-heading\" id=\"h-documentos-necessarios-para-a-declaracao-de-irpf-2025\"><strong>Documentos necess\u00e1rios para a declara\u00e7\u00e3o de IRPF 2025:<\/strong><\/h2>\n<ul class=\"wp-block-list\">\n<li>Conta GOV.BR (ouro).<\/li>\n<\/ul>\n<p><strong>Documentos pessoais<\/strong>:<\/p>\n<ul class=\"wp-block-list\">\n<li>CPF;<\/li>\n<li>Comprovante de endere\u00e7o;<\/li>\n<li>T\u00edtulo de eleitor;<\/li>\n<li>\u00daltima declara\u00e7\u00e3o de IR (se houver);<\/li>\n<li>N\u00famero de conta a ag\u00eancia banc\u00e1ria para receber restitui\u00e7\u00e3o;<\/li>\n<li>Nome, CPF e data de nascimento de dependentes, alimentandos e c\u00f4njuge (se houver);<\/li>\n<li>A Receita Federal exige o CPF de dependentes de qualquer idade. Para dependentes que ainda n\u00e3o possuam CPF, o documento deve ser solicitado em ag\u00eancias dos Correios, da Caixa ou do Banco do Brasil.<\/li>\n<\/ul>\n<p><strong>Comprovantes de renda:<\/strong><\/p>\n<p>Todas as empresas em que o contribuinte trabalhou em 2023 devem enviar os Informes de Rendimentos at\u00e9 o final de fevereiro. Estes documentos devem ter o valor dos sal\u00e1rios e dos impostos retidos na fonte, al\u00e9m da contribui\u00e7\u00e3o para o INSS e dados da empresa como CNPJ. Quem \u00e9 aposentado pelo INSS, deve acessar o site da Previd\u00eancia Social para extrair o informe.<\/p>\n<p>Se voc\u00ea encerrou uma conta em uma institui\u00e7\u00e3o financeira em 2023, deve entrar em contato para obter o informe de rendimentos do per\u00edodo em que era cliente.<\/p>\n<p><strong>Tenha em m\u00e3os:<\/strong><\/p>\n<ul class=\"wp-block-list\">\n<li>Informes de rendimento de institui\u00e7\u00f5es financeiras, como bancos e corretoras, nas quais o contribuinte possui conta corrente, poupan\u00e7a ou aplica\u00e7\u00e3o financeira;<\/li>\n<li>Informes de rendimento fornecidos por todas as fontes pagadoras do ano ano-base;<\/li>\n<li>Comprovante de apura\u00e7\u00e3o mensal do carn\u00ea-le\u00e3o (para quem recebe alugueis ou rendimentos do exterior, por exemplo) e dos DARFs pagos (se houver)<\/li>\n<li>Informes de rendimentos do c\u00f4njuge, se a declara\u00e7\u00e3o for conjunta;<\/li>\n<li>Informes de rendimento dos dependentes (se houver);<\/li>\n<li>Informe de rendimento da entidade de previd\u00eancia complementar (se houver);<\/li>\n<\/ul>\n<p><strong>Comprovantes de gastos para dedu\u00e7\u00f5es:<\/strong><\/p>\n<p>Algumas despesas s\u00e3o dedut\u00edveis do Imposto de Renda. Mas, para isso, \u00e9 importante ter todos os recibos e comprovantes em m\u00e3os. Estes documentos precisam ter o CNPJ ou CPF de quem prestou os servi\u00e7os al\u00e9m dos dados do contribuinte ou seus dependentes.<\/p>\n<p>A Receita Federal pode solicitar esses comprovantes at\u00e9 cinco anos depois do processamento da declara\u00e7\u00e3o. Dessa forma, documentos emitidos em 2023 para comprovar informa\u00e7\u00f5es da declara\u00e7\u00e3o que ser\u00e1 feita este ano precisam ser guardados por cinco anos a partir de janeiro de 2025.<\/p>\n<p><strong>Veja:<\/strong><\/p>\n<ul class=\"wp-block-list\">\n<li>Comprovantes de gastos com educa\u00e7\u00e3o pessoal ou dos dependentes como creche, escola e faculdade, at\u00e9 o limite de R$ 3.561,50 (cursos livres ou de idiomas n\u00e3o podem ser contabilizados);<\/li>\n<li>Recibos ou notas fiscais de gastos com sa\u00fade do contribuinte ou de dependentes como consultas m\u00e9dicas e odontol\u00f3gicas, exames laboratoriais e radiol\u00f3gicos, aparelhos e pr\u00f3teses e planos de sa\u00fade no Brasil, sem limite de gastos;<\/li>\n<li>Comprovante de pagamento de previd\u00eancia complementar;<\/li>\n<li>Comprovante de pagamento de pens\u00e3o aliment\u00edcia judicial;<\/li>\n<li>Doa\u00e7\u00f5es efetuadas e\/ou recebidas no Brasil ou exterior e ITCMD recolhido.<\/li>\n<\/ul>\n<p><strong>Outros comprovantes:<\/strong><\/p>\n<p>A Receita Federal tamb\u00e9m precisa saber sobre outros pagamentos realizados e sobre a compra e venda de bens. Contribuintes que venderam carros, im\u00f3veis ou outros bens de valor no ano passado devem buscar contratos, escrituras, notas fiscais e outros recibos que correspondam \u00e0 transa\u00e7\u00e3o. Para financiamentos, \u00e9 preciso saber o nome do banco, o montante financiado, o valor da entrada e das presta\u00e7\u00f5es.<\/p>\n<p><strong>Veja quais documentos podem ser necess\u00e1rios:<\/strong><\/p>\n<ul class=\"wp-block-list\">\n<li>Notas de corretagem das opera\u00e7\u00f5es de renda vari\u00e1vel realizadas em 2023, se aplic\u00e1vel;<\/li>\n<li>Comprovantes dos pagamentos de alugueis ou arrendamento rural, como recibos, comprovantes de dep\u00f3sito ou transfer\u00eancia banc\u00e1ria;<\/li>\n<li>Comprovante de pagamentos realizados a profissionais aut\u00f4nomos como advogados, engenheiros, arquitetos, corretores, professores, entre outros;<\/li>\n<li>Documentos de compra e venda de bens como im\u00f3veis, ve\u00edculos, embarca\u00e7\u00f5es e aeronave;<\/li>\n<li>Comprovante de recebimento de heran\u00e7a;<\/li>\n<li>Contrato ou documentos referentes \u00e0 opera\u00e7\u00f5es de empr\u00e9stimos, cons\u00f3rcios ou financiamentos;<\/li>\n<\/ul>\n<p><strong>Documentos para MEIs<\/strong>:<\/p>\n<ul class=\"wp-block-list\">\n<li>Pela legisla\u00e7\u00e3o brasileira, quem \u00e9 MEI (Microempreendedor individual) ocupa, ao mesmo tempo, a posi\u00e7\u00e3o de pessoa jur\u00eddica e pessoa f\u00edsica.<\/li>\n<li>Como pessoa jur\u00eddica, o MEI precisa pagar, mensalmente, o Documento de Arrecada\u00e7\u00e3o do Simples Nacional (DAS) e fazer a Declara\u00e7\u00e3o Anual de Faturamento (DASN-SIMEI), mas \u00e9 isento do Imposto de Renda Pessoa Jur\u00eddica.<\/li>\n<li>J\u00e1 como pessoa f\u00edsica, o cidad\u00e3o pode precisar fazer sua declara\u00e7\u00e3o de imposto de renda, se n\u00e3o preencher as condi\u00e7\u00f5es para isen\u00e7\u00e3o. Neste caso, \u00e9 preciso ter, al\u00e9m dos documentos listados acima:<\/li>\n<li>notas fiscais e recibos emitidos para comprova\u00e7\u00e3o da receita e c\u00e1lculo do lucro;<\/li>\n<li>CNPJ do MEI; e nome da empesa do MEI.<\/li>\n<\/ul>\n<p><em>Siga o Acorda Cidade no<\/em><a href=\"https:\/\/news.google.com\/search?q=acorda%20cidade&amp;hl=pt-BR&amp;gl=BR&amp;ceid=BR%3Apt-419\"><strong><em>\u00a0Google Not\u00edcias<\/em><\/strong><\/a><em>\u00a0e receba os principais destaques do dia. Participe tamb\u00e9m dos nossos canais no\u00a0<\/em><a href=\"https:\/\/www.whatsapp.com\/channel\/0029Va6Rb4v3WHTNnsh8WI3N\"><strong><em>WhatsApp<\/em><\/strong><\/a><em>\u00a0e\u00a0<\/em><a href=\"https:\/\/www.youtube.com\/@acordacidadenoticias\/videos\"><strong>Youtube<\/strong><\/a><em>\u00a0e grupo de\u00a0<\/em><a href=\"https:\/\/t.me\/+sSz0khrgARA0ZmRh\"><strong><em>Telegram<\/em><\/strong><\/a><em>.<\/em><\/p>\n<\/div>\n","protected":false},"excerpt":{"rendered":"<div>\n<div>\n<figure><img decoding=\"async\" src=\"https:\/\/uploads.acordacidade.com.br\/wp-content\/uploads\/2022\/09\/14125407\/receita-federal-imposto-de-renda-Daniel-Ribeiro-Cortat-Arastoro-por-Pixabay-.jpg\" alt=\"NAF UNIFACS Feira de Santana oferece servi\u00e7o gratuito de declara\u00e7\u00e3o de Imposto de Renda Pessoa F\u00edsica e MEI\"><figcaption>Foto: Daniel Ribeiro Cortart Arastoro\/Pixabay<\/figcaption><\/figure>\n<\/div>\n<p>O prazo para apresentar a Declara\u00e7\u00e3o IRPF 2025 se encerra no dia 30 de maio de 2025.<\/p><\/div>\n","protected":false},"author":1,"featured_media":85417,"comment_status":"closed","ping_status":"closed","sticky":false,"template":"","format":"gallery","meta":{"footnotes":""},"categories":[8,9,6,57,56,10],"tags":[],"class_list":["post-85416","post","type-post","status-publish","format-gallery","has-post-thumbnail","hentry","category-bahia","category-brasil","category-feira-de-santana","category-mundo","category-policia","category-politica","post_format-post-format-gallery"],"featured_image_urls":{"full":["https:\/\/noticiasbahia360.com.br\/wp-content\/uploads\/2025\/05\/receita-federal-imposto-de-renda-Daniel-Ribeiro-Cortat-Arastoro-por-Pixabay-.jpg",640,427,false],"thumbnail":["https:\/\/noticiasbahia360.com.br\/wp-content\/uploads\/2025\/05\/receita-federal-imposto-de-renda-Daniel-Ribeiro-Cortat-Arastoro-por-Pixabay--150x150.jpg",150,150,true],"medium":["https:\/\/noticiasbahia360.com.br\/wp-content\/uploads\/2025\/05\/receita-federal-imposto-de-renda-Daniel-Ribeiro-Cortat-Arastoro-por-Pixabay--300x200.jpg",300,200,true],"medium_large":["https:\/\/noticiasbahia360.com.br\/wp-content\/uploads\/2025\/05\/receita-federal-imposto-de-renda-Daniel-Ribeiro-Cortat-Arastoro-por-Pixabay-.jpg",640,427,false],"large":["https:\/\/noticiasbahia360.com.br\/wp-content\/uploads\/2025\/05\/receita-federal-imposto-de-renda-Daniel-Ribeiro-Cortat-Arastoro-por-Pixabay-.jpg",640,427,false],"1536x1536":["https:\/\/noticiasbahia360.com.br\/wp-content\/uploads\/2025\/05\/receita-federal-imposto-de-renda-Daniel-Ribeiro-Cortat-Arastoro-por-Pixabay-.jpg",640,427,false],"2048x2048":["https:\/\/noticiasbahia360.com.br\/wp-content\/uploads\/2025\/05\/receita-federal-imposto-de-renda-Daniel-Ribeiro-Cortat-Arastoro-por-Pixabay-.jpg",640,427,false],"chromenews-featured":["https:\/\/noticiasbahia360.com.br\/wp-content\/uploads\/2025\/05\/receita-federal-imposto-de-renda-Daniel-Ribeiro-Cortat-Arastoro-por-Pixabay-.jpg",640,427,false],"chromenews-large":["https:\/\/noticiasbahia360.com.br\/wp-content\/uploads\/2025\/05\/receita-federal-imposto-de-renda-Daniel-Ribeiro-Cortat-Arastoro-por-Pixabay-.jpg",640,427,false],"chromenews-medium":["https:\/\/noticiasbahia360.com.br\/wp-content\/uploads\/2025\/05\/receita-federal-imposto-de-renda-Daniel-Ribeiro-Cortat-Arastoro-por-Pixabay--590x410.jpg",590,410,true]},"author_info":{"display_name":"noticiasbahia360.com.br","author_link":"https:\/\/noticiasbahia360.com.br\/?author=1"},"category_info":"<a href=\"https:\/\/noticiasbahia360.com.br\/?cat=8\" rel=\"category\">Bahia<\/a> <a href=\"https:\/\/noticiasbahia360.com.br\/?cat=9\" rel=\"category\">Brasil<\/a> <a href=\"https:\/\/noticiasbahia360.com.br\/?cat=6\" rel=\"category\">Feira de Santana<\/a> <a href=\"https:\/\/noticiasbahia360.com.br\/?cat=57\" rel=\"category\">Mundo<\/a> <a href=\"https:\/\/noticiasbahia360.com.br\/?cat=56\" rel=\"category\">Pol\u00edcia<\/a> <a href=\"https:\/\/noticiasbahia360.com.br\/?cat=10\" rel=\"category\">Pol\u00edtica<\/a>","tag_info":"Pol\u00edtica","comment_count":"0","_links":{"self":[{"href":"https:\/\/noticiasbahia360.com.br\/index.php?rest_route=\/wp\/v2\/posts\/85416","targetHints":{"allow":["GET"]}}],"collection":[{"href":"https:\/\/noticiasbahia360.com.br\/index.php?rest_route=\/wp\/v2\/posts"}],"about":[{"href":"https:\/\/noticiasbahia360.com.br\/index.php?rest_route=\/wp\/v2\/types\/post"}],"author":[{"embeddable":true,"href":"https:\/\/noticiasbahia360.com.br\/index.php?rest_route=\/wp\/v2\/users\/1"}],"replies":[{"embeddable":true,"href":"https:\/\/noticiasbahia360.com.br\/index.php?rest_route=%2Fwp%2Fv2%2Fcomments&post=85416"}],"version-history":[{"count":0,"href":"https:\/\/noticiasbahia360.com.br\/index.php?rest_route=\/wp\/v2\/posts\/85416\/revisions"}],"wp:featuredmedia":[{"embeddable":true,"href":"https:\/\/noticiasbahia360.com.br\/index.php?rest_route=\/wp\/v2\/media\/85417"}],"wp:attachment":[{"href":"https:\/\/noticiasbahia360.com.br\/index.php?rest_route=%2Fwp%2Fv2%2Fmedia&parent=85416"}],"wp:term":[{"taxonomy":"category","embeddable":true,"href":"https:\/\/noticiasbahia360.com.br\/index.php?rest_route=%2Fwp%2Fv2%2Fcategories&post=85416"},{"taxonomy":"post_tag","embeddable":true,"href":"https:\/\/noticiasbahia360.com.br\/index.php?rest_route=%2Fwp%2Fv2%2Ftags&post=85416"}],"curies":[{"name":"wp","href":"https:\/\/api.w.org\/{rel}","templated":true}]}}