{"id":85420,"date":"2025-05-08T11:10:52","date_gmt":"2025-05-08T14:10:52","guid":{"rendered":"https:\/\/noticiasbahia360.com.br\/?p=85420"},"modified":"2025-05-08T11:10:52","modified_gmt":"2025-05-08T14:10:52","slug":"itaparica-recebe-certificado-de-integracao-ao-mapa-do-turismo-brasileiro","status":"publish","type":"post","link":"https:\/\/noticiasbahia360.com.br\/?p=85420","title":{"rendered":"Itaparica recebe Certificado de Integra\u00e7\u00e3o ao Mapa do Turismo Brasileiro"},"content":{"rendered":"<div>\n<div>\n<figure><img decoding=\"async\" src=\"http:\/\/noticiasbahia360.com.br\/wp-content\/uploads\/2025\/05\/Mapa-do-Turismo-Brasileiro-governdaor-jeronimo-.jpg\" alt=\"Itaparica\"><figcaption>Foto: Divulga\u00e7\u00e3o <\/figcaption><\/figure>\n<\/div>\n<p>O munic\u00edpio de Itaparica foi oficialmente inserido no Mapa do Turismo Brasileiro, iniciativa do Minist\u00e9rio do Turismo que reconhece os destinos tur\u00edsticos estrat\u00e9gicos e relevantes no cen\u00e1rio nacional.\u00a0O certificado de inclus\u00e3o foi entregue ao prefeito de Itaparica, Zezinho Oliveira, pelo governador da Bahia, Jer\u00f4nimo Rodrigues, e pelo secret\u00e1rio estadual do Turismo, Maur\u00edcio Bacellar,\u00a0durante o 2\u00ba Semin\u00e1rio de Gest\u00e3o e Turismo, realizado na cidade de Feira de Santana, na manh\u00e3 desta quarta-feira (7).<\/p>\n<p>O evento reuniu\u00a0<strong>prefeitos, secret\u00e1rios municipais e representantes das 13 zonas tur\u00edsticas da Bahia<\/strong>\u00a0no Centro de Conven\u00e7\u00f5es de Feira de Santana para discutir estrat\u00e9gias de fortalecimento do turismo\u00a0como motor de desenvolvimento social e econ\u00f4mico no estado,\u00a0com foco no desenvolvimento sustent\u00e1vel e na valoriza\u00e7\u00e3o das tradi\u00e7\u00f5es culturais locais.<\/p>\n<p>O Mapa do Turismo Brasileiro \u00e9 uma ferramenta do Minist\u00e9rio do Turismo para direcionar investimentos e pol\u00edticas p\u00fablicas para o setor. A inclus\u00e3o no Mapa demonstra que Itaparica est\u00e1 estruturado em termos de gest\u00e3o tur\u00edstica, tornando-se apto \u00e0 capta\u00e7\u00e3o de recursos do Minist\u00e9rio do Turismo para investimentos em infraestrutura e programas que impulsionar\u00e3o o desenvolvimento do turismo local, gerando benef\u00edcios para a economia e a comunidade.<\/p>\n<p>Itaparica se destacou por suas contribui\u00e7\u00f5es ao turismo nacional e pelo\u00a0compromisso da gest\u00e3o municipal com o crescimento qualificado da atividade tur\u00edstica. Segundo o prefeito Zezinho Oliveira,\u00a0a inclus\u00e3o de Itaparica no Mapa do Turismo Brasileiro representa novas oportunidades de investimento, capacita\u00e7\u00e3o e promo\u00e7\u00e3o do destino em \u00e2mbito nacional.<\/p>\n<p>\u201cReceber esse reconhecimento \u00e9 motivo de grande orgulho para todos n\u00f3s. Essa conquista representa um avan\u00e7o significativo na consolida\u00e7\u00e3o de Itaparica como um destino tur\u00edstico estrat\u00e9gico, valorizando ainda mais nossas riquezas hist\u00f3ricas, culturais e naturais. Estamos comprometidos em seguir promovendo a\u00e7\u00f5es que qualifiquem a atividade tur\u00edstica, gerem emprego, movimentem a economia local e coloquem Itaparica em destaque no cen\u00e1rio estadual e nacional\u201d, destacou o prefeito Zezinho Oliveira.<\/p>\n<p><em>Siga o Acorda Cidade no<\/em><a href=\"https:\/\/news.google.com\/search?q=acorda%20cidade&amp;hl=pt-BR&amp;gl=BR&amp;ceid=BR%3Apt-419\"><strong><em>\u00a0Google Not\u00edcias<\/em><\/strong><\/a><em>\u00a0e receba os principais destaques do dia. Participe tamb\u00e9m dos nossos canais no\u00a0<\/em><a href=\"https:\/\/www.whatsapp.com\/channel\/0029Va6Rb4v3WHTNnsh8WI3N\"><strong><em>WhatsApp<\/em><\/strong><\/a><em>\u00a0e\u00a0<\/em><a href=\"https:\/\/www.youtube.com\/@acordacidadenoticias\/videos\"><strong>YouTube<\/strong><\/a><em>\u00a0e do grupo no\u00a0<\/em><a href=\"https:\/\/t.me\/+sSz0khrgARA0ZmRh\"><strong><em>Telegram<\/em><\/strong><\/a><\/p>\n<\/div>\n","protected":false},"excerpt":{"rendered":"<div>\n<div>\n<figure><img decoding=\"async\" src=\"https:\/\/uploads.acordacidade.com.br\/2025\/05\/Mapa-do-Turismo-Brasileiro-governdaor-jeronimo-.jpg\" alt=\"Itaparica\"><figcaption>Foto: Divulga\u00e7\u00e3o <\/figcaption><\/figure>\n<\/div>\n<p>O evento reuniu\u00a0prefeitos, secret\u00e1rios e representantes das 13 zonas tur\u00edsticas da Bahia\u00a0no Centro de Conven\u00e7\u00f5es de Feira de Santana.<\/p><\/div>\n","protected":false},"author":1,"featured_media":85421,"comment_status":"closed","ping_status":"closed","sticky":false,"template":"","format":"gallery","meta":{"footnotes":""},"categories":[8,9,6,57,56,10],"tags":[],"class_list":["post-85420","post","type-post","status-publish","format-gallery","has-post-thumbnail","hentry","category-bahia","category-brasil","category-feira-de-santana","category-mundo","category-policia","category-politica","post_format-post-format-gallery"],"featured_image_urls":{"full":["https:\/\/noticiasbahia360.com.br\/wp-content\/uploads\/2025\/05\/Mapa-do-Turismo-Brasileiro-governdaor-jeronimo-.jpg",1200,859,false],"thumbnail":["https:\/\/noticiasbahia360.com.br\/wp-content\/uploads\/2025\/05\/Mapa-do-Turismo-Brasileiro-governdaor-jeronimo--150x150.jpg",150,150,true],"medium":["https:\/\/noticiasbahia360.com.br\/wp-content\/uploads\/2025\/05\/Mapa-do-Turismo-Brasileiro-governdaor-jeronimo--300x215.jpg",300,215,true],"medium_large":["https:\/\/noticiasbahia360.com.br\/wp-content\/uploads\/2025\/05\/Mapa-do-Turismo-Brasileiro-governdaor-jeronimo--768x550.jpg",640,458,true],"large":["https:\/\/noticiasbahia360.com.br\/wp-content\/uploads\/2025\/05\/Mapa-do-Turismo-Brasileiro-governdaor-jeronimo--1024x733.jpg",640,458,true],"1536x1536":["https:\/\/noticiasbahia360.com.br\/wp-content\/uploads\/2025\/05\/Mapa-do-Turismo-Brasileiro-governdaor-jeronimo-.jpg",1200,859,false],"2048x2048":["https:\/\/noticiasbahia360.com.br\/wp-content\/uploads\/2025\/05\/Mapa-do-Turismo-Brasileiro-governdaor-jeronimo-.jpg",1200,859,false],"chromenews-featured":["https:\/\/noticiasbahia360.com.br\/wp-content\/uploads\/2025\/05\/Mapa-do-Turismo-Brasileiro-governdaor-jeronimo--1024x733.jpg",1024,733,true],"chromenews-large":["https:\/\/noticiasbahia360.com.br\/wp-content\/uploads\/2025\/05\/Mapa-do-Turismo-Brasileiro-governdaor-jeronimo--825x575.jpg",825,575,true],"chromenews-medium":["https:\/\/noticiasbahia360.com.br\/wp-content\/uploads\/2025\/05\/Mapa-do-Turismo-Brasileiro-governdaor-jeronimo--590x410.jpg",590,410,true]},"author_info":{"display_name":"noticiasbahia360.com.br","author_link":"https:\/\/noticiasbahia360.com.br\/?author=1"},"category_info":"<a href=\"https:\/\/noticiasbahia360.com.br\/?cat=8\" rel=\"category\">Bahia<\/a> <a href=\"https:\/\/noticiasbahia360.com.br\/?cat=9\" rel=\"category\">Brasil<\/a> <a href=\"https:\/\/noticiasbahia360.com.br\/?cat=6\" rel=\"category\">Feira de Santana<\/a> <a href=\"https:\/\/noticiasbahia360.com.br\/?cat=57\" rel=\"category\">Mundo<\/a> <a href=\"https:\/\/noticiasbahia360.com.br\/?cat=56\" rel=\"category\">Pol\u00edcia<\/a> <a href=\"https:\/\/noticiasbahia360.com.br\/?cat=10\" rel=\"category\">Pol\u00edtica<\/a>","tag_info":"Pol\u00edtica","comment_count":"0","_links":{"self":[{"href":"https:\/\/noticiasbahia360.com.br\/index.php?rest_route=\/wp\/v2\/posts\/85420","targetHints":{"allow":["GET"]}}],"collection":[{"href":"https:\/\/noticiasbahia360.com.br\/index.php?rest_route=\/wp\/v2\/posts"}],"about":[{"href":"https:\/\/noticiasbahia360.com.br\/index.php?rest_route=\/wp\/v2\/types\/post"}],"author":[{"embeddable":true,"href":"https:\/\/noticiasbahia360.com.br\/index.php?rest_route=\/wp\/v2\/users\/1"}],"replies":[{"embeddable":true,"href":"https:\/\/noticiasbahia360.com.br\/index.php?rest_route=%2Fwp%2Fv2%2Fcomments&post=85420"}],"version-history":[{"count":0,"href":"https:\/\/noticiasbahia360.com.br\/index.php?rest_route=\/wp\/v2\/posts\/85420\/revisions"}],"wp:featuredmedia":[{"embeddable":true,"href":"https:\/\/noticiasbahia360.com.br\/index.php?rest_route=\/wp\/v2\/media\/85421"}],"wp:attachment":[{"href":"https:\/\/noticiasbahia360.com.br\/index.php?rest_route=%2Fwp%2Fv2%2Fmedia&parent=85420"}],"wp:term":[{"taxonomy":"category","embeddable":true,"href":"https:\/\/noticiasbahia360.com.br\/index.php?rest_route=%2Fwp%2Fv2%2Fcategories&post=85420"},{"taxonomy":"post_tag","embeddable":true,"href":"https:\/\/noticiasbahia360.com.br\/index.php?rest_route=%2Fwp%2Fv2%2Ftags&post=85420"}],"curies":[{"name":"wp","href":"https:\/\/api.w.org\/{rel}","templated":true}]}} 