{"id":85424,"date":"2025-05-08T11:10:59","date_gmt":"2025-05-08T14:10:59","guid":{"rendered":"https:\/\/noticiasbahia360.com.br\/?p=85424"},"modified":"2025-05-08T11:10:59","modified_gmt":"2025-05-08T14:10:59","slug":"senado-aprova-novo-simbolo-internacional-de-acessibilidade","status":"publish","type":"post","link":"https:\/\/noticiasbahia360.com.br\/?p=85424","title":{"rendered":"Senado aprova novo S\u00edmbolo Internacional de Acessibilidade"},"content":{"rendered":"<div>\n<div>\n<figure><img decoding=\"async\" src=\"http:\/\/noticiasbahia360.com.br\/wp-content\/uploads\/2025\/05\/Novo-Simbolo-acessibilidade-foto-divulgacao.jpg\" alt=\"S\u00edmbolo Internacional de Acessibilidade\"><figcaption>Novo S\u00edmbolo Internacional de Acessibilidade | Foto: Divulga\u00e7\u00e3o<\/figcaption><\/figure>\n<\/div>\n<p>O <strong><a href=\"https:\/\/www.acordacidade.com.br\/tag\/senado\/\">Senado<\/a><\/strong> aprovou na quarta-feira (29), projeto que substitui o <strong>S\u00edmbolo Internacional de Acesso<\/strong> pelo S\u00edmbolo Internacional de Acessibilidade. O texto obriga o uso do s\u00edmbolo em faixas de circula\u00e7\u00e3o, em pisos t\u00e1teis direcionais e de alerta e em mapas ou maquetes t\u00e1teis. O PL 2.199\/2022, que volta \u00e0 C\u00e2mara dos Deputados, havia recebido parecer favor\u00e1vel do senador Rom\u00e1rio (PL-RJ) na Comiss\u00e3o de Direitos Humanos (CDH).<\/p>\n<p>O s\u00edmbolo, criado em 2015 pela <strong><a href=\"https:\/\/www.acordacidade.com.br\/tag\/onu\/\">ONU<\/a><\/strong>, procura englobar todos os tipos de <strong><a href=\"https:\/\/www.acordacidade.com.br\/tag\/deficiencia\/\">defici\u00eancia<\/a><\/strong> e acessibilidade. Ele substitui o antigo s\u00edmbolo internacional com a imagem de um cadeirante em fundo azul ou preto, que \u00e9 associado a pessoas com mobilidade reduzida.<\/p>\n<figure class=\"wp-block-image size-full is-resized\"><img fetchpriority=\"high\" data-dominant-color=\"30384e\" data-has-transparency=\"true\" fetchpriority=\"high\" decoding=\"async\" width=\"640\" height=\"426\" sizes=\"(max-width: 640px) 100vw, 640px\" src=\"http:\/\/noticiasbahia360.com.br\/wp-content\/uploads\/2025\/05\/Plenario-do-Senado-Federal-durante-sessao-deliberativa-ordinari-Foto-Jonas-Pereira-Agencia-Senado.png\" alt=\"Plen\u00e1rio do Senado Federal\" class=\"wp-image-424609 has-transparency\" style=\"--dominant-color: #30384e; width:840px;height:auto\" srcset=\"https:\/\/uploads.acordacidade.com.br\/wp-content\/uploads\/2024\/08\/08144547\/Plenario-do-Senado-Federal-durante-sessao-deliberativa-ordinari-\u2014-Foto-Jonas-Pereira-Agencia-Senado-300x200.png 300w, https:\/\/uploads.acordacidade.com.br\/wp-content\/uploads\/2024\/08\/08144547\/Plenario-do-Senado-Federal-durante-sessao-deliberativa-ordinari-\u2014-Foto-Jonas-Pereira-Agencia-Senado-150x100.png 150w, http:\/\/noticiasbahia360.com.br\/wp-content\/uploads\/2025\/05\/Plenario-do-Senado-Federal-durante-sessao-deliberativa-ordinari-Foto-Jonas-Pereira-Agencia-Senado.png 640w\"><figcaption class=\"wp-element-caption\">Foto: Jonas Pereira\/Ag\u00eancia Senado<\/figcaption><\/figure>\n<p>A proposta altera a Lei 7.405, de 1985, e determina que a substitui\u00e7\u00e3o das placas de sinaliza\u00e7\u00e3o ocorra em at\u00e9 tr\u00eas anos ap\u00f3s a publica\u00e7\u00e3o da lei.<\/p>\n<p>O texto inicial previa que a substitui\u00e7\u00e3o das placas seria regulada pelo <strong>Conselho Nacional de Tr\u00e2nsito<\/strong> (Contran). Uma emenda do relator possibilita ao Poder Executivo escolher o \u00f3rg\u00e3o respons\u00e1vel por essa regula\u00e7\u00e3o e pela atualiza\u00e7\u00e3o do material de refer\u00eancia e de ensino sobre a sinaliza\u00e7\u00e3o em estacionamentos.<\/p>\n<p><strong>Rom\u00e1rio<\/strong> afirmou na CDH que o novo s\u00edmbolo, al\u00e9m de promover a <strong><a href=\"https:\/\/www.acordacidade.com.br\/tag\/inclusao\/\">inclus\u00e3o<\/a><\/strong> de pessoas com impedimento f\u00edsico, inclui aqueles com defici\u00eancias mental, intelectual ou sensorial.\u00a0<\/p>\n<p>\u2014 O <strong>S\u00edmbolo Internacional de Acessibilidade<\/strong> ilustra com maior precis\u00e3o a amplitude da inclus\u00e3o de pessoas com <strong>defici\u00eancia<\/strong> \u2014 afirmou.<\/p>\n<p>Segundo o parlamentar, o censo de 2022 do <strong><a href=\"https:\/\/www.acordacidade.com.br\/tag\/ibge\/\">IBGE<\/a><\/strong> apontou que existem cerca de 18,6 milh\u00f5es de <strong><a href=\"https:\/\/www.acordacidade.com.br\/tag\/pessoas-com-deficiencia\/\">pessoas com defici\u00eancia<\/a><\/strong> com 2 anos de idade ou mais com algum tipo de defici\u00eancia.<\/p>\n<p><strong>O novo s\u00edmbolo demonstra uma pessoa com bra\u00e7os abertos ligados a quatro pontos, representando a harmonia entre o indiv\u00edduo e a sociedade. Enquanto o s\u00edmbolo com a cadeira de rodas refor\u00e7ava o esteri\u00f3tipo de que a acessibilidade focava apenas em pessoas com defici\u00eancia f\u00edsica, excluindo as demais, e isso n\u00e3o representava a diversidade que \u00e9 o universo da defici\u00eancia. <\/strong><\/p>\n<p><em>Com informa\u00e7\u00f5es da <strong>Ag\u00eancia Senado<\/strong><\/em><\/p>\n<p><em>Siga o Acorda Cidade no<\/em><a href=\"https:\/\/news.google.com\/search?q=acorda%20cidade&amp;hl=pt-BR&amp;gl=BR&amp;ceid=BR%3Apt-419\"><strong><em>\u00a0Google Not\u00edcias<\/em><\/strong><\/a><em>\u00a0e receba os principais destaques do dia. Participe tamb\u00e9m dos nossos canais no\u00a0<\/em><a href=\"https:\/\/www.whatsapp.com\/channel\/0029Va6Rb4v3WHTNnsh8WI3N\"><strong><em>WhatsApp<\/em><\/strong><\/a><em>\u00a0e\u00a0<\/em><a href=\"https:\/\/www.youtube.com\/@acordacidadenoticias\/videos\"><strong>YouTube<\/strong><\/a><em>\u00a0e do grupo no\u00a0<\/em><a href=\"https:\/\/t.me\/+sSz0khrgARA0ZmRh\"><strong><em>Telegram<\/em><\/strong><\/a><em>.<\/em><\/p>\n<\/div>\n","protected":false},"excerpt":{"rendered":"<div>\n<div>\n<figure><img decoding=\"async\" src=\"https:\/\/uploads.acordacidade.com.br\/2025\/05\/Novo-Simbolo-acessibilidade-foto-divulgacao.jpg\" alt=\"S\u00edmbolo Internacional de Acessibilidade\"><figcaption>Novo S\u00edmbolo Internacional de Acessibilidade | Foto: Divulga\u00e7\u00e3o<\/figcaption><\/figure>\n<\/div>\n<p>O novo s\u00edmbolo substitui o antigo s\u00edmbolo internacional com a imagem de um cadeirante em fundo azul ou preto, que \u00e9 associado a pessoas com mobilidade reduzida.<\/p><\/div>\n","protected":false},"author":1,"featured_media":85425,"comment_status":"closed","ping_status":"closed","sticky":false,"template":"","format":"gallery","meta":{"footnotes":""},"categories":[8,9,6,57,56,10],"tags":[],"class_list":["post-85424","post","type-post","status-publish","format-gallery","has-post-thumbnail","hentry","category-bahia","category-brasil","category-feira-de-santana","category-mundo","category-policia","category-politica","post_format-post-format-gallery"],"featured_image_urls":{"full":["https:\/\/noticiasbahia360.com.br\/wp-content\/uploads\/2025\/05\/Novo-Simbolo-acessibilidade-foto-divulgacao.jpg",860,570,false],"thumbnail":["https:\/\/noticiasbahia360.com.br\/wp-content\/uploads\/2025\/05\/Novo-Simbolo-acessibilidade-foto-divulgacao-150x150.jpg",150,150,true],"medium":["https:\/\/noticiasbahia360.com.br\/wp-content\/uploads\/2025\/05\/Novo-Simbolo-acessibilidade-foto-divulgacao-300x199.jpg",300,199,true],"medium_large":["https:\/\/noticiasbahia360.com.br\/wp-content\/uploads\/2025\/05\/Novo-Simbolo-acessibilidade-foto-divulgacao-768x509.jpg",640,424,true],"large":["https:\/\/noticiasbahia360.com.br\/wp-content\/uploads\/2025\/05\/Novo-Simbolo-acessibilidade-foto-divulgacao.jpg",640,424,false],"1536x1536":["https:\/\/noticiasbahia360.com.br\/wp-content\/uploads\/2025\/05\/Novo-Simbolo-acessibilidade-foto-divulgacao.jpg",860,570,false],"2048x2048":["https:\/\/noticiasbahia360.com.br\/wp-content\/uploads\/2025\/05\/Novo-Simbolo-acessibilidade-foto-divulgacao.jpg",860,570,false],"chromenews-featured":["https:\/\/noticiasbahia360.com.br\/wp-content\/uploads\/2025\/05\/Novo-Simbolo-acessibilidade-foto-divulgacao.jpg",860,570,false],"chromenews-large":["https:\/\/noticiasbahia360.com.br\/wp-content\/uploads\/2025\/05\/Novo-Simbolo-acessibilidade-foto-divulgacao-825x570.jpg",825,570,true],"chromenews-medium":["https:\/\/noticiasbahia360.com.br\/wp-content\/uploads\/2025\/05\/Novo-Simbolo-acessibilidade-foto-divulgacao-590x410.jpg",590,410,true]},"author_info":{"display_name":"noticiasbahia360.com.br","author_link":"https:\/\/noticiasbahia360.com.br\/?author=1"},"category_info":"<a href=\"https:\/\/noticiasbahia360.com.br\/?cat=8\" rel=\"category\">Bahia<\/a> <a href=\"https:\/\/noticiasbahia360.com.br\/?cat=9\" rel=\"category\">Brasil<\/a> <a href=\"https:\/\/noticiasbahia360.com.br\/?cat=6\" rel=\"category\">Feira de Santana<\/a> <a href=\"https:\/\/noticiasbahia360.com.br\/?cat=57\" rel=\"category\">Mundo<\/a> <a href=\"https:\/\/noticiasbahia360.com.br\/?cat=56\" rel=\"category\">Pol\u00edcia<\/a> <a href=\"https:\/\/noticiasbahia360.com.br\/?cat=10\" rel=\"category\">Pol\u00edtica<\/a>","tag_info":"Pol\u00edtica","comment_count":"0","_links":{"self":[{"href":"https:\/\/noticiasbahia360.com.br\/index.php?rest_route=\/wp\/v2\/posts\/85424","targetHints":{"allow":["GET"]}}],"collection":[{"href":"https:\/\/noticiasbahia360.com.br\/index.php?rest_route=\/wp\/v2\/posts"}],"about":[{"href":"https:\/\/noticiasbahia360.com.br\/index.php?rest_route=\/wp\/v2\/types\/post"}],"author":[{"embeddable":true,"href":"https:\/\/noticiasbahia360.com.br\/index.php?rest_route=\/wp\/v2\/users\/1"}],"replies":[{"embeddable":true,"href":"https:\/\/noticiasbahia360.com.br\/index.php?rest_route=%2Fwp%2Fv2%2Fcomments&post=85424"}],"version-history":[{"count":0,"href":"https:\/\/noticiasbahia360.com.br\/index.php?rest_route=\/wp\/v2\/posts\/85424\/revisions"}],"wp:featuredmedia":[{"embeddable":true,"href":"https:\/\/noticiasbahia360.com.br\/index.php?rest_route=\/wp\/v2\/media\/85425"}],"wp:attachment":[{"href":"https:\/\/noticiasbahia360.com.br\/index.php?rest_route=%2Fwp%2Fv2%2Fmedia&parent=85424"}],"wp:term":[{"taxonomy":"category","embeddable":true,"href":"https:\/\/noticiasbahia360.com.br\/index.php?rest_route=%2Fwp%2Fv2%2Fcategories&post=85424"},{"taxonomy":"post_tag","embeddable":true,"href":"https:\/\/noticiasbahia360.com.br\/index.php?rest_route=%2Fwp%2Fv2%2Ftags&post=85424"}],"curies":[{"name":"wp","href":"https:\/\/api.w.org\/{rel}","templated":true}]}}