{"id":85427,"date":"2025-05-08T12:36:38","date_gmt":"2025-05-08T15:36:38","guid":{"rendered":"https:\/\/noticiasbahia360.com.br\/?p=85427"},"modified":"2025-05-08T12:36:38","modified_gmt":"2025-05-08T15:36:38","slug":"feira-de-santana-mulher-morre-apos-cair-de-moto-e-ser-atingida-por-carreta-na-br-324","status":"publish","type":"post","link":"https:\/\/noticiasbahia360.com.br\/?p=85427","title":{"rendered":"Feira de Santana: mulher morre ap\u00f3s cair de moto e ser atingida por carreta na BR-324"},"content":{"rendered":"<div>\n<div>\n<figure><img decoding=\"async\" src=\"http:\/\/noticiasbahia360.com.br\/wp-content\/uploads\/2025\/05\/mulher-morre-cair-moto-br-324-foto-ney-silva-acorda-cidade.jpg\" alt=\"mulher morre\"><figcaption>Foto: Ney Silva \/ Acorda Cidade <\/figcaption><\/figure>\n<\/div>\n<p>Uma mulher morreu na manh\u00e3 desta quinta-feira (8) ap\u00f3s ser atingida por uma carreta na BR-324 em Feira de Santana. <strong>A v\u00edtima, identificada como Marizete Almeida Vit\u00f3ria, de 51 anos, estava na garupa de uma motocicleta e foi atingida ap\u00f3s cair do ve\u00edculo.<\/strong><\/p>\n<p>Segundo apura\u00e7\u00e3o da reportagem do Acorda Cidade, o fato ocorreu por volta das 11h, pr\u00f3ximo ao viaduto do Anel de Contorno, conhecido como Portal do Sert\u00e3o. Marizete teria se desequilibrado e ca\u00eddo da moto no momento em que o condutor realizava uma manobra entre duas carretas. O motociclista n\u00e3o quis falar com a reportagem.<\/p>\n<p>Arlindo Batista, motorista de uma das carretas, disse em entrevista ao Acorda Cidade que o fato ocorreu de forma muito r\u00e1pida e que n\u00e3o teve como realizar uma manobra para evitar o acidente, pois o motociclista estava em um ponto cego, \u00e1rea do espelho retrovisor em que o motorista n\u00e3o consegue identificar outro ve\u00edculo ou pessoa.<\/p>\n<figure class=\"wp-block-image size-large\"><img fetchpriority=\"high\" data-dominant-color=\"9c8798\" data-has-transparency=\"false\" style=\"--dominant-color: #9c8798;\" fetchpriority=\"high\" decoding=\"async\" width=\"1024\" height=\"768\" sizes=\"(max-width: 1024px) 100vw, 1024px\" src=\"http:\/\/noticiasbahia360.com.br\/wp-content\/uploads\/2025\/05\/kUsoxrB1-arlindo-batista-motorista-carreta-mulher-morre-cair-moto-br-324-foto-ney-silva-acorda-cidade-1024x768-1.webp\" alt=\"Mulher morre\" class=\"wp-image-551098 not-transparent\" srcset=\"https:\/\/uploads.acordacidade.com.br\/2025\/05\/kUsoxrB1-arlindo-batista-motorista-carreta-mulher-morre-cair-moto-br-324-foto-ney-silva-acorda-cidade-300x225.webp 300w, http:\/\/noticiasbahia360.com.br\/wp-content\/uploads\/2025\/05\/kUsoxrB1-arlindo-batista-motorista-carreta-mulher-morre-cair-moto-br-324-foto-ney-silva-acorda-cidade-1024x768-1.webp 1024w, https:\/\/uploads.acordacidade.com.br\/2025\/05\/kUsoxrB1-arlindo-batista-motorista-carreta-mulher-morre-cair-moto-br-324-foto-ney-silva-acorda-cidade-768x576.webp 768w, https:\/\/uploads.acordacidade.com.br\/2025\/05\/kUsoxrB1-arlindo-batista-motorista-carreta-mulher-morre-cair-moto-br-324-foto-ney-silva-acorda-cidade-150x113.webp 150w, https:\/\/uploads.acordacidade.com.br\/2025\/05\/kUsoxrB1-arlindo-batista-motorista-carreta-mulher-morre-cair-moto-br-324-foto-ney-silva-acorda-cidade.webp 1200w\"><figcaption class=\"wp-element-caption\">Arlindo Batista, motorista de uma das carretas envolvidas no acidente | Foto: Ney Silva \/ Acorda Cidade <\/figcaption><\/figure>\n<p>\u201cEu s\u00f3 ouvi o tombo e as pessoas gritando para parar. Quando parei, j\u00e1 estava feito o problema. Disseram que ele [o motociclista] veio pela contram\u00e3o. A gente estava entrando aqui e ele resolveu passar direto entre uma carreta e outra, bateu nesta daqui e jogou [a mulher] debaixo da minha, disse o motorista, afirmando que estava voltando do Porto de Aratu.<\/p>\n<div class=\"wp-block-group\">\n<div class=\"wp-block-group__inner-container is-layout-constrained wp-block-group-is-layout-constrained\">\n<p><em>Com informa\u00e7\u00f5es do rep\u00f3rter Ney Silva do Acorda Cidade <\/em><\/p>\n<p><em>Reportagem escrita pelo estagi\u00e1rio de jornalismo Jefferson Ara\u00fajo sob supervis\u00e3o <\/em><\/p>\n<p><em>Siga o Acorda Cidade no<\/em><a href=\"https:\/\/news.google.com\/search?q=acorda%20cidade&amp;hl=pt-BR&amp;gl=BR&amp;ceid=BR%3Apt-419\"><strong><em>\u00a0Google Not\u00edcias<\/em><\/strong><\/a><em>\u00a0e receba os principais destaques do dia. Participe tamb\u00e9m dos nossos canais no\u00a0<\/em><a href=\"https:\/\/www.whatsapp.com\/channel\/0029Va6Rb4v3WHTNnsh8WI3N\"><strong><em>WhatsApp<\/em><\/strong><\/a><em>\u00a0e\u00a0<\/em><a href=\"https:\/\/www.youtube.com\/@acordacidadenoticias\/videos\"><strong>YouTube<\/strong><\/a><em>\u00a0e do grupo no\u00a0<\/em><a href=\"https:\/\/t.me\/+sSz0khrgARA0ZmRh\"><strong><em>Telegram<\/em><\/strong><\/a><\/p>\n<\/div>\n<\/div>\n<\/div>\n","protected":false},"excerpt":{"rendered":"<div>\n<div>\n<figure><img decoding=\"async\" src=\"https:\/\/uploads.acordacidade.com.br\/2025\/05\/mulher-morre-cair-moto-br-324-foto-ney-silva-acorda-cidade.jpg\" alt=\"mulher morre\"><figcaption>Foto: Ney Silva \/ Acorda Cidade <\/figcaption><\/figure>\n<\/div>\n<p>A v\u00edtima, identificada como Marizete Almeida Vit\u00f3ria, de 51 anos, estava na garupa de uma motocicleta e foi atingida ap\u00f3s cair do ve\u00edculo.<\/p><\/div>\n","protected":false},"author":1,"featured_media":85428,"comment_status":"closed","ping_status":"closed","sticky":false,"template":"","format":"gallery","meta":{"footnotes":""},"categories":[8,9,6,57,56,10],"tags":[],"class_list":["post-85427","post","type-post","status-publish","format-gallery","has-post-thumbnail","hentry","category-bahia","category-brasil","category-feira-de-santana","category-mundo","category-policia","category-politica","post_format-post-format-gallery"],"featured_image_urls":{"full":["https:\/\/noticiasbahia360.com.br\/wp-content\/uploads\/2025\/05\/mulher-morre-cair-moto-br-324-foto-ney-silva-acorda-cidade.jpg",1200,900,false],"thumbnail":["https:\/\/noticiasbahia360.com.br\/wp-content\/uploads\/2025\/05\/mulher-morre-cair-moto-br-324-foto-ney-silva-acorda-cidade-150x150.jpg",150,150,true],"medium":["https:\/\/noticiasbahia360.com.br\/wp-content\/uploads\/2025\/05\/mulher-morre-cair-moto-br-324-foto-ney-silva-acorda-cidade-300x225.jpg",300,225,true],"medium_large":["https:\/\/noticiasbahia360.com.br\/wp-content\/uploads\/2025\/05\/mulher-morre-cair-moto-br-324-foto-ney-silva-acorda-cidade-768x576.jpg",640,480,true],"large":["https:\/\/noticiasbahia360.com.br\/wp-content\/uploads\/2025\/05\/mulher-morre-cair-moto-br-324-foto-ney-silva-acorda-cidade-1024x768.jpg",640,480,true],"1536x1536":["https:\/\/noticiasbahia360.com.br\/wp-content\/uploads\/2025\/05\/mulher-morre-cair-moto-br-324-foto-ney-silva-acorda-cidade.jpg",1200,900,false],"2048x2048":["https:\/\/noticiasbahia360.com.br\/wp-content\/uploads\/2025\/05\/mulher-morre-cair-moto-br-324-foto-ney-silva-acorda-cidade.jpg",1200,900,false],"chromenews-featured":["https:\/\/noticiasbahia360.com.br\/wp-content\/uploads\/2025\/05\/mulher-morre-cair-moto-br-324-foto-ney-silva-acorda-cidade-1024x768.jpg",1024,768,true],"chromenews-large":["https:\/\/noticiasbahia360.com.br\/wp-content\/uploads\/2025\/05\/mulher-morre-cair-moto-br-324-foto-ney-silva-acorda-cidade-825x575.jpg",825,575,true],"chromenews-medium":["https:\/\/noticiasbahia360.com.br\/wp-content\/uploads\/2025\/05\/mulher-morre-cair-moto-br-324-foto-ney-silva-acorda-cidade-590x410.jpg",590,410,true]},"author_info":{"display_name":"noticiasbahia360.com.br","author_link":"https:\/\/noticiasbahia360.com.br\/?author=1"},"category_info":"<a href=\"https:\/\/noticiasbahia360.com.br\/?cat=8\" rel=\"category\">Bahia<\/a> <a href=\"https:\/\/noticiasbahia360.com.br\/?cat=9\" rel=\"category\">Brasil<\/a> <a href=\"https:\/\/noticiasbahia360.com.br\/?cat=6\" rel=\"category\">Feira de Santana<\/a> <a href=\"https:\/\/noticiasbahia360.com.br\/?cat=57\" rel=\"category\">Mundo<\/a> <a href=\"https:\/\/noticiasbahia360.com.br\/?cat=56\" rel=\"category\">Pol\u00edcia<\/a> <a href=\"https:\/\/noticiasbahia360.com.br\/?cat=10\" rel=\"category\">Pol\u00edtica<\/a>","tag_info":"Pol\u00edtica","comment_count":"0","_links":{"self":[{"href":"https:\/\/noticiasbahia360.com.br\/index.php?rest_route=\/wp\/v2\/posts\/85427","targetHints":{"allow":["GET"]}}],"collection":[{"href":"https:\/\/noticiasbahia360.com.br\/index.php?rest_route=\/wp\/v2\/posts"}],"about":[{"href":"https:\/\/noticiasbahia360.com.br\/index.php?rest_route=\/wp\/v2\/types\/post"}],"author":[{"embeddable":true,"href":"https:\/\/noticiasbahia360.com.br\/index.php?rest_route=\/wp\/v2\/users\/1"}],"replies":[{"embeddable":true,"href":"https:\/\/noticiasbahia360.com.br\/index.php?rest_route=%2Fwp%2Fv2%2Fcomments&post=85427"}],"version-history":[{"count":0,"href":"https:\/\/noticiasbahia360.com.br\/index.php?rest_route=\/wp\/v2\/posts\/85427\/revisions"}],"wp:featuredmedia":[{"embeddable":true,"href":"https:\/\/noticiasbahia360.com.br\/index.php?rest_route=\/wp\/v2\/media\/85428"}],"wp:attachment":[{"href":"https:\/\/noticiasbahia360.com.br\/index.php?rest_route=%2Fwp%2Fv2%2Fmedia&parent=85427"}],"wp:term":[{"taxonomy":"category","embeddable":true,"href":"https:\/\/noticiasbahia360.com.br\/index.php?rest_route=%2Fwp%2Fv2%2Fcategories&post=85427"},{"taxonomy":"post_tag","embeddable":true,"href":"https:\/\/noticiasbahia360.com.br\/index.php?rest_route=%2Fwp%2Fv2%2Ftags&post=85427"}],"curies":[{"name":"wp","href":"https:\/\/api.w.org\/{rel}","templated":true}]}}