{"id":85430,"date":"2025-05-08T12:40:40","date_gmt":"2025-05-08T15:40:40","guid":{"rendered":"https:\/\/noticiasbahia360.com.br\/?p=85430"},"modified":"2025-05-08T12:40:40","modified_gmt":"2025-05-08T15:40:40","slug":"pms-sao-presos-na-bahia-acusados-de-tortura-coacao-e-ameaca-a-testemunhas","status":"publish","type":"post","link":"https:\/\/noticiasbahia360.com.br\/?p=85430","title":{"rendered":"PMs s\u00e3o presos na Bahia acusados de tortura, coa\u00e7\u00e3o e amea\u00e7a a testemunhas"},"content":{"rendered":"<div>\n<div>\n<figure><img decoding=\"async\" src=\"http:\/\/noticiasbahia360.com.br\/wp-content\/uploads\/2025\/05\/PMs-sao-presos-na-Bahia-acusados-de-tortura-coacao-e-ameaca-a-testemunhas-.jpg\" alt=\"PMs s\u00e3o presos na Bahia acusados de tortura, coa\u00e7\u00e3o e amea\u00e7a a testemunhas\"><figcaption>Foto: Fl\u00e1via Vieira | Ascom SSP<\/p>\n<\/figcaption><\/figure>\n<\/div>\n<p>Cinco policiais militares investigados por crime de tortura em dilig\u00eancia policial foram alvos nesta quinta-feira (8), da \u2018Opera\u00e7\u00e3o Reditus Ad Legem\u2019, deflagrada pela Secretaria da Seguran\u00e7a P\u00fablica (<a href=\"https:\/\/www.acordacidade.com.br\/tag\/ssp\/\">SSP<\/a>) e pela <a href=\"https:\/\/www.acordacidade.com.br\/tag\/policia-militar\/\">Pol\u00edcia Militar<\/a>, na regi\u00e3o Sul do estado.<\/p>\n<p>Foram cumpridos quatro mandados de busca e pris\u00e3o tempor\u00e1ria contra os militares que tamb\u00e9m s\u00e3o investigados por suposta coa\u00e7\u00e3o e amea\u00e7a de testemunhas. Eles foram encaminhados para o Batalh\u00e3o de Pol\u00edcia de Choque.<\/p>\n<figure class=\"wp-block-image size-large\"><img fetchpriority=\"high\" data-dominant-color=\"626f78\" data-has-transparency=\"false\" style=\"--dominant-color: #626f78;\" fetchpriority=\"high\" decoding=\"async\" width=\"1024\" height=\"912\" sizes=\"(max-width: 1024px) 100vw, 1024px\" src=\"http:\/\/noticiasbahia360.com.br\/wp-content\/uploads\/2025\/05\/fzNs36ag-PMs-sao-presos-na-Bahia-acusados-de-tortura-coacao-e-ameaca-a-testemunhas-1-1024x912-1.webp\" alt=\"PMs s\u00e3o presos na Bahia acusados de tortura, coa\u00e7\u00e3o e amea\u00e7a a testemunhas\" class=\"wp-image-551094 not-transparent\" srcset=\"https:\/\/uploads.acordacidade.com.br\/2025\/05\/fzNs36ag-PMs-sao-presos-na-Bahia-acusados-de-tortura-coacao-e-ameaca-a-testemunhas-1-300x267.webp 300w, http:\/\/noticiasbahia360.com.br\/wp-content\/uploads\/2025\/05\/fzNs36ag-PMs-sao-presos-na-Bahia-acusados-de-tortura-coacao-e-ameaca-a-testemunhas-1-1024x912-1.webp 1024w, https:\/\/uploads.acordacidade.com.br\/2025\/05\/fzNs36ag-PMs-sao-presos-na-Bahia-acusados-de-tortura-coacao-e-ameaca-a-testemunhas-1-768x684.webp 768w, https:\/\/uploads.acordacidade.com.br\/2025\/05\/fzNs36ag-PMs-sao-presos-na-Bahia-acusados-de-tortura-coacao-e-ameaca-a-testemunhas-1-150x134.webp 150w, https:\/\/uploads.acordacidade.com.br\/2025\/05\/fzNs36ag-PMs-sao-presos-na-Bahia-acusados-de-tortura-coacao-e-ameaca-a-testemunhas-1.webp 1200w\"><figcaption class=\"wp-element-caption\">Foto: Fl\u00e1via Vieira | Ascom SSP<\/figcaption><\/figure>\n<p>A a\u00e7\u00e3o integrada por equipes da Corregedoria da Pol\u00edcia Militar (Correg), com apoio da For\u00e7a Correcional Especial Integrada (Force) aconteceu nas cidades de <a href=\"https:\/\/www.acordacidade.com.br\/tag\/ilheus\/\">Ilh\u00e9us<\/a>, <a href=\"https:\/\/www.acordacidade.com.br\/tag\/itabuna\/\">Itabuna <\/a>e Buerarema.<\/p>\n<p><em>Siga o Acorda Cidade no<\/em><a href=\"https:\/\/news.google.com\/search?q=acorda%20cidade&amp;hl=pt-BR&amp;gl=BR&amp;ceid=BR%3Apt-419\"><strong><em>\u00a0Google Not\u00edcias<\/em><\/strong><\/a><em>\u00a0e receba os principais destaques do dia. Participe tamb\u00e9m dos nossos canais no\u00a0<\/em><a href=\"https:\/\/www.whatsapp.com\/channel\/0029Va6Rb4v3WHTNnsh8WI3N\"><strong><em>WhatsApp<\/em><\/strong><\/a><em>\u00a0e\u00a0<\/em><a href=\"https:\/\/www.youtube.com\/@acordacidadenoticias\/videos\"><strong>YouTube<\/strong><\/a><em>\u00a0e do grupo no\u00a0<\/em><a href=\"https:\/\/t.me\/+sSz0khrgARA0ZmRh\"><strong><em>Telegram<\/em><\/strong><\/a><\/p>\n<\/div>\n","protected":false},"excerpt":{"rendered":"<div>\n<div>\n<figure><img decoding=\"async\" src=\"https:\/\/uploads.acordacidade.com.br\/2025\/05\/PMs-sao-presos-na-Bahia-acusados-de-tortura-coacao-e-ameaca-a-testemunhas-.jpg\" alt=\"PMs s\u00e3o presos na Bahia acusados de tortura, coa\u00e7\u00e3o e amea\u00e7a a testemunhas\"><figcaption>Foto: Fl\u00e1via Vieira | Ascom SSP<\/p>\n<\/figcaption><\/figure>\n<\/div>\n<p>Eles foram encaminhados para o Batalh\u00e3o de Pol\u00edcia de Choque.<\/p><\/div>\n","protected":false},"author":1,"featured_media":85431,"comment_status":"closed","ping_status":"closed","sticky":false,"template":"","format":"gallery","meta":{"footnotes":""},"categories":[8,9,6,57,56,10],"tags":[],"class_list":["post-85430","post","type-post","status-publish","format-gallery","has-post-thumbnail","hentry","category-bahia","category-brasil","category-feira-de-santana","category-mundo","category-policia","category-politica","post_format-post-format-gallery"],"featured_image_urls":{"full":["https:\/\/noticiasbahia360.com.br\/wp-content\/uploads\/2025\/05\/PMs-sao-presos-na-Bahia-acusados-de-tortura-coacao-e-ameaca-a-testemunhas-.jpg",1200,900,false],"thumbnail":["https:\/\/noticiasbahia360.com.br\/wp-content\/uploads\/2025\/05\/PMs-sao-presos-na-Bahia-acusados-de-tortura-coacao-e-ameaca-a-testemunhas--150x150.jpg",150,150,true],"medium":["https:\/\/noticiasbahia360.com.br\/wp-content\/uploads\/2025\/05\/PMs-sao-presos-na-Bahia-acusados-de-tortura-coacao-e-ameaca-a-testemunhas--300x225.jpg",300,225,true],"medium_large":["https:\/\/noticiasbahia360.com.br\/wp-content\/uploads\/2025\/05\/PMs-sao-presos-na-Bahia-acusados-de-tortura-coacao-e-ameaca-a-testemunhas--768x576.jpg",640,480,true],"large":["https:\/\/noticiasbahia360.com.br\/wp-content\/uploads\/2025\/05\/PMs-sao-presos-na-Bahia-acusados-de-tortura-coacao-e-ameaca-a-testemunhas--1024x768.jpg",640,480,true],"1536x1536":["https:\/\/noticiasbahia360.com.br\/wp-content\/uploads\/2025\/05\/PMs-sao-presos-na-Bahia-acusados-de-tortura-coacao-e-ameaca-a-testemunhas-.jpg",1200,900,false],"2048x2048":["https:\/\/noticiasbahia360.com.br\/wp-content\/uploads\/2025\/05\/PMs-sao-presos-na-Bahia-acusados-de-tortura-coacao-e-ameaca-a-testemunhas-.jpg",1200,900,false],"chromenews-featured":["https:\/\/noticiasbahia360.com.br\/wp-content\/uploads\/2025\/05\/PMs-sao-presos-na-Bahia-acusados-de-tortura-coacao-e-ameaca-a-testemunhas--1024x768.jpg",1024,768,true],"chromenews-large":["https:\/\/noticiasbahia360.com.br\/wp-content\/uploads\/2025\/05\/PMs-sao-presos-na-Bahia-acusados-de-tortura-coacao-e-ameaca-a-testemunhas--825x575.jpg",825,575,true],"chromenews-medium":["https:\/\/noticiasbahia360.com.br\/wp-content\/uploads\/2025\/05\/PMs-sao-presos-na-Bahia-acusados-de-tortura-coacao-e-ameaca-a-testemunhas--590x410.jpg",590,410,true]},"author_info":{"display_name":"noticiasbahia360.com.br","author_link":"https:\/\/noticiasbahia360.com.br\/?author=1"},"category_info":"<a href=\"https:\/\/noticiasbahia360.com.br\/?cat=8\" rel=\"category\">Bahia<\/a> <a href=\"https:\/\/noticiasbahia360.com.br\/?cat=9\" rel=\"category\">Brasil<\/a> <a href=\"https:\/\/noticiasbahia360.com.br\/?cat=6\" rel=\"category\">Feira de Santana<\/a> <a href=\"https:\/\/noticiasbahia360.com.br\/?cat=57\" rel=\"category\">Mundo<\/a> <a href=\"https:\/\/noticiasbahia360.com.br\/?cat=56\" rel=\"category\">Pol\u00edcia<\/a> <a href=\"https:\/\/noticiasbahia360.com.br\/?cat=10\" rel=\"category\">Pol\u00edtica<\/a>","tag_info":"Pol\u00edtica","comment_count":"0","_links":{"self":[{"href":"https:\/\/noticiasbahia360.com.br\/index.php?rest_route=\/wp\/v2\/posts\/85430","targetHints":{"allow":["GET"]}}],"collection":[{"href":"https:\/\/noticiasbahia360.com.br\/index.php?rest_route=\/wp\/v2\/posts"}],"about":[{"href":"https:\/\/noticiasbahia360.com.br\/index.php?rest_route=\/wp\/v2\/types\/post"}],"author":[{"embeddable":true,"href":"https:\/\/noticiasbahia360.com.br\/index.php?rest_route=\/wp\/v2\/users\/1"}],"replies":[{"embeddable":true,"href":"https:\/\/noticiasbahia360.com.br\/index.php?rest_route=%2Fwp%2Fv2%2Fcomments&post=85430"}],"version-history":[{"count":0,"href":"https:\/\/noticiasbahia360.com.br\/index.php?rest_route=\/wp\/v2\/posts\/85430\/revisions"}],"wp:featuredmedia":[{"embeddable":true,"href":"https:\/\/noticiasbahia360.com.br\/index.php?rest_route=\/wp\/v2\/media\/85431"}],"wp:attachment":[{"href":"https:\/\/noticiasbahia360.com.br\/index.php?rest_route=%2Fwp%2Fv2%2Fmedia&parent=85430"}],"wp:term":[{"taxonomy":"category","embeddable":true,"href":"https:\/\/noticiasbahia360.com.br\/index.php?rest_route=%2Fwp%2Fv2%2Fcategories&post=85430"},{"taxonomy":"post_tag","embeddable":true,"href":"https:\/\/noticiasbahia360.com.br\/index.php?rest_route=%2Fwp%2Fv2%2Ftags&post=85430"}],"curies":[{"name":"wp","href":"https:\/\/api.w.org\/{rel}","templated":true}]}} 