{"id":85433,"date":"2025-05-08T13:03:55","date_gmt":"2025-05-08T16:03:55","guid":{"rendered":"https:\/\/noticiasbahia360.com.br\/?p=85433"},"modified":"2025-05-08T13:03:55","modified_gmt":"2025-05-08T16:03:55","slug":"dois-homens-morrem-em-confronto-com-a-policia-durante-operacao-contra-organizacao-criminosa-em-salvador","status":"publish","type":"post","link":"https:\/\/noticiasbahia360.com.br\/?p=85433","title":{"rendered":"Dois homens morrem em confronto com a pol\u00edcia durante opera\u00e7\u00e3o contra organiza\u00e7\u00e3o criminosa em Salvador"},"content":{"rendered":"<div>\n<div>\n<figure><img decoding=\"async\" src=\"http:\/\/noticiasbahia360.com.br\/wp-content\/uploads\/2025\/05\/Dois-homens-morrem-em-confronto-com-a-policia-durante-operacao-contra-organizacao-criminosa-em-Salvador.jpg\" alt=\"Dois homens morrem em confronto com a pol\u00edcia durante opera\u00e7\u00e3o contra organiza\u00e7\u00e3o criminosa em Salvador\"><figcaption>Foto: Tony Silva \/ Ascom-PCBA<\/figcaption><\/figure>\n<\/div>\n<p>Duas lideran\u00e7as e mais sete integrantes de uma organiza\u00e7\u00e3o criminosa da Bahia, respons\u00e1vel por <a href=\"https:\/\/www.acordacidade.com.br\/tag\/homicidios-2\/\">homic\u00eddios<\/a>, tr\u00e1fico de drogas e extors\u00e3o mediante sequestro foram alcan\u00e7adas pela Opera\u00e7\u00e3o Bahamas, deflagrada pela <a href=\"https:\/\/www.acordacidade.com.br\/tag\/policia-civil\/\">Pol\u00edcia Civil<\/a> por meio do Departamento Especializado de Investiga\u00e7\u00f5es Criminais (Deic), nesta quinta-feira (8). As a\u00e7\u00f5es acontecem em Salvador, Regi\u00e3o Metropolitana (RMS), <a href=\"https:\/\/www.acordacidade.com.br\/tag\/feira-de-santana\/\">Feira de Santana<\/a> e nos estados de S\u00e3o Paulo e Minas Gerais.<\/p>\n<p>Dois respons\u00e1veis pelo sequestro de um argentino e um baiano, ocorrido em janeiro deste ano, na regi\u00e3o de Praia do Forte, foram localizados por equipes da Pol\u00edcia Civil. <strong>Tamb\u00e9m l\u00edder de uma organiza\u00e7\u00e3o criminosa da RMS e vinculado a uma quadrilha do Rio de Janeiro, Jean Rocha dos Santos, o \u201cCafet\u00e3o\u201d ou \u201cArist\u00f3teles\u201d, foi localizado por policiais civis no bairro de Vila Laura, quando entrou em confronto, foi atingido, socorrido pelas equipes, mas n\u00e3o resistiu.<\/strong><\/p>\n<p><strong>O segundo envolvido no sequestro na RMS e gerente do tr\u00e1fico de drogas na regi\u00e3o de Brotas, Henrique Concei\u00e7\u00e3o Santos, o \u201cTartaruga\u201d ou \u201cIt\u00e1lia\u201d, tamb\u00e9m resistiu \u00e0 pris\u00e3o e entrou em confronto com os policiais civis, no bairro de Canabrava<\/strong>. Ele foi ferido, socorrido e tamb\u00e9m n\u00e3o resistiu. Uma mulher, respons\u00e1vel pela conta que recebia as transfer\u00eancias dos valores da extors\u00e3o, via pix, tamb\u00e9m teve o mandado de pris\u00e3o cumprido durante a opera\u00e7\u00e3o.<\/p>\n<figure class=\"wp-block-image size-large\"><img fetchpriority=\"high\" data-dominant-color=\"746f60\" data-has-transparency=\"false\" style=\"--dominant-color: #746f60;\" fetchpriority=\"high\" decoding=\"async\" width=\"1024\" height=\"576\" sizes=\"(max-width: 1024px) 100vw, 1024px\" src=\"http:\/\/noticiasbahia360.com.br\/wp-content\/uploads\/2025\/05\/dA28oeRc-Dois-homens-morrem-em-confronto-com-a-policia-durante-operacao-contra-organizacao-criminosa1-1024x576-1.webp\" alt=\"Dois homens morrem em confronto com a pol\u00edcia durante opera\u00e7\u00e3o contra organiza\u00e7\u00e3o criminosa em Salvador\" class=\"wp-image-551112 not-transparent\" srcset=\"https:\/\/uploads.acordacidade.com.br\/2025\/05\/dA28oeRc-Dois-homens-morrem-em-confronto-com-a-policia-durante-operacao-contra-organizacao-criminosa1-300x169.webp 300w, http:\/\/noticiasbahia360.com.br\/wp-content\/uploads\/2025\/05\/dA28oeRc-Dois-homens-morrem-em-confronto-com-a-policia-durante-operacao-contra-organizacao-criminosa1-1024x576-1.webp 1024w, https:\/\/uploads.acordacidade.com.br\/2025\/05\/dA28oeRc-Dois-homens-morrem-em-confronto-com-a-policia-durante-operacao-contra-organizacao-criminosa1-768x432.webp 768w, https:\/\/uploads.acordacidade.com.br\/2025\/05\/dA28oeRc-Dois-homens-morrem-em-confronto-com-a-policia-durante-operacao-contra-organizacao-criminosa1-150x84.webp 150w, https:\/\/uploads.acordacidade.com.br\/2025\/05\/dA28oeRc-Dois-homens-morrem-em-confronto-com-a-policia-durante-operacao-contra-organizacao-criminosa1.webp 1200w\"><figcaption class=\"wp-element-caption\">Foto: Tony Silva \/ Ascom-PCBA<\/figcaption><\/figure>\n<p>Al\u00e9m dos dez mandados de pris\u00e3o, 26 de busca e apreens\u00e3o tamb\u00e9m foram cumpridos pelas pol\u00edcias civis de S\u00e3o Paulo e Minas Gerais. Foram apreendidas uma pistola, rev\u00f3lver, carregadores, muni\u00e7\u00f5es de fuzil, por\u00e7\u00f5es de maconha e crack, durante a opera\u00e7\u00e3o que acontece em Salvador, nos bairros de Canabrava, Parque Bela Vista, Brotas, Vila Laura, Pernambu\u00e9s, al\u00e9m de Praia do Forte, Cama\u00e7ari, Lauro de Freitas e Feira de Santana.<\/p>\n<p>Equipes do Departamento de Pol\u00edcia T\u00e9cnica (DPT) realizam na base de formaliza\u00e7\u00e3o, no Complexo de Departamentos da Pol\u00edcia Civil, em Itapu\u00e3, as per\u00edcias de constata\u00e7\u00e3o de entorpecentes, de les\u00f5es corporais dos custodiados e o confronto de impress\u00f5es digitais de um dos presos.<\/p>\n<p>As a\u00e7\u00f5es seguem em andamento em diversos pontos da capital e RMS e s\u00e3o integradas pelos Departamentos de Repress\u00e3o e Combate \u00e0 Corrup\u00e7\u00e3o, ao Crime Organizado e \u00e0 Lavagem de Dinheiro (Draco), de Homic\u00eddios e Prote\u00e7\u00e3o \u00e0 Pessoa (DHPP), de Pol\u00edcia Metropolitana (Depom), Especializado de Investiga\u00e7\u00e3o e Repress\u00e3o ao Narcotr\u00e1fico (Denarc), al\u00e9m das Coordena\u00e7\u00f5es de Opera\u00e7\u00f5es de Pol\u00edcia Judici\u00e1ria (COPJ), de Opera\u00e7\u00f5es e Recursos Especiais (Core) e de Pol\u00edcia Interestadual (Polinter).<\/p>\n<figure class=\"wp-block-image size-large\"><img data-dominant-color=\"655b58\" data-has-transparency=\"false\" style=\"--dominant-color: #655b58;\" decoding=\"async\" width=\"1024\" height=\"768\" sizes=\"(max-width: 1024px) 100vw, 1024px\" src=\"http:\/\/noticiasbahia360.com.br\/wp-content\/uploads\/2025\/05\/1T06CyG6-Dois-homens-morrem-em-confronto-com-a-policia-durante-operacao-contra-organizacao-criminosa-1024x768-1.webp\" alt=\"Dois homens morrem em confronto com a pol\u00edcia durante opera\u00e7\u00e3o contra organiza\u00e7\u00e3o criminosa em Salvador\" class=\"wp-image-551111 not-transparent\" srcset=\"https:\/\/uploads.acordacidade.com.br\/2025\/05\/1T06CyG6-Dois-homens-morrem-em-confronto-com-a-policia-durante-operacao-contra-organizacao-criminosa-300x225.webp 300w, http:\/\/noticiasbahia360.com.br\/wp-content\/uploads\/2025\/05\/1T06CyG6-Dois-homens-morrem-em-confronto-com-a-policia-durante-operacao-contra-organizacao-criminosa-1024x768-1.webp 1024w, https:\/\/uploads.acordacidade.com.br\/2025\/05\/1T06CyG6-Dois-homens-morrem-em-confronto-com-a-policia-durante-operacao-contra-organizacao-criminosa-768x576.webp 768w, https:\/\/uploads.acordacidade.com.br\/2025\/05\/1T06CyG6-Dois-homens-morrem-em-confronto-com-a-policia-durante-operacao-contra-organizacao-criminosa-150x113.webp 150w, https:\/\/uploads.acordacidade.com.br\/2025\/05\/1T06CyG6-Dois-homens-morrem-em-confronto-com-a-policia-durante-operacao-contra-organizacao-criminosa.webp 1200w\"><figcaption class=\"wp-element-caption\">Foto: Tony Silva \/ Ascom-PCBA<\/figcaption><\/figure>\n<p>Em S\u00e3o Paulo, a Pol\u00edcia Civil realiza as a\u00e7\u00f5es por meio das equipes do Departamento de Opera\u00e7\u00f5es Policiais Estrat\u00e9gicas (Dope). Em Minas Gerais, a Coordenadoria de Opera\u00e7\u00f5es Estrat\u00e9gicas (COE), tamb\u00e9m cumpriu um mandado de pris\u00e3o e de busca e apreens\u00e3o.<\/p>\n<p><em>Siga o Acorda Cidade no<\/em><a href=\"https:\/\/news.google.com\/search?q=acorda%20cidade&amp;hl=pt-BR&amp;gl=BR&amp;ceid=BR%3Apt-419\"><strong><em>\u00a0Google Not\u00edcias<\/em><\/strong><\/a><em>\u00a0e receba os principais destaques do dia. Participe tamb\u00e9m dos nossos canais no\u00a0<\/em><a href=\"https:\/\/www.whatsapp.com\/channel\/0029Va6Rb4v3WHTNnsh8WI3N\"><strong><em>WhatsApp<\/em><\/strong><\/a><em>\u00a0e\u00a0<\/em><a href=\"https:\/\/www.youtube.com\/@acordacidadenoticias\/videos\"><strong>YouTube<\/strong><\/a><em>\u00a0e do grupo no\u00a0<\/em><a href=\"https:\/\/t.me\/+sSz0khrgARA0ZmRh\"><strong><em>Telegram<\/em><\/strong><\/a><\/p>\n<\/div>\n","protected":false},"excerpt":{"rendered":"<div>\n<div>\n<figure><img decoding=\"async\" src=\"https:\/\/uploads.acordacidade.com.br\/2025\/05\/Dois-homens-morrem-em-confronto-com-a-policia-durante-operacao-contra-organizacao-criminosa-em-Salvador.jpg\" alt=\"Dois homens morrem em confronto com a pol\u00edcia durante opera\u00e7\u00e3o contra organiza\u00e7\u00e3o criminosa em Salvador\"><figcaption>Foto: Tony Silva \/ Ascom-PCBA<\/figcaption><\/figure>\n<\/div>\n<p>Mais sete pessoas tiveram mandados de pris\u00e3o cumpridos pela Pol\u00edcia Civil. Armas, muni\u00e7\u00f5es e drogas tamb\u00e9m foram apreendidas<\/p><\/div>\n","protected":false},"author":1,"featured_media":85434,"comment_status":"closed","ping_status":"closed","sticky":false,"template":"","format":"gallery","meta":{"footnotes":""},"categories":[8,9,6,57,56,10],"tags":[],"class_list":["post-85433","post","type-post","status-publish","format-gallery","has-post-thumbnail","hentry","category-bahia","category-brasil","category-feira-de-santana","category-mundo","category-policia","category-politica","post_format-post-format-gallery"],"featured_image_urls":{"full":["https:\/\/noticiasbahia360.com.br\/wp-content\/uploads\/2025\/05\/Dois-homens-morrem-em-confronto-com-a-policia-durante-operacao-contra-organizacao-criminosa-em-Salvador.jpg",1200,900,false],"thumbnail":["https:\/\/noticiasbahia360.com.br\/wp-content\/uploads\/2025\/05\/Dois-homens-morrem-em-confronto-com-a-policia-durante-operacao-contra-organizacao-criminosa-em-Salvador-150x150.jpg",150,150,true],"medium":["https:\/\/noticiasbahia360.com.br\/wp-content\/uploads\/2025\/05\/Dois-homens-morrem-em-confronto-com-a-policia-durante-operacao-contra-organizacao-criminosa-em-Salvador-300x225.jpg",300,225,true],"medium_large":["https:\/\/noticiasbahia360.com.br\/wp-content\/uploads\/2025\/05\/Dois-homens-morrem-em-confronto-com-a-policia-durante-operacao-contra-organizacao-criminosa-em-Salvador-768x576.jpg",640,480,true],"large":["https:\/\/noticiasbahia360.com.br\/wp-content\/uploads\/2025\/05\/Dois-homens-morrem-em-confronto-com-a-policia-durante-operacao-contra-organizacao-criminosa-em-Salvador-1024x768.jpg",640,480,true],"1536x1536":["https:\/\/noticiasbahia360.com.br\/wp-content\/uploads\/2025\/05\/Dois-homens-morrem-em-confronto-com-a-policia-durante-operacao-contra-organizacao-criminosa-em-Salvador.jpg",1200,900,false],"2048x2048":["https:\/\/noticiasbahia360.com.br\/wp-content\/uploads\/2025\/05\/Dois-homens-morrem-em-confronto-com-a-policia-durante-operacao-contra-organizacao-criminosa-em-Salvador.jpg",1200,900,false],"chromenews-featured":["https:\/\/noticiasbahia360.com.br\/wp-content\/uploads\/2025\/05\/Dois-homens-morrem-em-confronto-com-a-policia-durante-operacao-contra-organizacao-criminosa-em-Salvador-1024x768.jpg",1024,768,true],"chromenews-large":["https:\/\/noticiasbahia360.com.br\/wp-content\/uploads\/2025\/05\/Dois-homens-morrem-em-confronto-com-a-policia-durante-operacao-contra-organizacao-criminosa-em-Salvador-825x575.jpg",825,575,true],"chromenews-medium":["https:\/\/noticiasbahia360.com.br\/wp-content\/uploads\/2025\/05\/Dois-homens-morrem-em-confronto-com-a-policia-durante-operacao-contra-organizacao-criminosa-em-Salvador-590x410.jpg",590,410,true]},"author_info":{"display_name":"noticiasbahia360.com.br","author_link":"https:\/\/noticiasbahia360.com.br\/?author=1"},"category_info":"<a href=\"https:\/\/noticiasbahia360.com.br\/?cat=8\" rel=\"category\">Bahia<\/a> <a href=\"https:\/\/noticiasbahia360.com.br\/?cat=9\" rel=\"category\">Brasil<\/a> <a href=\"https:\/\/noticiasbahia360.com.br\/?cat=6\" rel=\"category\">Feira de Santana<\/a> <a href=\"https:\/\/noticiasbahia360.com.br\/?cat=57\" rel=\"category\">Mundo<\/a> <a href=\"https:\/\/noticiasbahia360.com.br\/?cat=56\" rel=\"category\">Pol\u00edcia<\/a> <a href=\"https:\/\/noticiasbahia360.com.br\/?cat=10\" rel=\"category\">Pol\u00edtica<\/a>","tag_info":"Pol\u00edtica","comment_count":"0","_links":{"self":[{"href":"https:\/\/noticiasbahia360.com.br\/index.php?rest_route=\/wp\/v2\/posts\/85433","targetHints":{"allow":["GET"]}}],"collection":[{"href":"https:\/\/noticiasbahia360.com.br\/index.php?rest_route=\/wp\/v2\/posts"}],"about":[{"href":"https:\/\/noticiasbahia360.com.br\/index.php?rest_route=\/wp\/v2\/types\/post"}],"author":[{"embeddable":true,"href":"https:\/\/noticiasbahia360.com.br\/index.php?rest_route=\/wp\/v2\/users\/1"}],"replies":[{"embeddable":true,"href":"https:\/\/noticiasbahia360.com.br\/index.php?rest_route=%2Fwp%2Fv2%2Fcomments&post=85433"}],"version-history":[{"count":0,"href":"https:\/\/noticiasbahia360.com.br\/index.php?rest_route=\/wp\/v2\/posts\/85433\/revisions"}],"wp:featuredmedia":[{"embeddable":true,"href":"https:\/\/noticiasbahia360.com.br\/index.php?rest_route=\/wp\/v2\/media\/85434"}],"wp:attachment":[{"href":"https:\/\/noticiasbahia360.com.br\/index.php?rest_route=%2Fwp%2Fv2%2Fmedia&parent=85433"}],"wp:term":[{"taxonomy":"category","embeddable":true,"href":"https:\/\/noticiasbahia360.com.br\/index.php?rest_route=%2Fwp%2Fv2%2Fcategories&post=85433"},{"taxonomy":"post_tag","embeddable":true,"href":"https:\/\/noticiasbahia360.com.br\/index.php?rest_route=%2Fwp%2Fv2%2Ftags&post=85433"}],"curies":[{"name":"wp","href":"https:\/\/api.w.org\/{rel}","templated":true}]}} 