{"id":85437,"date":"2025-05-08T13:10:00","date_gmt":"2025-05-08T16:10:00","guid":{"rendered":"https:\/\/noticiasbahia360.com.br\/?p=85437"},"modified":"2025-05-08T13:10:00","modified_gmt":"2025-05-08T16:10:00","slug":"psicologa-cobra-da-prefeitura-politicas-publicas-para-saude-mental-materna","status":"publish","type":"post","link":"https:\/\/noticiasbahia360.com.br\/?p=85437","title":{"rendered":"Psic\u00f3loga cobra da Prefeitura pol\u00edticas p\u00fablicas para sa\u00fade mental materna"},"content":{"rendered":"<div>\n<div>\n<figure><img decoding=\"async\" src=\"http:\/\/noticiasbahia360.com.br\/wp-content\/uploads\/2025\/05\/Psicologa-cobra-da-Prefeitura-politicas-publicas-para-saude-mental-materna.jpg\" alt=\"Psic\u00f3loga cobra da Prefeitura pol\u00edticas p\u00fablicas para sa\u00fade mental materna\"><figcaption>Foto: Ascom\/C\u00e2mara<\/figcaption><\/figure>\n<\/div>\n<p>Necessidade \u201curgente\u201d, a cria\u00e7\u00e3o de pol\u00edticas p\u00fablicas voltadas \u00e0 preven\u00e7\u00e3o, tratamento e o acompanhamento da sa\u00fade mental materna n\u00e3o est\u00e1 tendo em <a href=\"https:\/\/www.acordacidade.com.br\/feira-de-santana\/\">Feira de Santana<\/a>. A observa\u00e7\u00e3o \u00e9 da psic\u00f3loga Rafaela Ferreira Alves, representante da Uni\u00e3o de Mulheres de Combate \u00e0 Depress\u00e3o P\u00f3s-parto, que falou sobre o tema na Tribuna Livre da <a href=\"https:\/\/www.acordacidade.com.br\/tag\/camara-municipal\/\">C\u00e2mara<\/a>, nesta quinta (8). Ela apelou, ao Governo Municipal, que cumpra o estabelecido na campanha Maio Furta-cor, criada pelo Legislativo atrav\u00e9s de projeto de lei, que incentiva a realiza\u00e7\u00e3o de a\u00e7\u00f5es de conscientiza\u00e7\u00e3o, ao longo do m\u00eas.<\/p>\n<p>Rafaela chamou a aten\u00e7\u00e3o para dados da Organiza\u00e7\u00e3o Mundial da Sa\u00fade (<a href=\"https:\/\/www.acordacidade.com.br\/tag\/oms\/\">OMS<\/a>), alertando que, de cada quatro mulheres, uma sofre de depress\u00e3o p\u00f3s-parto e viol\u00eancia obst\u00e9trica. Situa\u00e7\u00e3o que exige dedica\u00e7\u00e3o por parte das autoridades quanto \u00e0 promo\u00e7\u00e3o de cuidados, defendeu. A profissional, que tem se esfor\u00e7ado desde 2023 na realiza\u00e7\u00e3o de a\u00e7\u00f5es relacionadas \u00e0 campanha, informou que sua dedica\u00e7\u00e3o ao tema se d\u00e1 por compreender que a sa\u00fade mental destas mulheres impacta significativamente em toda a fam\u00edlia, inclusive refletindo no desenvolvimento de crian\u00e7as e adolescentes.<\/p>\n<p>\u201cNossa proposta \u00e9 que, atrav\u00e9s de uma maior dissemina\u00e7\u00e3o de informa\u00e7\u00f5es, se cuide das fam\u00edlias, prevenindo assim agravos e adoecimentos psicopatol\u00f3gicos s\u00e9rios\u201d, indicou. Por outro lado, h\u00e1 um gasto de recursos com tratamento de doen\u00e7as na \u00e1rea que poderia ser evitado se houvesse forte investimento em preven\u00e7\u00e3o.<\/p>\n<h2 class=\"wp-block-heading\" id=\"h-pesquisa\">Pesquisa <\/h2>\n<p>Realizada em 2022, a primeira pesquisa a respeito de custos em <a href=\"https:\/\/www.acordacidade.com.br\/tag\/transtornos-mentais\/\">transtornos mentais<\/a> perinatais no Brasil, apontou que o investimento em cuidados com o adoecimento de mulheres consumiu aproximadamente R$ 26 bilh\u00f5es, destacou a psic\u00f3loga. \u201cPortanto, pensar em pol\u00edticas p\u00fablicas de preven\u00e7\u00e3o e usar espa\u00e7os como este do Legislativo para debater tais quest\u00f5es tem custo muito menor\u201d, avaliou. \u00c9 que o adoecimento de sa\u00fade mental materna tira as mulheres do mercado de trabalho e impacta a economia das fam\u00edlias.<\/p>\n<p>Al\u00e9m disto, explicou Rafaela Ferreira, a doen\u00e7a gera uma outra problem\u00e1tica: a vulnerabilidade social e econ\u00f4mica daquela estrutura familiar. A profissional advertiu, ainda, que a sa\u00fade mental materna n\u00e3o se trata apenas de depress\u00e3o p\u00f3s-parto. Compreende tamb\u00e9m transtorno de ansiedade e a psicose puerperal, altera\u00e7\u00f5es que s\u00e3o comuns no per\u00edodo perinatal.<\/p>\n<p>No entanto, observou ela, se n\u00e3o se fala do assunto, acaba ficando estigmatizado e pode assustar as fam\u00edlias, levando-as ao ambiente de desconhecimento. \u201cQue aqui em Feira, a gente pense em a\u00e7\u00f5es que atendam estas mulheres, visando diminuir tanto os impactos econ\u00f4micos, quanto os que ocorrem na fam\u00edlia\u201d, prop\u00f4s, ressaltando que falar de sa\u00fade mental materna \u00e9 tratar de qualidade de vida e preven\u00e7\u00e3o como um todo.<\/p>\n<p><em>Siga o Acorda Cidade no<\/em><a href=\"https:\/\/news.google.com\/search?q=acorda%20cidade&amp;hl=pt-BR&amp;gl=BR&amp;ceid=BR%3Apt-419\"><strong><em>\u00a0Google Not\u00edcias<\/em><\/strong><\/a><em>\u00a0e receba os principais destaques do dia. Participe tamb\u00e9m dos nossos canais no\u00a0<\/em><a href=\"https:\/\/whatsapp.com\/channel\/0029Va6Rb4v3WHTNnsh8WI3N\"><strong><em>WhatsApp<\/em><\/strong><\/a><em>\u00a0e\u00a0<\/em><a href=\"https:\/\/www.youtube.com\/channel\/UCcilesQyglDNU5DQt2cCMGQ\"><strong>Youtube<\/strong><\/a><em>\u00a0e grupo de\u00a0<\/em><a href=\"https:\/\/t.me\/+sSz0khrgARA0ZmRh\"><strong><em>Telegram<\/em><\/strong><\/a><em>.<\/em><\/p>\n<\/div>\n","protected":false},"excerpt":{"rendered":"<div>\n<div>\n<figure><img decoding=\"async\" src=\"https:\/\/uploads.acordacidade.com.br\/2025\/05\/Psicologa-cobra-da-Prefeitura-politicas-publicas-para-saude-mental-materna.jpg\" alt=\"Psic\u00f3loga cobra da Prefeitura pol\u00edticas p\u00fablicas para sa\u00fade mental materna\"><figcaption>Foto: Ascom\/C\u00e2mara<\/figcaption><\/figure>\n<\/div>\n<p>Ela chamou a aten\u00e7\u00e3o para dados da OMS, alertando que, de cada quatro mulheres, uma sofre de depress\u00e3o p\u00f3s-parto e viol\u00eancia obst\u00e9trica.<\/p><\/div>\n","protected":false},"author":1,"featured_media":85438,"comment_status":"closed","ping_status":"closed","sticky":false,"template":"","format":"gallery","meta":{"footnotes":""},"categories":[8,9,6,57,56,10],"tags":[],"class_list":["post-85437","post","type-post","status-publish","format-gallery","has-post-thumbnail","hentry","category-bahia","category-brasil","category-feira-de-santana","category-mundo","category-policia","category-politica","post_format-post-format-gallery"],"featured_image_urls":{"full":["https:\/\/noticiasbahia360.com.br\/wp-content\/uploads\/2025\/05\/Psicologa-cobra-da-Prefeitura-politicas-publicas-para-saude-mental-materna.jpg",1200,863,false],"thumbnail":["https:\/\/noticiasbahia360.com.br\/wp-content\/uploads\/2025\/05\/Psicologa-cobra-da-Prefeitura-politicas-publicas-para-saude-mental-materna-150x150.jpg",150,150,true],"medium":["https:\/\/noticiasbahia360.com.br\/wp-content\/uploads\/2025\/05\/Psicologa-cobra-da-Prefeitura-politicas-publicas-para-saude-mental-materna-300x216.jpg",300,216,true],"medium_large":["https:\/\/noticiasbahia360.com.br\/wp-content\/uploads\/2025\/05\/Psicologa-cobra-da-Prefeitura-politicas-publicas-para-saude-mental-materna-768x552.jpg",640,460,true],"large":["https:\/\/noticiasbahia360.com.br\/wp-content\/uploads\/2025\/05\/Psicologa-cobra-da-Prefeitura-politicas-publicas-para-saude-mental-materna-1024x736.jpg",640,460,true],"1536x1536":["https:\/\/noticiasbahia360.com.br\/wp-content\/uploads\/2025\/05\/Psicologa-cobra-da-Prefeitura-politicas-publicas-para-saude-mental-materna.jpg",1200,863,false],"2048x2048":["https:\/\/noticiasbahia360.com.br\/wp-content\/uploads\/2025\/05\/Psicologa-cobra-da-Prefeitura-politicas-publicas-para-saude-mental-materna.jpg",1200,863,false],"chromenews-featured":["https:\/\/noticiasbahia360.com.br\/wp-content\/uploads\/2025\/05\/Psicologa-cobra-da-Prefeitura-politicas-publicas-para-saude-mental-materna-1024x736.jpg",1024,736,true],"chromenews-large":["https:\/\/noticiasbahia360.com.br\/wp-content\/uploads\/2025\/05\/Psicologa-cobra-da-Prefeitura-politicas-publicas-para-saude-mental-materna-825x575.jpg",825,575,true],"chromenews-medium":["https:\/\/noticiasbahia360.com.br\/wp-content\/uploads\/2025\/05\/Psicologa-cobra-da-Prefeitura-politicas-publicas-para-saude-mental-materna-590x410.jpg",590,410,true]},"author_info":{"display_name":"noticiasbahia360.com.br","author_link":"https:\/\/noticiasbahia360.com.br\/?author=1"},"category_info":"<a href=\"https:\/\/noticiasbahia360.com.br\/?cat=8\" rel=\"category\">Bahia<\/a> <a href=\"https:\/\/noticiasbahia360.com.br\/?cat=9\" rel=\"category\">Brasil<\/a> <a href=\"https:\/\/noticiasbahia360.com.br\/?cat=6\" rel=\"category\">Feira de Santana<\/a> <a href=\"https:\/\/noticiasbahia360.com.br\/?cat=57\" rel=\"category\">Mundo<\/a> <a href=\"https:\/\/noticiasbahia360.com.br\/?cat=56\" rel=\"category\">Pol\u00edcia<\/a> <a href=\"https:\/\/noticiasbahia360.com.br\/?cat=10\" rel=\"category\">Pol\u00edtica<\/a>","tag_info":"Pol\u00edtica","comment_count":"0","_links":{"self":[{"href":"https:\/\/noticiasbahia360.com.br\/index.php?rest_route=\/wp\/v2\/posts\/85437","targetHints":{"allow":["GET"]}}],"collection":[{"href":"https:\/\/noticiasbahia360.com.br\/index.php?rest_route=\/wp\/v2\/posts"}],"about":[{"href":"https:\/\/noticiasbahia360.com.br\/index.php?rest_route=\/wp\/v2\/types\/post"}],"author":[{"embeddable":true,"href":"https:\/\/noticiasbahia360.com.br\/index.php?rest_route=\/wp\/v2\/users\/1"}],"replies":[{"embeddable":true,"href":"https:\/\/noticiasbahia360.com.br\/index.php?rest_route=%2Fwp%2Fv2%2Fcomments&post=85437"}],"version-history":[{"count":0,"href":"https:\/\/noticiasbahia360.com.br\/index.php?rest_route=\/wp\/v2\/posts\/85437\/revisions"}],"wp:featuredmedia":[{"embeddable":true,"href":"https:\/\/noticiasbahia360.com.br\/index.php?rest_route=\/wp\/v2\/media\/85438"}],"wp:attachment":[{"href":"https:\/\/noticiasbahia360.com.br\/index.php?rest_route=%2Fwp%2Fv2%2Fmedia&parent=85437"}],"wp:term":[{"taxonomy":"category","embeddable":true,"href":"https:\/\/noticiasbahia360.com.br\/index.php?rest_route=%2Fwp%2Fv2%2Fcategories&post=85437"},{"taxonomy":"post_tag","embeddable":true,"href":"https:\/\/noticiasbahia360.com.br\/index.php?rest_route=%2Fwp%2Fv2%2Ftags&post=85437"}],"curies":[{"name":"wp","href":"https:\/\/api.w.org\/{rel}","templated":true}]}}