{"id":85441,"date":"2025-05-08T14:33:13","date_gmt":"2025-05-08T17:33:13","guid":{"rendered":"https:\/\/noticiasbahia360.com.br\/?p=85441"},"modified":"2025-05-08T14:33:13","modified_gmt":"2025-05-08T17:33:13","slug":"habemus-papam-fumaca-branca-sai-da-chamine-da-capela-sistina-e-novo-papa-e-escolhido","status":"publish","type":"post","link":"https:\/\/noticiasbahia360.com.br\/?p=85441","title":{"rendered":"Habemus Papam: fuma\u00e7a branca sai da chamin\u00e9 da Capela Sistina e novo papa \u00e9 escolhido"},"content":{"rendered":"<div>\n<div>\n<figure><img decoding=\"async\" src=\"http:\/\/noticiasbahia360.com.br\/wp-content\/uploads\/2025\/05\/funcaa-branda-novo-papa-e-eleito-1.jpg\" alt=\"fuma\u00e7a branca novo papa \u00e9 eleito\"><figcaption>Foto: Reprodu\u00e7\u00e3o<\/figcaption><\/figure>\n<\/div>\n<p>A Igreja Cat\u00f3lica tem um novo papa. A fuma\u00e7a branca foi expelida pela chamin\u00e9 da Capela Sistina, no Vaticano, nesta quinta-feira (8), mostrando que cardeais reunidos no conclave elegeram o novo l\u00edder da Igreja Cat\u00f3lica.<\/p>\n<p>\u201cHamebus Papam\u201d, disse o Vaticano logo ap\u00f3s a fuma\u00e7a.<\/p>\n<p>Os sinos da Capela Sistina tamb\u00e9m tocaram, indicando que os 133 cardeais que estavam confinados desde a manh\u00e3 de quarta-feira (7) escolheram o cardeal que vai substituir o papa Francisco.<\/p>\n<p>O cardeal eleito ainda n\u00e3o havia sido revelado at\u00e9 a \u00faltima atualiza\u00e7\u00e3o desta reportagem pelo Vaticano, mas o an\u00fancio de \u201chabemus papam\u201d ser\u00e1 feito ainda nesta quinta \u2014 nos dois \u00faltimos conclaves, em 2005 e 2013, os an\u00fancios demoraram entre 1h e 2h ap\u00f3s o sinal.<\/p>\n<h2 class=\"wp-block-heading\" id=\"h-veja-o-video\">Veja o v\u00eddeo <\/h2>\n<figure class=\"wp-block-embed is-type-video is-provider-youtube wp-block-embed-youtube wp-embed-aspect-16-9 wp-has-aspect-ratio\">\n<div class=\"wp-block-embed__wrapper\">\n<iframe title=\"Fuma\u00e7a branca - Novo papa \u00e9 eleito\" width=\"500\" height=\"281\" src=\"https:\/\/www.youtube.com\/embed\/kZVfTeCSvLA?feature=oembed\" frameborder=\"0\" allow=\"accelerometer; autoplay; clipboard-write; encrypted-media; gyroscope; picture-in-picture; web-share\" referrerpolicy=\"strict-origin-when-cross-origin\" allowfullscreen><\/iframe>\n<\/div>\n<\/figure>\n<p>A elei\u00e7\u00e3o de um novo pont\u00edfice tamb\u00e9m seguiu a tend\u00eancia das duas elei\u00e7\u00f5es de papa anteriores, em 2005 e 2013, e ocorreu no 2\u00ba dia do conclave. Desta vez, havia a expectativa inicial de que o processo demorasse mais por conta do n\u00famero de cardeais votantes \u2014 133, contra 117 no conclave anterior.<\/p>\n<p>A elei\u00e7\u00e3o do novo pont\u00edfice veio ap\u00f3s uma fuma\u00e7a preta ainda na manh\u00e3 desta quinta-feira e outra na rodada inicial, na quarta-feira (7).<\/p>\n<p>A escolha do novo papa ocorre tamb\u00e9m 17 dias ap\u00f3s a morte de papa Francisco, por conta de um por conta de um AVC e insufici\u00eancia card\u00edaca em sua resid\u00eancia no Vaticano. Embora tenham sido epis\u00f3dios inesperados, ocorreram em um momento de sa\u00fade fr\u00e1gil de Francisco.<\/p>\n<p>Ele havia passado cinco semanas internado para tratar de uma pneumonia.<\/p>\n<p>Em um papado de 12 anos, Francisco promoveu reformas hist\u00f3ricas e aproximou a Igreja de um catolicismo mais pr\u00f3ximo aos fi\u00e9is, que s\u00e3o mais de 1,3 bilh\u00e3o de pessoas pelo mundo mas que v\u00eam diminuindo gradualmente.<\/p>\n<p>A fuma\u00e7a branca tamb\u00e9m encerra oficialmente o chamado per\u00edodo de S\u00e9 Vacante, em que o \u201ctrono\u201d da Igreja Cat\u00f3lica fica sem um l\u00edder entre a morte de um pont\u00edfice e a elei\u00e7\u00e3o do sucessor. Agora, um novo papado se iniciar\u00e1 e indicar\u00e1 se o Vaticano tem a inten\u00e7\u00e3o de seguir, ao menos parcialmente, ou ainda avan\u00e7ar na agenda de Francisco.<\/p>\n<p>Fonte: g1<\/p>\n<p><em>Siga o Acorda Cidade no<\/em><a href=\"https:\/\/news.google.com\/search?q=acorda%20cidade&amp;hl=pt-BR&amp;gl=BR&amp;ceid=BR%3Apt-419\"><strong><em>\u00a0Google Not\u00edcias<\/em><\/strong><\/a><em>\u00a0e receba os principais destaques do dia. Participe tamb\u00e9m dos nossos canais no\u00a0<\/em><a href=\"https:\/\/www.whatsapp.com\/channel\/0029Va6Rb4v3WHTNnsh8WI3N\"><strong><em>WhatsApp<\/em><\/strong><\/a><em>\u00a0e\u00a0<\/em><a href=\"https:\/\/www.youtube.com\/@acordacidadenoticias\/videos\"><strong>YouTube<\/strong><\/a><em>\u00a0e do grupo no\u00a0<\/em><a href=\"https:\/\/t.me\/+sSz0khrgARA0ZmRh\"><strong><em>Telegram<\/em><\/strong><\/a><em>.<\/em><\/p>\n<\/div>\n","protected":false},"excerpt":{"rendered":"<div>\n<div>\n<figure><img decoding=\"async\" src=\"https:\/\/uploads.acordacidade.com.br\/2025\/05\/funcaa-branda-novo-papa-e-eleito.jpg\" alt=\"fuma\u00e7a branca novo papa \u00e9 eleito\"><figcaption>Foto: Reprodu\u00e7\u00e3o<\/figcaption><\/figure>\n<\/div>\n<p>A Igreja Cat\u00f3lica tem um novo papa. A fuma\u00e7a branca foi expelida pela chamin\u00e9 da Capela Sistina, no Vaticano, nesta quinta-feira (8), mostrando que cardeais reunidos no conclave elegeram o novo l\u00edder da Igreja Cat\u00f3lica. \u201cHamebus Papam\u201d, disse o Vaticano logo ap\u00f3s a fuma\u00e7a. Os sinos da Capela Sistina tamb\u00e9m tocaram, indicando que os 133 [\u2026]<\/p><\/div>\n","protected":false},"author":1,"featured_media":85442,"comment_status":"closed","ping_status":"closed","sticky":false,"template":"","format":"gallery","meta":{"footnotes":""},"categories":[8,9,6,57,56,10],"tags":[],"class_list":["post-85441","post","type-post","status-publish","format-gallery","has-post-thumbnail","hentry","category-bahia","category-brasil","category-feira-de-santana","category-mundo","category-policia","category-politica","post_format-post-format-gallery"],"featured_image_urls":{"full":["https:\/\/noticiasbahia360.com.br\/wp-content\/uploads\/2025\/05\/funcaa-branda-novo-papa-e-eleito-1.jpg",1200,609,false],"thumbnail":["https:\/\/noticiasbahia360.com.br\/wp-content\/uploads\/2025\/05\/funcaa-branda-novo-papa-e-eleito-1-150x150.jpg",150,150,true],"medium":["https:\/\/noticiasbahia360.com.br\/wp-content\/uploads\/2025\/05\/funcaa-branda-novo-papa-e-eleito-1-300x152.jpg",300,152,true],"medium_large":["https:\/\/noticiasbahia360.com.br\/wp-content\/uploads\/2025\/05\/funcaa-branda-novo-papa-e-eleito-1-768x390.jpg",640,325,true],"large":["https:\/\/noticiasbahia360.com.br\/wp-content\/uploads\/2025\/05\/funcaa-branda-novo-papa-e-eleito-1-1024x520.jpg",640,325,true],"1536x1536":["https:\/\/noticiasbahia360.com.br\/wp-content\/uploads\/2025\/05\/funcaa-branda-novo-papa-e-eleito-1.jpg",1200,609,false],"2048x2048":["https:\/\/noticiasbahia360.com.br\/wp-content\/uploads\/2025\/05\/funcaa-branda-novo-papa-e-eleito-1.jpg",1200,609,false],"chromenews-featured":["https:\/\/noticiasbahia360.com.br\/wp-content\/uploads\/2025\/05\/funcaa-branda-novo-papa-e-eleito-1-1024x520.jpg",1024,520,true],"chromenews-large":["https:\/\/noticiasbahia360.com.br\/wp-content\/uploads\/2025\/05\/funcaa-branda-novo-papa-e-eleito-1-825x575.jpg",825,575,true],"chromenews-medium":["https:\/\/noticiasbahia360.com.br\/wp-content\/uploads\/2025\/05\/funcaa-branda-novo-papa-e-eleito-1-590x410.jpg",590,410,true]},"author_info":{"display_name":"noticiasbahia360.com.br","author_link":"https:\/\/noticiasbahia360.com.br\/?author=1"},"category_info":"<a href=\"https:\/\/noticiasbahia360.com.br\/?cat=8\" rel=\"category\">Bahia<\/a> <a href=\"https:\/\/noticiasbahia360.com.br\/?cat=9\" rel=\"category\">Brasil<\/a> <a href=\"https:\/\/noticiasbahia360.com.br\/?cat=6\" rel=\"category\">Feira de Santana<\/a> <a href=\"https:\/\/noticiasbahia360.com.br\/?cat=57\" rel=\"category\">Mundo<\/a> <a href=\"https:\/\/noticiasbahia360.com.br\/?cat=56\" rel=\"category\">Pol\u00edcia<\/a> <a href=\"https:\/\/noticiasbahia360.com.br\/?cat=10\" rel=\"category\">Pol\u00edtica<\/a>","tag_info":"Pol\u00edtica","comment_count":"0","_links":{"self":[{"href":"https:\/\/noticiasbahia360.com.br\/index.php?rest_route=\/wp\/v2\/posts\/85441","targetHints":{"allow":["GET"]}}],"collection":[{"href":"https:\/\/noticiasbahia360.com.br\/index.php?rest_route=\/wp\/v2\/posts"}],"about":[{"href":"https:\/\/noticiasbahia360.com.br\/index.php?rest_route=\/wp\/v2\/types\/post"}],"author":[{"embeddable":true,"href":"https:\/\/noticiasbahia360.com.br\/index.php?rest_route=\/wp\/v2\/users\/1"}],"replies":[{"embeddable":true,"href":"https:\/\/noticiasbahia360.com.br\/index.php?rest_route=%2Fwp%2Fv2%2Fcomments&post=85441"}],"version-history":[{"count":0,"href":"https:\/\/noticiasbahia360.com.br\/index.php?rest_route=\/wp\/v2\/posts\/85441\/revisions"}],"wp:featuredmedia":[{"embeddable":true,"href":"https:\/\/noticiasbahia360.com.br\/index.php?rest_route=\/wp\/v2\/media\/85442"}],"wp:attachment":[{"href":"https:\/\/noticiasbahia360.com.br\/index.php?rest_route=%2Fwp%2Fv2%2Fmedia&parent=85441"}],"wp:term":[{"taxonomy":"category","embeddable":true,"href":"https:\/\/noticiasbahia360.com.br\/index.php?rest_route=%2Fwp%2Fv2%2Fcategories&post=85441"},{"taxonomy":"post_tag","embeddable":true,"href":"https:\/\/noticiasbahia360.com.br\/index.php?rest_route=%2Fwp%2Fv2%2Ftags&post=85441"}],"curies":[{"name":"wp","href":"https:\/\/api.w.org\/{rel}","templated":true}]}}