{"id":85445,"date":"2025-05-08T14:33:19","date_gmt":"2025-05-08T17:33:19","guid":{"rendered":"https:\/\/noticiasbahia360.com.br\/?p=85445"},"modified":"2025-05-08T14:33:19","modified_gmt":"2025-05-08T17:33:19","slug":"quem-e-robert-francis-prevost-o-novo-papa-leao-14","status":"publish","type":"post","link":"https:\/\/noticiasbahia360.com.br\/?p=85445","title":{"rendered":"Quem \u00e9 Robert Francis Prevost, o novo papa Le\u00e3o 14"},"content":{"rendered":"<div>\n<div>\n<figure><img decoding=\"async\" src=\"http:\/\/noticiasbahia360.com.br\/wp-content\/uploads\/2025\/05\/Robert-Francis-Prevost-novo-papa.jpg\" alt=\"Robert Francis Prevost novo papa\"><figcaption>Foto: Vatican News<\/figcaption><\/figure>\n<\/div>\n<p>A t\u00e3o esperada <a href=\"https:\/\/www.acordacidade.com.br\/mundo\/habemus-papam-fumaca-branca-sai-da-chamine-da-capela-sistina-e-novo-papa-e-eleito\/\">fuma\u00e7a branca que anuncia a elei\u00e7\u00e3o do novo papa foi expelida nesta quinta-feira (8) da chamin\u00e9 da capela Sistina, no segundo dia de conclave. <\/a>O cardeal Robert Francis Prevost foi eleito pelos colegas e ser\u00e1 conhecido a partir de agora como Le\u00e3o 14.<\/p>\n<p>Ele foi escolhido por pelo menos 89 dos 133 cardeais \u2013 dois ter\u00e7os dos eleitores do conclave \u2013 e ser\u00e1 o sucessor do papa Francisco na C\u00e1tedra de S\u00e3o Pedro.<\/p>\n<h2 class=\"wp-block-heading\" id=\"h-quem-e-o-novo-papa\">Quem \u00e9 o novo papa<\/h2>\n<p>Nascido em Chicago, nos Estados Unidos, Prevost tem 69 anos e se torna o primeiro papa norte-americano da hist\u00f3ria da Igreja. \u00c9 tamb\u00e9m o primeiro pont\u00edfice vindo de um pa\u00eds de maioria protestante.<\/p>\n<p>Apesar da origem norte-americana, Prevost construiu grande parte de sua trajet\u00f3ria religiosa na Am\u00e9rica Latina, especialmente no Peru. Foi l\u00e1 que se destacou at\u00e9 alcan\u00e7ar os cargos mais altos da C\u00faria Romana.<\/p>\n<p>Ao ser eleito, ocupava duas fun\u00e7\u00f5es importantes no Vaticano: prefeito do Dicast\u00e9rio para os Bispos \u2014 \u00f3rg\u00e3o respons\u00e1vel pela nomea\u00e7\u00e3o de bispos \u2014 e presidente da Comiss\u00e3o Pontif\u00edcia para a Am\u00e9rica Latina.<\/p>\n<p>De perfil discreto e voz tranquila, Prevost costuma evitar os holofotes e entrevistas. No entanto, \u00e9 visto como um reformista, alinhado \u00e0 linha de abertura implementada por Francisco. Tem forma\u00e7\u00e3o s\u00f3lida em teologia e \u00e9 considerado um profundo conhecedor da lei can\u00f4nica, que rege a Igreja Cat\u00f3lica.<\/p>\n<p>Entrou para a vida religiosa aos 22 anos. Formou-se em teologia na Uni\u00e3o Teol\u00f3gica Cat\u00f3lica de Chicago e, aos 27, foi enviado a Roma para estudar direito can\u00f4nico na Universidade de S\u00e3o Tom\u00e1s de Aquino.<\/p>\n<p>Foi ordenado padre em 1982 e, dois anos depois, iniciou sua atua\u00e7\u00e3o mission\u00e1ria no Peru \u2014 primeiro em Piura, depois em Trujillo, onde permaneceu por dez anos, inclusive durante o governo autorit\u00e1rio de Alberto Fujimori. Prevost chegou a cobrar desculpas p\u00fablicas pelas injusti\u00e7as cometidas no per\u00edodo.<\/p>\n<p>Em 2014, foi nomeado administrador da Diocese de Chiclayo, cargo em que foi ordenado bispo e permaneceu por nove anos. Nesse per\u00edodo, enfrentou a principal crise de sua trajet\u00f3ria: em 2023, tr\u00eas mulheres acusaram Prevost de acobertar casos de abuso sexual cometidos por dois padres no Peru, quando elas ainda eram crian\u00e7as.<\/p>\n<p>Segundo as den\u00fancias, uma das v\u00edtimas telefonou para Prevost em 2020. Dois anos depois, ele recebeu formalmente os relatos e encaminhou o caso ao Vaticano. Um dos padres foi afastado preventivamente e o outro j\u00e1 n\u00e3o exercia mais fun\u00e7\u00f5es por quest\u00f5es de sa\u00fade. A diocese peruana nega qualquer acobertamento e afirma que Prevost seguiu os tr\u00e2mites exigidos pela legisla\u00e7\u00e3o da Igreja. O Vaticano ainda n\u00e3o concluiu a investiga\u00e7\u00e3o.<\/p>\n<p>Durante sua passagem pelo Peru, Prevost tamb\u00e9m ocupou cargos de destaque na Confer\u00eancia Episcopal local e foi nomeado para a Congrega\u00e7\u00e3o do Clero e, depois, para a Congrega\u00e7\u00e3o para os Bispos. Em 2023, recebeu o t\u00edtulo de cardeal \u2014 fun\u00e7\u00e3o que ocupou por menos de dois anos antes de se tornar papa, algo raro na Igreja moderna.<\/p>\n<p>Durante a interna\u00e7\u00e3o de Francisco, Prevost foi o respons\u00e1vel por liderar uma ora\u00e7\u00e3o p\u00fablica no Vaticano pela sa\u00fade do ent\u00e3o pont\u00edfice.<\/p>\n<p>Fonte: g1<\/p>\n<p><em>Siga o Acorda Cidade no<\/em><a href=\"https:\/\/news.google.com\/search?q=acorda%20cidade&amp;hl=pt-BR&amp;gl=BR&amp;ceid=BR%3Apt-419\"><strong><em>\u00a0Google Not\u00edcias<\/em><\/strong><\/a><em>\u00a0e receba os principais destaques do dia. Participe tamb\u00e9m dos nossos canais no\u00a0<\/em><a href=\"https:\/\/www.whatsapp.com\/channel\/0029Va6Rb4v3WHTNnsh8WI3N\"><strong><em>WhatsApp<\/em><\/strong><\/a><em>\u00a0e\u00a0<\/em><a href=\"https:\/\/www.youtube.com\/@acordacidadenoticias\/videos\"><strong>Youtube<\/strong><\/a><em>\u00a0e grupo de\u00a0<\/em><a href=\"https:\/\/t.me\/+sSz0khrgARA0ZmRh\"><strong><em>Telegram<\/em><\/strong><\/a><em>.<\/em><\/p>\n<\/div>\n","protected":false},"excerpt":{"rendered":"<div>\n<div>\n<figure><img decoding=\"async\" src=\"https:\/\/uploads.acordacidade.com.br\/2025\/05\/Robert-Francis-Prevost-novo-papa.jpg\" alt=\"Robert Francis Prevost novo papa\"><figcaption>Foto: Vatican News<\/figcaption><\/figure>\n<\/div>\n<p>Prevost tem 69 anos, nasceu em Chicago e trabalhou na Am\u00e9rica Latina.<\/p><\/div>\n","protected":false},"author":1,"featured_media":85446,"comment_status":"closed","ping_status":"closed","sticky":false,"template":"","format":"gallery","meta":{"footnotes":""},"categories":[8,9,6,57,56,10],"tags":[],"class_list":["post-85445","post","type-post","status-publish","format-gallery","has-post-thumbnail","hentry","category-bahia","category-brasil","category-feira-de-santana","category-mundo","category-policia","category-politica","post_format-post-format-gallery"],"featured_image_urls":{"full":["https:\/\/noticiasbahia360.com.br\/wp-content\/uploads\/2025\/05\/Robert-Francis-Prevost-novo-papa.jpg",1200,857,false],"thumbnail":["https:\/\/noticiasbahia360.com.br\/wp-content\/uploads\/2025\/05\/Robert-Francis-Prevost-novo-papa-150x150.jpg",150,150,true],"medium":["https:\/\/noticiasbahia360.com.br\/wp-content\/uploads\/2025\/05\/Robert-Francis-Prevost-novo-papa-300x214.jpg",300,214,true],"medium_large":["https:\/\/noticiasbahia360.com.br\/wp-content\/uploads\/2025\/05\/Robert-Francis-Prevost-novo-papa-768x548.jpg",640,457,true],"large":["https:\/\/noticiasbahia360.com.br\/wp-content\/uploads\/2025\/05\/Robert-Francis-Prevost-novo-papa-1024x731.jpg",640,457,true],"1536x1536":["https:\/\/noticiasbahia360.com.br\/wp-content\/uploads\/2025\/05\/Robert-Francis-Prevost-novo-papa.jpg",1200,857,false],"2048x2048":["https:\/\/noticiasbahia360.com.br\/wp-content\/uploads\/2025\/05\/Robert-Francis-Prevost-novo-papa.jpg",1200,857,false],"chromenews-featured":["https:\/\/noticiasbahia360.com.br\/wp-content\/uploads\/2025\/05\/Robert-Francis-Prevost-novo-papa-1024x731.jpg",1024,731,true],"chromenews-large":["https:\/\/noticiasbahia360.com.br\/wp-content\/uploads\/2025\/05\/Robert-Francis-Prevost-novo-papa-825x575.jpg",825,575,true],"chromenews-medium":["https:\/\/noticiasbahia360.com.br\/wp-content\/uploads\/2025\/05\/Robert-Francis-Prevost-novo-papa-590x410.jpg",590,410,true]},"author_info":{"display_name":"noticiasbahia360.com.br","author_link":"https:\/\/noticiasbahia360.com.br\/?author=1"},"category_info":"<a href=\"https:\/\/noticiasbahia360.com.br\/?cat=8\" rel=\"category\">Bahia<\/a> <a href=\"https:\/\/noticiasbahia360.com.br\/?cat=9\" rel=\"category\">Brasil<\/a> <a href=\"https:\/\/noticiasbahia360.com.br\/?cat=6\" rel=\"category\">Feira de Santana<\/a> <a href=\"https:\/\/noticiasbahia360.com.br\/?cat=57\" rel=\"category\">Mundo<\/a> <a href=\"https:\/\/noticiasbahia360.com.br\/?cat=56\" rel=\"category\">Pol\u00edcia<\/a> <a href=\"https:\/\/noticiasbahia360.com.br\/?cat=10\" rel=\"category\">Pol\u00edtica<\/a>","tag_info":"Pol\u00edtica","comment_count":"0","_links":{"self":[{"href":"https:\/\/noticiasbahia360.com.br\/index.php?rest_route=\/wp\/v2\/posts\/85445","targetHints":{"allow":["GET"]}}],"collection":[{"href":"https:\/\/noticiasbahia360.com.br\/index.php?rest_route=\/wp\/v2\/posts"}],"about":[{"href":"https:\/\/noticiasbahia360.com.br\/index.php?rest_route=\/wp\/v2\/types\/post"}],"author":[{"embeddable":true,"href":"https:\/\/noticiasbahia360.com.br\/index.php?rest_route=\/wp\/v2\/users\/1"}],"replies":[{"embeddable":true,"href":"https:\/\/noticiasbahia360.com.br\/index.php?rest_route=%2Fwp%2Fv2%2Fcomments&post=85445"}],"version-history":[{"count":0,"href":"https:\/\/noticiasbahia360.com.br\/index.php?rest_route=\/wp\/v2\/posts\/85445\/revisions"}],"wp:featuredmedia":[{"embeddable":true,"href":"https:\/\/noticiasbahia360.com.br\/index.php?rest_route=\/wp\/v2\/media\/85446"}],"wp:attachment":[{"href":"https:\/\/noticiasbahia360.com.br\/index.php?rest_route=%2Fwp%2Fv2%2Fmedia&parent=85445"}],"wp:term":[{"taxonomy":"category","embeddable":true,"href":"https:\/\/noticiasbahia360.com.br\/index.php?rest_route=%2Fwp%2Fv2%2Fcategories&post=85445"},{"taxonomy":"post_tag","embeddable":true,"href":"https:\/\/noticiasbahia360.com.br\/index.php?rest_route=%2Fwp%2Fv2%2Ftags&post=85445"}],"curies":[{"name":"wp","href":"https:\/\/api.w.org\/{rel}","templated":true}]}}