{"id":85447,"date":"2025-05-08T14:38:27","date_gmt":"2025-05-08T17:38:27","guid":{"rendered":"https:\/\/noticiasbahia360.com.br\/?p=85447"},"modified":"2025-05-08T14:38:27","modified_gmt":"2025-05-08T17:38:27","slug":"especialista-aponta-os-segredos-para-o-sucesso-de-uma-atuacao-empreendedora","status":"publish","type":"post","link":"https:\/\/noticiasbahia360.com.br\/?p=85447","title":{"rendered":"Especialista aponta os segredos para o sucesso de uma atua\u00e7\u00e3o empreendedora"},"content":{"rendered":"<div>\n<div>\n<figure><img decoding=\"async\" src=\"http:\/\/noticiasbahia360.com.br\/wp-content\/uploads\/2025\/05\/team-business-people-stacking-hands-1-640.jpg\" alt=\"neg\u00f3cios freepik gurpo empreendedorismo\"><figcaption>Foto: Freepik<\/figcaption><\/figure>\n<\/div>\n<p>Caracterizado como o processo de iniciativa de implementar novos neg\u00f3cios ou mudan\u00e7as em empresas j\u00e1 existentes, o termo empreendedorismo \u00e9 bastante conhecido no \u00e2mbito empresarial. Seja pela cria\u00e7\u00e3o de empresas ou de produtos novos, o termo est\u00e1 relacionado a inova\u00e7\u00f5es, riscos e identifica\u00e7\u00e3o de oportunidades de neg\u00f3cios.<\/p>\n<p>De acordo com um levantamento do Sebrae com base no Cadastro Nacional de Pessoa Jur\u00eddica (CNPJ), houve um crescimento de 21% no n\u00famero de novos pequenos neg\u00f3cios em 2024. Al\u00e9m disso, tamb\u00e9m tiveram destaque os microempreendedores individuais (MEI), que registraram aumento de 6,7%, em rela\u00e7\u00e3o a 2023. Ainda segundo a pesquisa, o setor de Servi\u00e7os representou mais da metade do volume de novos neg\u00f3cios.\u00a0<\/p>\n<p>No Brasil, existem aproximadamente 90 milh\u00f5es de empreendedores potenciais, segundo a pesquisa Monitor Global de Empreendedorismo 2023, mas a decis\u00e3o de empreender n\u00e3o garante sucesso. Para o economista e professor da Est\u00e1cio Hugo Meza, para entender o comportamento empreendedor, \u00e9 importante diferenciar dois perfis comuns: o empreendedor por necessidade e o empreendedor por voca\u00e7\u00e3o. O empreendedor por necessidade, explica ele, geralmente inicia seu neg\u00f3cio devido a uma falta de op\u00e7\u00f5es no mercado de trabalho, sendo motivado pela busca urgente por uma fonte de renda. J\u00e1 o empreendedor por voca\u00e7\u00e3o decide abrir um neg\u00f3cio por identificar uma oportunidade promissora, movido principalmente por suas habilidades, paix\u00f5es e vis\u00e3o estrat\u00e9gica.<\/p>\n<p>\u201cIndependentemente do perfil, \u00e9 essencial reconhecer que empreender envolve riscos consider\u00e1veis. Esses riscos, por\u00e9m, s\u00e3o compensados pela possibilidade de altos retornos financeiros e crescimento profissional, caso o empreendedor tenha \u00eaxito. Para alcan\u00e7ar esse sucesso, \u00e9 fundamental compreender que empreender \u00e9 uma jornada de consist\u00eancia, marcada por tentativas, erros e, acima de tudo, resili\u00eancia\u201d, diz Meza.<\/p>\n<p>Ele elenca sete passos fundamentais para aumentar as chances dos empreendedores de sucesso para terem \u00eaxito:<\/p>\n<p><strong>Identifica\u00e7\u00e3o de uma oportunidade:<\/strong>\u00a0estar atento \u00e0s demandas do mercado, tend\u00eancias emergentes e lacunas que possam ser preenchidas com produtos ou servi\u00e7os inovadores.<\/p>\n<p><strong>Planejamento estrat\u00e9gico:<\/strong>\u00a0estabelecer metas claras, definir o p\u00fablico-alvo, analisar concorrentes e projetar um modelo de neg\u00f3cios sustent\u00e1vel.<\/p>\n<p><strong>Gest\u00e3o financeira eficiente:<\/strong>\u00a0controlar receitas e despesas, elaborar proje\u00e7\u00f5es financeiras e buscar alternativas de financiamento adequadas.<\/p>\n<p><strong>Capacita\u00e7\u00e3o constante:<\/strong>\u00a0buscar aprendizado cont\u00ednuo sobre gest\u00e3o, marketing, finan\u00e7as e \u00e1reas correlatas para manter-se atualizado e competitivo.<\/p>\n<p><strong>Desenvolvimento de uma rede de contatos:<\/strong>\u00a0construir e manter relacionamentos profissionais que possam abrir portas para parcerias e oportunidades de neg\u00f3cio.<\/p>\n<p><strong>Execu\u00e7\u00e3o disciplinada:<\/strong>\u00a0colocar os planos em pr\u00e1tica com foco, consist\u00eancia e disposi\u00e7\u00e3o para aprender com os erros.<\/p>\n<p><strong>Avalia\u00e7\u00e3o e ajustes:<\/strong>\u00a0monitorar constantemente os resultados e realizar ajustes conforme necess\u00e1rio para otimizar o desempenho do neg\u00f3cio.<\/p>\n<p>Empreender, segundo Meza, exige coragem, vis\u00e3o e resili\u00eancia. \u201cO sucesso n\u00e3o acontece da noite para o dia, mas \u00e9 fruto de dedica\u00e7\u00e3o cont\u00ednua, aprendizado constante e uma boa dose de perseveran\u00e7a\u201d, diz.<\/p>\n<p><em>Siga o Acorda Cidade no<\/em><a href=\"https:\/\/news.google.com\/search?q=acorda%20cidade&amp;hl=pt-BR&amp;gl=BR&amp;ceid=BR%3Apt-419\"><strong><em>\u00a0Google Not\u00edcias<\/em><\/strong><\/a><em>\u00a0e receba os principais destaques do dia. Participe tamb\u00e9m dos nossos canais no\u00a0<\/em><a href=\"https:\/\/www.whatsapp.com\/channel\/0029Va6Rb4v3WHTNnsh8WI3N\"><strong><em>WhatsApp<\/em><\/strong><\/a><em>\u00a0e\u00a0<\/em><a href=\"https:\/\/www.youtube.com\/@acordacidadenoticias\/videos\"><strong>YouTube<\/strong><\/a><em>\u00a0e do grupo no\u00a0<\/em><a href=\"https:\/\/t.me\/+sSz0khrgARA0ZmRh\"><strong><em>Telegram<\/em><\/strong><\/a><\/p>\n<\/div>\n","protected":false},"excerpt":{"rendered":"<div>\n<div>\n<figure><img decoding=\"async\" src=\"https:\/\/uploads.acordacidade.com.br\/wp-content\/uploads\/2022\/09\/13103331\/team-business-people-stacking-hands-1-640.jpg\" alt=\"neg\u00f3cios freepik gurpo empreendedorismo\"><figcaption>Foto: Freepik<\/figcaption><\/figure>\n<\/div>\n<p>De acordo com um levantamento do Sebrae com base CNPJ, houve um crescimento de 21% no n\u00famero de novos pequenos neg\u00f3cios em 2024.<\/p><\/div>\n","protected":false},"author":1,"featured_media":85448,"comment_status":"closed","ping_status":"closed","sticky":false,"template":"","format":"gallery","meta":{"footnotes":""},"categories":[8,9,6,57,56,10],"tags":[],"class_list":["post-85447","post","type-post","status-publish","format-gallery","has-post-thumbnail","hentry","category-bahia","category-brasil","category-feira-de-santana","category-mundo","category-policia","category-politica","post_format-post-format-gallery"],"featured_image_urls":{"full":["https:\/\/noticiasbahia360.com.br\/wp-content\/uploads\/2025\/05\/team-business-people-stacking-hands-1-640.jpg",640,426,false],"thumbnail":["https:\/\/noticiasbahia360.com.br\/wp-content\/uploads\/2025\/05\/team-business-people-stacking-hands-1-640-150x150.jpg",150,150,true],"medium":["https:\/\/noticiasbahia360.com.br\/wp-content\/uploads\/2025\/05\/team-business-people-stacking-hands-1-640-300x200.jpg",300,200,true],"medium_large":["https:\/\/noticiasbahia360.com.br\/wp-content\/uploads\/2025\/05\/team-business-people-stacking-hands-1-640.jpg",640,426,false],"large":["https:\/\/noticiasbahia360.com.br\/wp-content\/uploads\/2025\/05\/team-business-people-stacking-hands-1-640.jpg",640,426,false],"1536x1536":["https:\/\/noticiasbahia360.com.br\/wp-content\/uploads\/2025\/05\/team-business-people-stacking-hands-1-640.jpg",640,426,false],"2048x2048":["https:\/\/noticiasbahia360.com.br\/wp-content\/uploads\/2025\/05\/team-business-people-stacking-hands-1-640.jpg",640,426,false],"chromenews-featured":["https:\/\/noticiasbahia360.com.br\/wp-content\/uploads\/2025\/05\/team-business-people-stacking-hands-1-640.jpg",640,426,false],"chromenews-large":["https:\/\/noticiasbahia360.com.br\/wp-content\/uploads\/2025\/05\/team-business-people-stacking-hands-1-640.jpg",640,426,false],"chromenews-medium":["https:\/\/noticiasbahia360.com.br\/wp-content\/uploads\/2025\/05\/team-business-people-stacking-hands-1-640-590x410.jpg",590,410,true]},"author_info":{"display_name":"noticiasbahia360.com.br","author_link":"https:\/\/noticiasbahia360.com.br\/?author=1"},"category_info":"<a href=\"https:\/\/noticiasbahia360.com.br\/?cat=8\" rel=\"category\">Bahia<\/a> <a href=\"https:\/\/noticiasbahia360.com.br\/?cat=9\" rel=\"category\">Brasil<\/a> <a href=\"https:\/\/noticiasbahia360.com.br\/?cat=6\" rel=\"category\">Feira de Santana<\/a> <a href=\"https:\/\/noticiasbahia360.com.br\/?cat=57\" rel=\"category\">Mundo<\/a> <a href=\"https:\/\/noticiasbahia360.com.br\/?cat=56\" rel=\"category\">Pol\u00edcia<\/a> <a href=\"https:\/\/noticiasbahia360.com.br\/?cat=10\" rel=\"category\">Pol\u00edtica<\/a>","tag_info":"Pol\u00edtica","comment_count":"0","_links":{"self":[{"href":"https:\/\/noticiasbahia360.com.br\/index.php?rest_route=\/wp\/v2\/posts\/85447","targetHints":{"allow":["GET"]}}],"collection":[{"href":"https:\/\/noticiasbahia360.com.br\/index.php?rest_route=\/wp\/v2\/posts"}],"about":[{"href":"https:\/\/noticiasbahia360.com.br\/index.php?rest_route=\/wp\/v2\/types\/post"}],"author":[{"embeddable":true,"href":"https:\/\/noticiasbahia360.com.br\/index.php?rest_route=\/wp\/v2\/users\/1"}],"replies":[{"embeddable":true,"href":"https:\/\/noticiasbahia360.com.br\/index.php?rest_route=%2Fwp%2Fv2%2Fcomments&post=85447"}],"version-history":[{"count":0,"href":"https:\/\/noticiasbahia360.com.br\/index.php?rest_route=\/wp\/v2\/posts\/85447\/revisions"}],"wp:featuredmedia":[{"embeddable":true,"href":"https:\/\/noticiasbahia360.com.br\/index.php?rest_route=\/wp\/v2\/media\/85448"}],"wp:attachment":[{"href":"https:\/\/noticiasbahia360.com.br\/index.php?rest_route=%2Fwp%2Fv2%2Fmedia&parent=85447"}],"wp:term":[{"taxonomy":"category","embeddable":true,"href":"https:\/\/noticiasbahia360.com.br\/index.php?rest_route=%2Fwp%2Fv2%2Fcategories&post=85447"},{"taxonomy":"post_tag","embeddable":true,"href":"https:\/\/noticiasbahia360.com.br\/index.php?rest_route=%2Fwp%2Fv2%2Ftags&post=85447"}],"curies":[{"name":"wp","href":"https:\/\/api.w.org\/{rel}","templated":true}]}}