{"id":85449,"date":"2025-05-08T14:48:07","date_gmt":"2025-05-08T17:48:07","guid":{"rendered":"https:\/\/noticiasbahia360.com.br\/?p=85449"},"modified":"2025-05-08T14:48:07","modified_gmt":"2025-05-08T17:48:07","slug":"inss-bloqueia-novos-descontos-de-emprestimo-consignado-a-pensionistas","status":"publish","type":"post","link":"https:\/\/noticiasbahia360.com.br\/?p=85449","title":{"rendered":"INSS bloqueia novos descontos de empr\u00e9stimo consignado a pensionistas"},"content":{"rendered":"<div>\n<div>\n<figure><img decoding=\"async\" src=\"http:\/\/noticiasbahia360.com.br\/wp-content\/uploads\/2025\/05\/INSS-foto-Rafa-Neddermeyer-Agencia-Brasil-aposentados.jpg\" alt=\"INSS\"><figcaption>Foto:  Rafa Neddermeyer \/Ag\u00eancia Brasil <\/figcaption><\/figure>\n<\/div>\n<p>Ag\u00eancia Brasil \u2013 O Instituto Nacional do Seguro Social (INSS) determinou, nesta quinta-feira (8), o imediato bloqueio de novas autoriza\u00e7\u00f5es para descontos de empr\u00e9stimos consignados para aposentados e pensionistas.<\/p>\n<p>O bloqueio foi determinado pelo presidente do instituto, Gilberto Waller Junior, em um despacho publicado no Di\u00e1rio Oficial da Uni\u00e3o.<\/p>\n<p>\u201cDetermino o bloqueio dos benef\u00edcios para averba\u00e7\u00e3o de novos descontos de empr\u00e9stimo consignado, para todos os segurados do Instituto Nacional do Seguro Social, independente da data de concess\u00e3o do benef\u00edcio\u201d, ordena Waller.<\/p>\n<p>O descontos poder\u00e3o ser desbloqueados pelo pr\u00f3prio benefici\u00e1rio, de acordo com os servi\u00e7os disponibilizados pelo INSS.<\/p>\n<p>No pr\u00f3prio despacho, o presidente da autarquia admite que a suspens\u00e3o atende a determina\u00e7\u00f5es do Tribunal de Contas da Uni\u00e3o (TCU), que bloqueou descontos diretamente dos benef\u00edcios previdenci\u00e1rios, em favor de associa\u00e7\u00f5es e entidades sindicais, ap\u00f3s a Opera\u00e7\u00e3o Sem Desconto, deflagrada no fim do m\u00eas passado.<\/p>\n<h2 class=\"wp-block-heading\" id=\"h-entenda\">Entenda<\/h2>\n<p>No \u00faltimo dia 23 de abril, a Pol\u00edcia Federal e a Controladoria-Geral da Uni\u00e3o deflagraram a Opera\u00e7\u00e3o Sem Desconto, que investigou um esquema de descontos n\u00e3o autorizados em aposentadorias e pens\u00f5es, da ordem de R$ 6,3 bilh\u00f5es.<\/p>\n<p>O caso resultou na demiss\u00e3o do ent\u00e3o ministro da Previd\u00eancia Carlos Lupi, na exonera\u00e7\u00e3o do ent\u00e3o presidente do instituto Alessandro Stefanutto, e no afastamento de quatro dirigentes da autarquia e de um policial federal lotado em S\u00e3o Paulo.<\/p>\n<p>O INSS est\u00e1 elaborando um Plano de Ressarcimento Excepcional para as v\u00edtimas dos descontos n\u00e3o autorizados.<\/p>\n<p>A Advocacia-Geral da Uni\u00e3o (AGU) criou um grupo especial para recuperar o dinheiro descontado irregularmente.<\/p>\n<p><em>Siga o Acorda Cidade no<\/em><a href=\"https:\/\/news.google.com\/search?q=acorda%20cidade&amp;hl=pt-BR&amp;gl=BR&amp;ceid=BR%3Apt-419\"><strong><em>\u00a0Google Not\u00edcias<\/em><\/strong><\/a><em>\u00a0e receba os principais destaques do dia. Participe tamb\u00e9m dos nossos canais no\u00a0<\/em><a href=\"https:\/\/www.whatsapp.com\/channel\/0029Va6Rb4v3WHTNnsh8WI3N\"><strong><em>WhatsApp<\/em><\/strong><\/a><em>\u00a0e\u00a0<\/em><a href=\"https:\/\/www.youtube.com\/@acordacidadenoticias\/videos\"><strong>YouTube<\/strong><\/a><em>\u00a0e do grupo no\u00a0<\/em><a href=\"https:\/\/t.me\/+sSz0khrgARA0ZmRh\"><strong><em>Telegram<\/em><\/strong><\/a><em>.<\/em><\/p>\n<\/div>\n","protected":false},"excerpt":{"rendered":"<div>\n<div>\n<figure><img decoding=\"async\" src=\"https:\/\/uploads.acordacidade.com.br\/2025\/04\/INSS-foto-Rafa-Neddermeyer-Agencia-Brasil-aposentados.jpg\" alt=\"INSS\"><figcaption>Foto:  Rafa Neddermeyer \/Ag\u00eancia Brasil <\/figcaption><\/figure>\n<\/div>\n<p>Medida foi tomada ap\u00f3s opera\u00e7\u00e3o que identificou descontos ilegais<\/p><\/div>\n","protected":false},"author":1,"featured_media":85450,"comment_status":"closed","ping_status":"closed","sticky":false,"template":"","format":"gallery","meta":{"footnotes":""},"categories":[8,9,6,57,56,10],"tags":[],"class_list":["post-85449","post","type-post","status-publish","format-gallery","has-post-thumbnail","hentry","category-bahia","category-brasil","category-feira-de-santana","category-mundo","category-policia","category-politica","post_format-post-format-gallery"],"featured_image_urls":{"full":["https:\/\/noticiasbahia360.com.br\/wp-content\/uploads\/2025\/05\/INSS-foto-Rafa-Neddermeyer-Agencia-Brasil-aposentados.jpg",1200,718,false],"thumbnail":["https:\/\/noticiasbahia360.com.br\/wp-content\/uploads\/2025\/05\/INSS-foto-Rafa-Neddermeyer-Agencia-Brasil-aposentados-150x150.jpg",150,150,true],"medium":["https:\/\/noticiasbahia360.com.br\/wp-content\/uploads\/2025\/05\/INSS-foto-Rafa-Neddermeyer-Agencia-Brasil-aposentados-300x180.jpg",300,180,true],"medium_large":["https:\/\/noticiasbahia360.com.br\/wp-content\/uploads\/2025\/05\/INSS-foto-Rafa-Neddermeyer-Agencia-Brasil-aposentados-768x460.jpg",640,383,true],"large":["https:\/\/noticiasbahia360.com.br\/wp-content\/uploads\/2025\/05\/INSS-foto-Rafa-Neddermeyer-Agencia-Brasil-aposentados-1024x613.jpg",640,383,true],"1536x1536":["https:\/\/noticiasbahia360.com.br\/wp-content\/uploads\/2025\/05\/INSS-foto-Rafa-Neddermeyer-Agencia-Brasil-aposentados.jpg",1200,718,false],"2048x2048":["https:\/\/noticiasbahia360.com.br\/wp-content\/uploads\/2025\/05\/INSS-foto-Rafa-Neddermeyer-Agencia-Brasil-aposentados.jpg",1200,718,false],"chromenews-featured":["https:\/\/noticiasbahia360.com.br\/wp-content\/uploads\/2025\/05\/INSS-foto-Rafa-Neddermeyer-Agencia-Brasil-aposentados-1024x613.jpg",1024,613,true],"chromenews-large":["https:\/\/noticiasbahia360.com.br\/wp-content\/uploads\/2025\/05\/INSS-foto-Rafa-Neddermeyer-Agencia-Brasil-aposentados-825x575.jpg",825,575,true],"chromenews-medium":["https:\/\/noticiasbahia360.com.br\/wp-content\/uploads\/2025\/05\/INSS-foto-Rafa-Neddermeyer-Agencia-Brasil-aposentados-590x410.jpg",590,410,true]},"author_info":{"display_name":"noticiasbahia360.com.br","author_link":"https:\/\/noticiasbahia360.com.br\/?author=1"},"category_info":"<a href=\"https:\/\/noticiasbahia360.com.br\/?cat=8\" rel=\"category\">Bahia<\/a> <a href=\"https:\/\/noticiasbahia360.com.br\/?cat=9\" rel=\"category\">Brasil<\/a> <a href=\"https:\/\/noticiasbahia360.com.br\/?cat=6\" rel=\"category\">Feira de Santana<\/a> <a href=\"https:\/\/noticiasbahia360.com.br\/?cat=57\" rel=\"category\">Mundo<\/a> <a href=\"https:\/\/noticiasbahia360.com.br\/?cat=56\" rel=\"category\">Pol\u00edcia<\/a> <a href=\"https:\/\/noticiasbahia360.com.br\/?cat=10\" rel=\"category\">Pol\u00edtica<\/a>","tag_info":"Pol\u00edtica","comment_count":"0","_links":{"self":[{"href":"https:\/\/noticiasbahia360.com.br\/index.php?rest_route=\/wp\/v2\/posts\/85449","targetHints":{"allow":["GET"]}}],"collection":[{"href":"https:\/\/noticiasbahia360.com.br\/index.php?rest_route=\/wp\/v2\/posts"}],"about":[{"href":"https:\/\/noticiasbahia360.com.br\/index.php?rest_route=\/wp\/v2\/types\/post"}],"author":[{"embeddable":true,"href":"https:\/\/noticiasbahia360.com.br\/index.php?rest_route=\/wp\/v2\/users\/1"}],"replies":[{"embeddable":true,"href":"https:\/\/noticiasbahia360.com.br\/index.php?rest_route=%2Fwp%2Fv2%2Fcomments&post=85449"}],"version-history":[{"count":0,"href":"https:\/\/noticiasbahia360.com.br\/index.php?rest_route=\/wp\/v2\/posts\/85449\/revisions"}],"wp:featuredmedia":[{"embeddable":true,"href":"https:\/\/noticiasbahia360.com.br\/index.php?rest_route=\/wp\/v2\/media\/85450"}],"wp:attachment":[{"href":"https:\/\/noticiasbahia360.com.br\/index.php?rest_route=%2Fwp%2Fv2%2Fmedia&parent=85449"}],"wp:term":[{"taxonomy":"category","embeddable":true,"href":"https:\/\/noticiasbahia360.com.br\/index.php?rest_route=%2Fwp%2Fv2%2Fcategories&post=85449"},{"taxonomy":"post_tag","embeddable":true,"href":"https:\/\/noticiasbahia360.com.br\/index.php?rest_route=%2Fwp%2Fv2%2Ftags&post=85449"}],"curies":[{"name":"wp","href":"https:\/\/api.w.org\/{rel}","templated":true}]}}