{"id":85455,"date":"2025-05-08T15:29:32","date_gmt":"2025-05-08T18:29:32","guid":{"rendered":"https:\/\/noticiasbahia360.com.br\/?p=85455"},"modified":"2025-05-08T15:29:32","modified_gmt":"2025-05-08T18:29:32","slug":"operacao-sem-sinal-prende-prestador-de-servico-tentando-entrar-em-presidio-com-24-celulares-alem-de-facas-drogas-e-uma-arma","status":"publish","type":"post","link":"https:\/\/noticiasbahia360.com.br\/?p=85455","title":{"rendered":"\u201cOpera\u00e7\u00e3o Sem Sinal\u201d prende prestador de servi\u00e7o tentando entrar em pres\u00eddio com 24 celulares, al\u00e9m de facas, drogas e uma arma"},"content":{"rendered":"<div>\n<div>\n<figure><img decoding=\"async\" src=\"http:\/\/noticiasbahia360.com.br\/wp-content\/uploads\/2025\/05\/Operacao-Sem-Sinal.jpg\" alt=\"Opera\u00e7\u00e3o Sem Sina\"><figcaption>Fotos: Ascom\/Seap<\/figcaption><\/figure>\n<\/div>\n<p>A\u00e7\u00e3o conjunta de intelig\u00eancia da Secretaria de Administra\u00e7\u00e3o Penitenci\u00e1ria e Ressocializa\u00e7\u00e3o (Seap) e do<a href=\"https:\/\/www.acordacidade.com.br\/tag\/mpba\/\"> Minist\u00e9rio P\u00fablico do Estado da Bahia (MPBA<\/a>) resultou nesta quinta-feira, dia 8, na pris\u00e3o em flagrante do propriet\u00e1rio de um empresa  de serralheria, terceirizada que presta servi\u00e7os \u00e0 Seap. <\/p>\n<p>Ele foi surpreendido ao tentar ingressar com material il\u00edcito na Penitenci\u00e1ria Lemos Brito (PLB), em Salvador. Ele foi conduzido \u00e0 Delegacia de Pol\u00edcia Civil por uma equipe do Grupamento Especializado em Opera\u00e7\u00f5es Prisionais (Geop) da Seap, onde permanece \u00e0 disposi\u00e7\u00e3o da Justi\u00e7a.<\/p>\n<figure class=\"wp-block-image size-large\"><img fetchpriority=\"high\" data-dominant-color=\"6a6863\" data-has-transparency=\"false\" style=\"--dominant-color: #6a6863;\" fetchpriority=\"high\" decoding=\"async\" width=\"1024\" height=\"768\" sizes=\"(max-width: 1024px) 100vw, 1024px\" src=\"http:\/\/noticiasbahia360.com.br\/wp-content\/uploads\/2025\/05\/jca4PYIL-Operacao-Sem-Sinal-foto-seap-1024x768-1.webp\" alt=\"Opera\u00e7\u00e3o Sem Sina\" class=\"wp-image-551175 not-transparent\" srcset=\"https:\/\/uploads.acordacidade.com.br\/2025\/05\/jca4PYIL-Operacao-Sem-Sinal-foto-seap-300x225.webp 300w, http:\/\/noticiasbahia360.com.br\/wp-content\/uploads\/2025\/05\/jca4PYIL-Operacao-Sem-Sinal-foto-seap-1024x768-1.webp 1024w, https:\/\/uploads.acordacidade.com.br\/2025\/05\/jca4PYIL-Operacao-Sem-Sinal-foto-seap-768x576.webp 768w, https:\/\/uploads.acordacidade.com.br\/2025\/05\/jca4PYIL-Operacao-Sem-Sinal-foto-seap-150x113.webp 150w, https:\/\/uploads.acordacidade.com.br\/2025\/05\/jca4PYIL-Operacao-Sem-Sinal-foto-seap.webp 1200w\"><figcaption class=\"wp-element-caption\">Fotos: Ascom\/Seap<\/figcaption><\/figure>\n<p>Foram apreendidos 24 aparelhos celulares, 12 facas, uma arma de fogo, 11 carregadores port\u00e1teis e 500 gramas de maconha, escondidos por ele em compartimentos do equipamento utilizado nos servi\u00e7os de serralheria dentro da penitenci\u00e1ria. <\/p>\n<p>A abordagem foi realizada dentro da unidade prisional, com participa\u00e7\u00e3o do diretor, diretor adjunto e policiais penais, ap\u00f3s cerca de dois meses de monitoramento realizado pela Superintend\u00eancia de Gest\u00e3o Prisional (SGP), por meio da Diretoria de Seguran\u00e7a Prisional (DSP), com articula\u00e7\u00e3o direta com o Grupo de Atua\u00e7\u00e3o Especial de Combate ao Crime Organizado (Gaeco) e o Grupo de Atua\u00e7\u00e3o Especial de Execu\u00e7\u00e3o Penal (Gaep), do MPBA.<\/p>\n<p><em>Siga o Acorda Cidade no<\/em><a href=\"https:\/\/news.google.com\/search?q=acorda%20cidade&amp;hl=pt-BR&amp;gl=BR&amp;ceid=BR%3Apt-419\"><strong><em> Google Not\u00edcias<\/em><\/strong><\/a><em> e receba os principais destaques do dia. Participe tamb\u00e9m dos nossos canais no <\/em><a href=\"https:\/\/whatsapp.com\/channel\/0029Va6Rb4v3WHTNnsh8WI3N\"><strong><em>WhatsApp<\/em><\/strong><\/a><em> e <\/em><a href=\"https:\/\/www.youtube.com\/@acordacidadenoticias\/videos\"><strong>YouTube<\/strong><\/a><em> e do grupo no <\/em><a href=\"https:\/\/t.me\/+sSz0khrgARA0ZmRh\"><strong><em>Telegram<\/em><\/strong><\/a><em>.<\/em><\/p>\n<\/div>\n","protected":false},"excerpt":{"rendered":"<div>\n<div>\n<figure><img decoding=\"async\" src=\"https:\/\/uploads.acordacidade.com.br\/2025\/05\/Operacao-Sem-Sinal.jpg\" alt=\"Opera\u00e7\u00e3o Sem Sina\"><figcaption>Fotos: Ascom\/Seap<\/figcaption><\/figure>\n<\/div>\n<p>Ele foi surpreendido ao tentar ingressar com material il\u00edcito na Penitenci\u00e1ria Lemos Brito (PLB), em Salvador.<\/p><\/div>\n","protected":false},"author":1,"featured_media":85456,"comment_status":"closed","ping_status":"closed","sticky":false,"template":"","format":"gallery","meta":{"footnotes":""},"categories":[8,9,6,57,56,10],"tags":[],"class_list":["post-85455","post","type-post","status-publish","format-gallery","has-post-thumbnail","hentry","category-bahia","category-brasil","category-feira-de-santana","category-mundo","category-policia","category-politica","post_format-post-format-gallery"],"featured_image_urls":{"full":["https:\/\/noticiasbahia360.com.br\/wp-content\/uploads\/2025\/05\/Operacao-Sem-Sinal.jpg",1200,755,false],"thumbnail":["https:\/\/noticiasbahia360.com.br\/wp-content\/uploads\/2025\/05\/Operacao-Sem-Sinal-150x150.jpg",150,150,true],"medium":["https:\/\/noticiasbahia360.com.br\/wp-content\/uploads\/2025\/05\/Operacao-Sem-Sinal-300x189.jpg",300,189,true],"medium_large":["https:\/\/noticiasbahia360.com.br\/wp-content\/uploads\/2025\/05\/Operacao-Sem-Sinal-768x483.jpg",640,403,true],"large":["https:\/\/noticiasbahia360.com.br\/wp-content\/uploads\/2025\/05\/Operacao-Sem-Sinal-1024x644.jpg",640,403,true],"1536x1536":["https:\/\/noticiasbahia360.com.br\/wp-content\/uploads\/2025\/05\/Operacao-Sem-Sinal.jpg",1200,755,false],"2048x2048":["https:\/\/noticiasbahia360.com.br\/wp-content\/uploads\/2025\/05\/Operacao-Sem-Sinal.jpg",1200,755,false],"chromenews-featured":["https:\/\/noticiasbahia360.com.br\/wp-content\/uploads\/2025\/05\/Operacao-Sem-Sinal-1024x644.jpg",1024,644,true],"chromenews-large":["https:\/\/noticiasbahia360.com.br\/wp-content\/uploads\/2025\/05\/Operacao-Sem-Sinal-825x575.jpg",825,575,true],"chromenews-medium":["https:\/\/noticiasbahia360.com.br\/wp-content\/uploads\/2025\/05\/Operacao-Sem-Sinal-590x410.jpg",590,410,true]},"author_info":{"display_name":"noticiasbahia360.com.br","author_link":"https:\/\/noticiasbahia360.com.br\/?author=1"},"category_info":"<a href=\"https:\/\/noticiasbahia360.com.br\/?cat=8\" rel=\"category\">Bahia<\/a> <a href=\"https:\/\/noticiasbahia360.com.br\/?cat=9\" rel=\"category\">Brasil<\/a> <a href=\"https:\/\/noticiasbahia360.com.br\/?cat=6\" rel=\"category\">Feira de Santana<\/a> <a href=\"https:\/\/noticiasbahia360.com.br\/?cat=57\" rel=\"category\">Mundo<\/a> <a href=\"https:\/\/noticiasbahia360.com.br\/?cat=56\" rel=\"category\">Pol\u00edcia<\/a> <a href=\"https:\/\/noticiasbahia360.com.br\/?cat=10\" rel=\"category\">Pol\u00edtica<\/a>","tag_info":"Pol\u00edtica","comment_count":"0","_links":{"self":[{"href":"https:\/\/noticiasbahia360.com.br\/index.php?rest_route=\/wp\/v2\/posts\/85455","targetHints":{"allow":["GET"]}}],"collection":[{"href":"https:\/\/noticiasbahia360.com.br\/index.php?rest_route=\/wp\/v2\/posts"}],"about":[{"href":"https:\/\/noticiasbahia360.com.br\/index.php?rest_route=\/wp\/v2\/types\/post"}],"author":[{"embeddable":true,"href":"https:\/\/noticiasbahia360.com.br\/index.php?rest_route=\/wp\/v2\/users\/1"}],"replies":[{"embeddable":true,"href":"https:\/\/noticiasbahia360.com.br\/index.php?rest_route=%2Fwp%2Fv2%2Fcomments&post=85455"}],"version-history":[{"count":0,"href":"https:\/\/noticiasbahia360.com.br\/index.php?rest_route=\/wp\/v2\/posts\/85455\/revisions"}],"wp:featuredmedia":[{"embeddable":true,"href":"https:\/\/noticiasbahia360.com.br\/index.php?rest_route=\/wp\/v2\/media\/85456"}],"wp:attachment":[{"href":"https:\/\/noticiasbahia360.com.br\/index.php?rest_route=%2Fwp%2Fv2%2Fmedia&parent=85455"}],"wp:term":[{"taxonomy":"category","embeddable":true,"href":"https:\/\/noticiasbahia360.com.br\/index.php?rest_route=%2Fwp%2Fv2%2Fcategories&post=85455"},{"taxonomy":"post_tag","embeddable":true,"href":"https:\/\/noticiasbahia360.com.br\/index.php?rest_route=%2Fwp%2Fv2%2Ftags&post=85455"}],"curies":[{"name":"wp","href":"https:\/\/api.w.org\/{rel}","templated":true}]}}