{"id":85458,"date":"2025-05-08T16:40:49","date_gmt":"2025-05-08T19:40:49","guid":{"rendered":"https:\/\/noticiasbahia360.com.br\/?p=85458"},"modified":"2025-05-08T16:40:49","modified_gmt":"2025-05-08T19:40:49","slug":"minha-casa-minha-vida-chega-a-40-mil-inscritos-inscricoes-seguem-ate-dia-16","status":"publish","type":"post","link":"https:\/\/noticiasbahia360.com.br\/?p=85458","title":{"rendered":"Minha Casa, Minha Vida chega a 40 mil inscritos; inscri\u00e7\u00f5es seguem at\u00e9 dia 16"},"content":{"rendered":"<div>\n<div>\n<figure><img decoding=\"async\" src=\"http:\/\/noticiasbahia360.com.br\/wp-content\/uploads\/2025\/05\/MCMV-Minha-Casa-Minha-Vida-foto-divulgacao-MCID-25.jpeg\" alt=\"MCMV Minha Casa Minha Vida\"><figcaption>Foto: Divulga\u00e7\u00e3o\/MCid<\/figcaption><\/figure>\n<\/div>\n<p>As inscri\u00e7\u00f5es para o Programa Minha Casa, Minha Vida em <a href=\"https:\/\/www.acordacidade.com.br\/feira-de-santana\/\">Feira de Santana<\/a> alcan\u00e7aram a marca de 40 mil. As <a href=\"https:\/\/www.acordacidade.com.br\/tag\/inscricoes\/\">inscri\u00e7\u00f5es <\/a>seguem at\u00e9 o pr\u00f3ximo dia 16 de maio e, de acordo com o secret\u00e1rio municipal de Habita\u00e7\u00e3o, Valdivan Nascimento, o prazo n\u00e3o deve ser prorrogado, j\u00e1 que atualmente a procura est\u00e1 baixa.<\/p>\n<p>Ao Acorda Cidade, o secret\u00e1rio atribuiu o alto n\u00famero de inscritos, ao d\u00e9ficit habitacional existente em Feira de Santana. Segundo ele, inicialmente a estimativa da <a href=\"https:\/\/www.acordacidade.com.br\/tag\/prefeitura-de-feira\/\">prefeitura<\/a> era que cerca de 50 mil pessoas se inscrevessem no programa.<\/p>\n<p>\u201cMesmo Feira de Santana sendo uma das cidades do Brasil mais contempladas com unidades do Minha Casa, Minha Vida, temos uma grande parcela de pessoas em busca de im\u00f3vel pr\u00f3prio. Temos situa\u00e7\u00f5es de multifam\u00edlias, onde v\u00e1rias fam\u00edlias moram em uma mesma casa. Isso desperta o interesse das pessoas em participar da sele\u00e7\u00e3o\u201d, afirmou.<\/p>\n<figure class=\"wp-block-image size-large\"><img fetchpriority=\"high\" data-dominant-color=\"8b8c8e\" data-has-transparency=\"false\" style=\"--dominant-color: #8b8c8e;\" decoding=\"async\" width=\"1024\" height=\"705\" sizes=\"(max-width: 1024px) 100vw, 1024px\" src=\"http:\/\/noticiasbahia360.com.br\/wp-content\/uploads\/2025\/05\/xaH9gLqX-sec-de-habitacao-Valdivan-Nascimento-1024x705-1.webp\" alt=\"sec de habita\u00e7\u00e3o Valdivan Nascimento fala sobre inscri\u00e7\u00f5es para o Minha Casa Minha Vida\" class=\"wp-image-551086 not-transparent\" srcset=\"https:\/\/uploads.acordacidade.com.br\/2025\/05\/xaH9gLqX-sec-de-habitacao-Valdivan-Nascimento-300x207.webp 300w, http:\/\/noticiasbahia360.com.br\/wp-content\/uploads\/2025\/05\/xaH9gLqX-sec-de-habitacao-Valdivan-Nascimento-1024x705-1.webp 1024w, https:\/\/uploads.acordacidade.com.br\/2025\/05\/xaH9gLqX-sec-de-habitacao-Valdivan-Nascimento-768x529.webp 768w, https:\/\/uploads.acordacidade.com.br\/2025\/05\/xaH9gLqX-sec-de-habitacao-Valdivan-Nascimento-150x103.webp 150w, https:\/\/uploads.acordacidade.com.br\/2025\/05\/xaH9gLqX-sec-de-habitacao-Valdivan-Nascimento.webp 1200w\"><figcaption class=\"wp-element-caption\">Foto: Paulo Jos\u00e9\/Acorda Cidade <\/figcaption><\/figure>\n<p>Valdivan Nascimento disse ainda que as inscri\u00e7\u00f5es anteriores, dos anos de 2009 e 2010, n\u00e3o s\u00e3o mais v\u00e1lidas e que as pessoas devem fazer uma nova inscri\u00e7\u00e3o. <\/p>\n<h2 class=\"wp-block-heading\" id=\"h-inscricoes-do-minha-casa-minha-vida\">Inscri\u00e7\u00f5es do Minha Casa, Minha Vida<\/h2>\n<p><strong>As inscri\u00e7\u00f5es est\u00e3o sendo realizadas atrav\u00e9s do\u00a0<a href=\"https:\/\/www.feiradesantana.ba.gov.br\/\" target=\"_blank\" rel=\"noreferrer noopener\">site da prefeitura<\/a>, do aplicativo\u00a0<a href=\"http:\/\/www.seadmdmi.feiradesantana.ba.gov.br\/falafeiraweb\/\" target=\"_blank\" rel=\"noreferrer noopener\">Fala Feira 156<\/a>\u00a0e do aplicativo\u00a0<a href=\"https:\/\/feiraconectada.ba.gov.br\/portal\" target=\"_blank\" rel=\"noreferrer noopener\">Feira Conectada<\/a>.<\/strong><\/p>\n<p>Al\u00e9m disso, o secret\u00e1rio destacou que a prefeitura est\u00e1 disponibilizando um suporte presencial para quem tem dificuldades com acesso online, atrav\u00e9s da sede da Secretaria de Habita\u00e7\u00e3o.<\/p>\n<p><em>Com informa\u00e7\u00f5es do rep\u00f3rter Paulo Jos\u00e9 do Acorda Cidade<\/em><\/p>\n<p><em>Siga o Acorda Cidade no<\/em><a href=\"https:\/\/news.google.com\/search?q=acorda%20cidade&amp;hl=pt-BR&amp;gl=BR&amp;ceid=BR%3Apt-419\"><strong><em>\u00a0Google Not\u00edcias<\/em><\/strong><\/a><em>\u00a0e receba os principais destaques do dia. Participe tamb\u00e9m dos nossos canais no\u00a0<\/em><a href=\"https:\/\/www.whatsapp.com\/channel\/0029Va6Rb4v3WHTNnsh8WI3N\"><strong><em>WhatsApp<\/em><\/strong><\/a><em>\u00a0e\u00a0<\/em><a href=\"https:\/\/www.youtube.com\/@acordacidadenoticias\/videos\"><strong>YouTube<\/strong><\/a><em>\u00a0e do grupo no\u00a0<\/em><a href=\"https:\/\/t.me\/+sSz0khrgARA0ZmRh\"><strong><em>Telegram<\/em><\/strong><\/a><\/p>\n<\/div>\n","protected":false},"excerpt":{"rendered":"<div>\n<div>\n<figure><img decoding=\"async\" src=\"https:\/\/uploads.acordacidade.com.br\/2025\/04\/MCMV-Minha-Casa-Minha-Vida-foto-divulgacao-MCID-25.jpeg\" alt=\"MCMV Minha Casa Minha Vida\"><figcaption>Foto: Divulga\u00e7\u00e3o\/MCid<\/figcaption><\/figure>\n<\/div>\n<p>Inicialmente a estimativa da prefeitura era que cerca de 50 mil pessoas se inscrevessem no programa.<\/p><\/div>\n","protected":false},"author":1,"featured_media":85459,"comment_status":"closed","ping_status":"closed","sticky":false,"template":"","format":"gallery","meta":{"footnotes":""},"categories":[8,9,6,57,56,10],"tags":[],"class_list":["post-85458","post","type-post","status-publish","format-gallery","has-post-thumbnail","hentry","category-bahia","category-brasil","category-feira-de-santana","category-mundo","category-policia","category-politica","post_format-post-format-gallery"],"featured_image_urls":{"full":["https:\/\/noticiasbahia360.com.br\/wp-content\/uploads\/2025\/05\/MCMV-Minha-Casa-Minha-Vida-foto-divulgacao-MCID-25.jpeg",768,445,false],"thumbnail":["https:\/\/noticiasbahia360.com.br\/wp-content\/uploads\/2025\/05\/MCMV-Minha-Casa-Minha-Vida-foto-divulgacao-MCID-25-150x150.jpeg",150,150,true],"medium":["https:\/\/noticiasbahia360.com.br\/wp-content\/uploads\/2025\/05\/MCMV-Minha-Casa-Minha-Vida-foto-divulgacao-MCID-25-300x174.jpeg",300,174,true],"medium_large":["https:\/\/noticiasbahia360.com.br\/wp-content\/uploads\/2025\/05\/MCMV-Minha-Casa-Minha-Vida-foto-divulgacao-MCID-25.jpeg",640,371,false],"large":["https:\/\/noticiasbahia360.com.br\/wp-content\/uploads\/2025\/05\/MCMV-Minha-Casa-Minha-Vida-foto-divulgacao-MCID-25.jpeg",640,371,false],"1536x1536":["https:\/\/noticiasbahia360.com.br\/wp-content\/uploads\/2025\/05\/MCMV-Minha-Casa-Minha-Vida-foto-divulgacao-MCID-25.jpeg",768,445,false],"2048x2048":["https:\/\/noticiasbahia360.com.br\/wp-content\/uploads\/2025\/05\/MCMV-Minha-Casa-Minha-Vida-foto-divulgacao-MCID-25.jpeg",768,445,false],"chromenews-featured":["https:\/\/noticiasbahia360.com.br\/wp-content\/uploads\/2025\/05\/MCMV-Minha-Casa-Minha-Vida-foto-divulgacao-MCID-25.jpeg",768,445,false],"chromenews-large":["https:\/\/noticiasbahia360.com.br\/wp-content\/uploads\/2025\/05\/MCMV-Minha-Casa-Minha-Vida-foto-divulgacao-MCID-25.jpeg",768,445,false],"chromenews-medium":["https:\/\/noticiasbahia360.com.br\/wp-content\/uploads\/2025\/05\/MCMV-Minha-Casa-Minha-Vida-foto-divulgacao-MCID-25-590x410.jpeg",590,410,true]},"author_info":{"display_name":"noticiasbahia360.com.br","author_link":"https:\/\/noticiasbahia360.com.br\/?author=1"},"category_info":"<a href=\"https:\/\/noticiasbahia360.com.br\/?cat=8\" rel=\"category\">Bahia<\/a> <a href=\"https:\/\/noticiasbahia360.com.br\/?cat=9\" rel=\"category\">Brasil<\/a> <a href=\"https:\/\/noticiasbahia360.com.br\/?cat=6\" rel=\"category\">Feira de Santana<\/a> <a href=\"https:\/\/noticiasbahia360.com.br\/?cat=57\" rel=\"category\">Mundo<\/a> <a href=\"https:\/\/noticiasbahia360.com.br\/?cat=56\" rel=\"category\">Pol\u00edcia<\/a> <a href=\"https:\/\/noticiasbahia360.com.br\/?cat=10\" rel=\"category\">Pol\u00edtica<\/a>","tag_info":"Pol\u00edtica","comment_count":"0","_links":{"self":[{"href":"https:\/\/noticiasbahia360.com.br\/index.php?rest_route=\/wp\/v2\/posts\/85458","targetHints":{"allow":["GET"]}}],"collection":[{"href":"https:\/\/noticiasbahia360.com.br\/index.php?rest_route=\/wp\/v2\/posts"}],"about":[{"href":"https:\/\/noticiasbahia360.com.br\/index.php?rest_route=\/wp\/v2\/types\/post"}],"author":[{"embeddable":true,"href":"https:\/\/noticiasbahia360.com.br\/index.php?rest_route=\/wp\/v2\/users\/1"}],"replies":[{"embeddable":true,"href":"https:\/\/noticiasbahia360.com.br\/index.php?rest_route=%2Fwp%2Fv2%2Fcomments&post=85458"}],"version-history":[{"count":0,"href":"https:\/\/noticiasbahia360.com.br\/index.php?rest_route=\/wp\/v2\/posts\/85458\/revisions"}],"wp:featuredmedia":[{"embeddable":true,"href":"https:\/\/noticiasbahia360.com.br\/index.php?rest_route=\/wp\/v2\/media\/85459"}],"wp:attachment":[{"href":"https:\/\/noticiasbahia360.com.br\/index.php?rest_route=%2Fwp%2Fv2%2Fmedia&parent=85458"}],"wp:term":[{"taxonomy":"category","embeddable":true,"href":"https:\/\/noticiasbahia360.com.br\/index.php?rest_route=%2Fwp%2Fv2%2Fcategories&post=85458"},{"taxonomy":"post_tag","embeddable":true,"href":"https:\/\/noticiasbahia360.com.br\/index.php?rest_route=%2Fwp%2Fv2%2Ftags&post=85458"}],"curies":[{"name":"wp","href":"https:\/\/api.w.org\/{rel}","templated":true}]}}