{"id":85461,"date":"2025-05-08T16:40:52","date_gmt":"2025-05-08T19:40:52","guid":{"rendered":"https:\/\/noticiasbahia360.com.br\/?p=85461"},"modified":"2025-05-08T16:40:52","modified_gmt":"2025-05-08T19:40:52","slug":"comandante-do-cprl-comenta-possivel-mudanca-de-data-da-micareta-a-policia-militar-nao-faz-oposicao","status":"publish","type":"post","link":"https:\/\/noticiasbahia360.com.br\/?p=85461","title":{"rendered":"Comandante do CPRL comenta poss\u00edvel mudan\u00e7a de data da Micareta: \u201cA Pol\u00edcia Militar n\u00e3o faz oposi\u00e7\u00e3o\u201d"},"content":{"rendered":"<div>\n<div>\n<figure><img decoding=\"async\" src=\"http:\/\/noticiasbahia360.com.br\/wp-content\/uploads\/2025\/05\/Arrastao-na-micareta-de-feira-foto-acorda-cidade-11.jpg\" alt=\"Arrast\u00e3o da Micareta de Feira 2025 com Thiago Aquino e Timbalada\"><figcaption>Foto: Beatriz Rosado\/Acorda Cidade<\/figcaption><\/figure>\n<\/div>\n<p>Ap\u00f3s o prefeito Jos\u00e9 Ronaldo de Carvalho falar sobre a<a href=\"https:\/\/www.acordacidade.com.br\/feira-de-santana\/prefeito-jose-ronaldo-propoe-mudanca-da-micareta-de-feira-para-novembro-vamos-abrir-o-debate\/\"> possibilidade de mudan\u00e7a da data da Micareta de Feira de Santana<\/a>, que tradicionalmente ocorre em abril, e poder\u00e1 mudar para o m\u00eas de novembro, o comandante do CPRL, tenente-coronel Muller, afirmou que a Pol\u00edcia Militar n\u00e3o faz oposi\u00e7\u00e3o.<\/p>\n<p>\u201cTivemos a Micareta em maio e choveu quase todos os dias. A chuva n\u00e3o foi suficiente para tirar o brilho da festa, mas muitas pessoas deixaram de ir, nem todos est\u00e3o dispostos a tomar chuva. Se a prefeitura imagina a possibilidade de mudar de data, considerando um clima mais agrad\u00e1vel para as pessoas, a Pol\u00edcia Militar n\u00e3o faz oposi\u00e7\u00e3o, at\u00e9 porque n\u00e3o temos nenhuma grande festa no m\u00eas de novembro e n\u00e3o teria dificuldade\u201d, afirmou.<\/p>\n<figure class=\"wp-block-image size-large\"><img fetchpriority=\"high\" data-dominant-color=\"a6a29e\" data-has-transparency=\"false\" style=\"--dominant-color: #a6a29e;\" fetchpriority=\"high\" decoding=\"async\" width=\"1024\" height=\"768\" sizes=\"(max-width: 1024px) 100vw, 1024px\" src=\"http:\/\/noticiasbahia360.com.br\/wp-content\/uploads\/2025\/05\/Dn083kwD-tenente-coronel-muller-fala-sobre-mudanca-de-data-da-micareta-1024x768-1.webp\" alt=\"tenente-coronel muller fala sobre mudan\u00e7a de data da micareta\" class=\"wp-image-551204 not-transparent\" srcset=\"https:\/\/uploads.acordacidade.com.br\/2025\/05\/Dn083kwD-tenente-coronel-muller-fala-sobre-mudanca-de-data-da-micareta--300x225.webp 300w, http:\/\/noticiasbahia360.com.br\/wp-content\/uploads\/2025\/05\/Dn083kwD-tenente-coronel-muller-fala-sobre-mudanca-de-data-da-micareta-1024x768-1.webp 1024w, https:\/\/uploads.acordacidade.com.br\/2025\/05\/Dn083kwD-tenente-coronel-muller-fala-sobre-mudanca-de-data-da-micareta--768x576.webp 768w, https:\/\/uploads.acordacidade.com.br\/2025\/05\/Dn083kwD-tenente-coronel-muller-fala-sobre-mudanca-de-data-da-micareta--150x113.webp 150w, https:\/\/uploads.acordacidade.com.br\/2025\/05\/Dn083kwD-tenente-coronel-muller-fala-sobre-mudanca-de-data-da-micareta-.webp 1200w\"><figcaption class=\"wp-element-caption\">Tenente-coronel Muller | Foto: Ed Santos\/Acorda Cidade<\/figcaption><\/figure>\n<p>Ele explicou que quando se analisa as grandes festas, tem que se pensar n\u00e3o s\u00f3 na regi\u00e3o leste, mas tamb\u00e9m em Salvador, j\u00e1 que muitos policiais que refor\u00e7am a seguran\u00e7a da Micareta de Feira, s\u00e3o da capital.<\/p>\n<p>\u201cSe tivermos muitas festas em Salvador, n\u00e3o teremos efetivo. Mas n\u00e3o vamos criar obst\u00e1culo a mudan\u00e7a de data, temos que sentar e discutir com todos os envolvidos da festa\u201d, frisou.<\/p>\n<h2 class=\"wp-block-heading\" id=\"h-mudanca-de-local-do-circuito\">Mudan\u00e7a de local do circuito<\/h2>\n<p>O tenente-coronel voltou a comentar sobre a possibilidade de mudan\u00e7a de local do circuito. Mais uma vez ele afirmou que a Presidente Dutra \u00e9 o melhor local para a realiza\u00e7\u00e3o da festa e destacou que esse ponto tamb\u00e9m deve ser alvo de discuss\u00f5es com todos que fazem parte da festa, especialmente a seguran\u00e7a p\u00fablica.<\/p>\n<p>\u201cOnde quer que a micareta ocorra, n\u00f3s teremos pr\u00f3s e contras. Na Presidente Dutra temos questionamentos permanentes por parte dos comerciantes com rela\u00e7\u00e3o a eventuais preju\u00edzos por conta do per\u00edodo que as lojas ficam fechadas. Mas quando a gente faz uma pretens\u00e3o de mudar o local, tem que se considerar in\u00fameras vari\u00e1veis como infraestrutura, comprometimento da seguran\u00e7a p\u00fablica, a a\u00e7\u00e3o do Corpo de Bombeiros, vias de escape para fazer uma evas\u00e3o imediata. \u00c9 leg\u00edtima a discuss\u00e3o sobre alternativas, esse debate deve existir, mas deve ser cercado de cuidados com todos que participam da festa\u201d, afirmou.<\/p>\n<p>Duas avenidas que j\u00e1 foram muito comentadas como alternativas para a realiza\u00e7\u00e3o da Micareta, a N\u00f3ide Cerqueira e a Fraga Maia, n\u00e3o s\u00e3o boas alternativas do ponto de vista da seguran\u00e7a p\u00fablica, conforme explicou Muller.<\/p>\n<p>\u201cA Fraga Maia n\u00e3o tem a mesma dimens\u00e3o de espa\u00e7o que a Presidente Dutra. Se optar por um lugar com menos espa\u00e7o, a possibilidade de termos conflito com a quantidade de pessoas \u00e9 muito maior e isso n\u00e3o \u00e9 bom para a seguran\u00e7a p\u00fablica. A N\u00f3ide tamb\u00e9m n\u00e3o \u00e9 um espa\u00e7o adequado, pois n\u00e3o existem vias de escape. Acredito que a gente deve permanecer na Presidente Dutra buscando alternativas para trazer menos danos ao com\u00e9rcio local\u201d, afirmou.<\/p>\n<p><strong>Leia tamb\u00e9m: <a href=\"https:\/\/www.acordacidade.com.br\/feira-de-santana\/prefeito-jose-ronaldo-propoe-mudanca-da-micareta-de-feira-para-novembro-vamos-abrir-o-debate\/\">Prefeito Jos\u00e9 Ronaldo prop\u00f5e mudan\u00e7a da Micareta de Feira para novembro: \u201cVamos abrir o debate\u201d<\/a><\/strong><\/p>\n<p><em>Com informa\u00e7\u00f5es do rep\u00f3rter Ed Santos do Acorda Cidade<\/em><\/p>\n<p><em>Siga o Acorda Cidade no<\/em><a href=\"https:\/\/news.google.com\/search?q=acorda%20cidade&amp;hl=pt-BR&amp;gl=BR&amp;ceid=BR%3Apt-419\"><strong><em>\u00a0Google Not\u00edcias<\/em><\/strong><\/a><em>\u00a0e receba os principais destaques do dia. Participe tamb\u00e9m dos nossos canais no\u00a0<\/em><a href=\"https:\/\/www.whatsapp.com\/channel\/0029Va6Rb4v3WHTNnsh8WI3N\"><strong><em>WhatsApp<\/em><\/strong><\/a><em>\u00a0e\u00a0<\/em><a href=\"https:\/\/www.youtube.com\/@acordacidadenoticias\/videos\"><strong>Youtube<\/strong><\/a><em>\u00a0e grupo de\u00a0<\/em><a href=\"https:\/\/t.me\/+sSz0khrgARA0ZmRh\"><strong><em>Telegram<\/em><\/strong><\/a><em>.<\/em><\/p>\n<\/div>\n","protected":false},"excerpt":{"rendered":"<div>\n<div>\n<figure><img decoding=\"async\" src=\"https:\/\/uploads.acordacidade.com.br\/2025\/05\/Arrastao-na-micareta-de-feira-foto-acorda-cidade-11.jpg\" alt=\"Arrast\u00e3o da Micareta de Feira 2025 com Thiago Aquino e Timbalada\"><figcaption>Foto: Beatriz Rosado\/Acorda Cidade<\/figcaption><\/figure>\n<\/div>\n<p>O tenente-coronel voltou a comentar sobre a possibilidade de mudan\u00e7a de local do circuito.<\/p><\/div>\n","protected":false},"author":1,"featured_media":85462,"comment_status":"closed","ping_status":"closed","sticky":false,"template":"","format":"gallery","meta":{"footnotes":""},"categories":[8,9,6,57,56,10],"tags":[],"class_list":["post-85461","post","type-post","status-publish","format-gallery","has-post-thumbnail","hentry","category-bahia","category-brasil","category-feira-de-santana","category-mundo","category-policia","category-politica","post_format-post-format-gallery"],"featured_image_urls":{"full":["https:\/\/noticiasbahia360.com.br\/wp-content\/uploads\/2025\/05\/Arrastao-na-micareta-de-feira-foto-acorda-cidade-11.jpg",1200,800,false],"thumbnail":["https:\/\/noticiasbahia360.com.br\/wp-content\/uploads\/2025\/05\/Arrastao-na-micareta-de-feira-foto-acorda-cidade-11-150x150.jpg",150,150,true],"medium":["https:\/\/noticiasbahia360.com.br\/wp-content\/uploads\/2025\/05\/Arrastao-na-micareta-de-feira-foto-acorda-cidade-11-300x200.jpg",300,200,true],"medium_large":["https:\/\/noticiasbahia360.com.br\/wp-content\/uploads\/2025\/05\/Arrastao-na-micareta-de-feira-foto-acorda-cidade-11-768x512.jpg",640,427,true],"large":["https:\/\/noticiasbahia360.com.br\/wp-content\/uploads\/2025\/05\/Arrastao-na-micareta-de-feira-foto-acorda-cidade-11-1024x683.jpg",640,427,true],"1536x1536":["https:\/\/noticiasbahia360.com.br\/wp-content\/uploads\/2025\/05\/Arrastao-na-micareta-de-feira-foto-acorda-cidade-11.jpg",1200,800,false],"2048x2048":["https:\/\/noticiasbahia360.com.br\/wp-content\/uploads\/2025\/05\/Arrastao-na-micareta-de-feira-foto-acorda-cidade-11.jpg",1200,800,false],"chromenews-featured":["https:\/\/noticiasbahia360.com.br\/wp-content\/uploads\/2025\/05\/Arrastao-na-micareta-de-feira-foto-acorda-cidade-11-1024x683.jpg",1024,683,true],"chromenews-large":["https:\/\/noticiasbahia360.com.br\/wp-content\/uploads\/2025\/05\/Arrastao-na-micareta-de-feira-foto-acorda-cidade-11-825x575.jpg",825,575,true],"chromenews-medium":["https:\/\/noticiasbahia360.com.br\/wp-content\/uploads\/2025\/05\/Arrastao-na-micareta-de-feira-foto-acorda-cidade-11-590x410.jpg",590,410,true]},"author_info":{"display_name":"noticiasbahia360.com.br","author_link":"https:\/\/noticiasbahia360.com.br\/?author=1"},"category_info":"<a href=\"https:\/\/noticiasbahia360.com.br\/?cat=8\" rel=\"category\">Bahia<\/a> <a href=\"https:\/\/noticiasbahia360.com.br\/?cat=9\" rel=\"category\">Brasil<\/a> <a href=\"https:\/\/noticiasbahia360.com.br\/?cat=6\" rel=\"category\">Feira de Santana<\/a> <a href=\"https:\/\/noticiasbahia360.com.br\/?cat=57\" rel=\"category\">Mundo<\/a> <a href=\"https:\/\/noticiasbahia360.com.br\/?cat=56\" rel=\"category\">Pol\u00edcia<\/a> <a href=\"https:\/\/noticiasbahia360.com.br\/?cat=10\" rel=\"category\">Pol\u00edtica<\/a>","tag_info":"Pol\u00edtica","comment_count":"0","_links":{"self":[{"href":"https:\/\/noticiasbahia360.com.br\/index.php?rest_route=\/wp\/v2\/posts\/85461","targetHints":{"allow":["GET"]}}],"collection":[{"href":"https:\/\/noticiasbahia360.com.br\/index.php?rest_route=\/wp\/v2\/posts"}],"about":[{"href":"https:\/\/noticiasbahia360.com.br\/index.php?rest_route=\/wp\/v2\/types\/post"}],"author":[{"embeddable":true,"href":"https:\/\/noticiasbahia360.com.br\/index.php?rest_route=\/wp\/v2\/users\/1"}],"replies":[{"embeddable":true,"href":"https:\/\/noticiasbahia360.com.br\/index.php?rest_route=%2Fwp%2Fv2%2Fcomments&post=85461"}],"version-history":[{"count":0,"href":"https:\/\/noticiasbahia360.com.br\/index.php?rest_route=\/wp\/v2\/posts\/85461\/revisions"}],"wp:featuredmedia":[{"embeddable":true,"href":"https:\/\/noticiasbahia360.com.br\/index.php?rest_route=\/wp\/v2\/media\/85462"}],"wp:attachment":[{"href":"https:\/\/noticiasbahia360.com.br\/index.php?rest_route=%2Fwp%2Fv2%2Fmedia&parent=85461"}],"wp:term":[{"taxonomy":"category","embeddable":true,"href":"https:\/\/noticiasbahia360.com.br\/index.php?rest_route=%2Fwp%2Fv2%2Fcategories&post=85461"},{"taxonomy":"post_tag","embeddable":true,"href":"https:\/\/noticiasbahia360.com.br\/index.php?rest_route=%2Fwp%2Fv2%2Ftags&post=85461"}],"curies":[{"name":"wp","href":"https:\/\/api.w.org\/{rel}","templated":true}]}}