{"id":85464,"date":"2025-05-08T19:16:13","date_gmt":"2025-05-08T22:16:13","guid":{"rendered":"https:\/\/noticiasbahia360.com.br\/?p=85464"},"modified":"2025-05-08T19:16:13","modified_gmt":"2025-05-08T22:16:13","slug":"mais-de-140-pessoas-foram-presas-em-flagrante-no-mes-de-abril-em-feira-de-santana","status":"publish","type":"post","link":"https:\/\/noticiasbahia360.com.br\/?p=85464","title":{"rendered":"Mais de 140 pessoas foram presas em flagrante no m\u00eas de abril em Feira de Santana"},"content":{"rendered":"<div>\n<div>\n<figure><img decoding=\"async\" src=\"http:\/\/noticiasbahia360.com.br\/wp-content\/uploads\/2025\/05\/operacao_policiamilitar_noidecerqueira_66cipm-4.jpeg\" alt=\"Pol\u00edcia Militar na Noide Cerqueira\"><figcaption>Foto: 66\u00aa CIPM<\/figcaption><\/figure>\n<\/div>\n<p>O m\u00eas de abril foi marcado por uma significativa redu\u00e7\u00e3o nos \u00edndices de criminalidade em <a href=\"https:\/\/www.acordacidade.com.br\/tag\/feira-de-santana\/\">Feira de Santana<\/a>, conforme balan\u00e7o divulgado pelo Comando de Policiamento Regional Leste (CPRL) e pela Pol\u00edcia Civil. Em entrevista ao Acorda Cidade, o tenente-coronel Muller, comandante interino da unidade, destacou a queda de 8,3% no n\u00famero de homic\u00eddios na cidade durante o m\u00eas, contribuindo para uma redu\u00e7\u00e3o acumulada de quase 33% desde o in\u00edcio de 2025.<\/p>\n<figure class=\"wp-block-image size-large\"><img fetchpriority=\"high\" data-dominant-color=\"a6a29e\" data-has-transparency=\"false\" style=\"--dominant-color: #a6a29e;\" fetchpriority=\"high\" decoding=\"async\" width=\"1024\" height=\"768\" sizes=\"(max-width: 1024px) 100vw, 1024px\" src=\"http:\/\/noticiasbahia360.com.br\/wp-content\/uploads\/2025\/05\/Dn083kwD-tenente-coronel-muller-fala-sobre-mudanca-de-data-da-micareta-1024x768-2.webp\" alt=\"tenente-coronel muller fala sobre mudan\u00e7a de data da micareta\" class=\"wp-image-551204 not-transparent\" srcset=\"https:\/\/uploads.acordacidade.com.br\/2025\/05\/Dn083kwD-tenente-coronel-muller-fala-sobre-mudanca-de-data-da-micareta--300x225.webp 300w, http:\/\/noticiasbahia360.com.br\/wp-content\/uploads\/2025\/05\/Dn083kwD-tenente-coronel-muller-fala-sobre-mudanca-de-data-da-micareta-1024x768-2.webp 1024w, https:\/\/uploads.acordacidade.com.br\/2025\/05\/Dn083kwD-tenente-coronel-muller-fala-sobre-mudanca-de-data-da-micareta--768x576.webp 768w, https:\/\/uploads.acordacidade.com.br\/2025\/05\/Dn083kwD-tenente-coronel-muller-fala-sobre-mudanca-de-data-da-micareta--150x113.webp 150w, https:\/\/uploads.acordacidade.com.br\/2025\/05\/Dn083kwD-tenente-coronel-muller-fala-sobre-mudanca-de-data-da-micareta-.webp 1200w\"><figcaption class=\"wp-element-caption\">Tenente-coronel Muller | Foto: Ed Santos\/Acorda Cidade<\/figcaption><\/figure>\n<p>Segundo ele, os resultados s\u00e3o fruto de um trabalho integrado entre as for\u00e7as de seguran\u00e7a p\u00fablica \u2014 incluindo Pol\u00edcia Militar, Pol\u00edcia Civil, Guarda Municipal, Pol\u00edcia T\u00e9cnica e outros \u00f3rg\u00e3os. \u201cTemos atuado de forma articulada, trocando informa\u00e7\u00f5es e respondendo rapidamente \u00e0s ocorr\u00eancias. O m\u00eas de abril foi considerado tranquilo em Feira de Santana\u201d, afirmou o comandante ao Acorda Cidade.<\/p>\n<h2 class=\"wp-block-heading\" id=\"h-produtividade-policial\">Produtividade policial<\/h2>\n<p>Al\u00e9m da redu\u00e7\u00e3o nos homic\u00eddios, a produtividade operacional da Pol\u00edcia Militar foi expressiva.<strong> Ao todo, 211 pessoas foram conduzidas \u00e0 delegacia, sendo que 144 delas tiveram autos de pris\u00e3o em flagrante ou termos circunstanciados lavrados. Tamb\u00e9m foram realizadas quatro apreens\u00f5es de menores de idade em flagrante, al\u00e9m do cumprimento de 31 mandados de pris\u00e3o em aberto.<\/strong><\/p>\n<p>Na \u00e1rea de combate ao tr\u00e1fico de drogas, <strong>foram registradas 37 ocorr\u00eancias com apreens\u00e3o de entorpecentes. J\u00e1 em rela\u00e7\u00e3o ao armamento ilegal, 33 armas de fogo foram retiradas de circula\u00e7\u00e3o, mantendo a m\u00e9dia de mais de uma apreens\u00e3o por dia.<\/strong><\/p>\n<p> \u201cCada arma apreendida representa um crime a menos, uma vida preservada\u201d, pontuou o tenente-coronel ao Acorda Cidade.<\/p>\n<p><strong>A atua\u00e7\u00e3o da pol\u00edcia tamb\u00e9m resultou na recupera\u00e7\u00e3o de 43 ve\u00edculos com restri\u00e7\u00e3o de furto ou roubo. <\/strong>Apesar disso, o tenente-coronel explicou que n\u00e3o h\u00e1 atualmente uma estat\u00edstica consolidada sobre a quantidade de ve\u00edculos roubados na cidade, uma vez que nem todos os casos s\u00e3o registrados via Cicom (Centro Integrado de Comunica\u00e7\u00e3o). \u201cEssa \u00e9 uma lacuna que pretendemos trabalhar para corrigir\u201d, declarou.<\/p>\n<p>Sobre a atua\u00e7\u00e3o di\u00e1ria da PM, o comandante destacou o uso da intelig\u00eancia policial para direcionar a\u00e7\u00f5es estrat\u00e9gicas, com foco na neutraliza\u00e7\u00e3o de integrantes de organiza\u00e7\u00f5es criminosas e na descapitaliza\u00e7\u00e3o do tr\u00e1fico. \u201cNosso trabalho tem sido cada vez mais cir\u00fargico e alinhado com a Pol\u00edcia Civil, por meio de suas divis\u00f5es de investiga\u00e7\u00e3o e intelig\u00eancia\u201d, finalizou.<\/p>\n<p><em>Com informa\u00e7\u00f5es do rep\u00f3rter Ed Santos do Acorda Cidade<\/em><\/p>\n<p><strong>Leia tamb\u00e9m:<\/strong> <a href=\"https:\/\/www.acordacidade.com.br\/policia\/feira-de-santana-registra-21-homicidios-em-abril-de-2025-o-menor-indice-dos-ultimos-17-anos\/\">Feira de Santana registra 21 homic\u00eddios em abril de 2025, o menor \u00edndice dos \u00faltimos 17 anos no per\u00edodo<\/a><\/p>\n<p><em>Siga o Acorda Cidade no<\/em><a href=\"https:\/\/news.google.com\/search?q=acorda%20cidade&amp;hl=pt-BR&amp;gl=BR&amp;ceid=BR%3Apt-419\"><strong><em> Google Not\u00edcias<\/em><\/strong><\/a><em> e receba os principais destaques do dia. Participe tamb\u00e9m dos nossos canais no <\/em><a href=\"https:\/\/whatsapp.com\/channel\/0029Va6Rb4v3WHTNnsh8WI3N\"><strong><em>WhatsApp<\/em><\/strong><\/a><em> e <\/em><a href=\"https:\/\/www.youtube.com\/@acordacidadenoticias\/videos\"><strong>Youtube<\/strong><\/a><em> e grupo de <\/em><a href=\"https:\/\/t.me\/+sSz0khrgARA0ZmRh\"><strong><em>Telegram<\/em><\/strong><\/a><em>.<\/em><\/p>\n<\/div>\n","protected":false},"excerpt":{"rendered":"<div>\n<div>\n<figure><img decoding=\"async\" src=\"https:\/\/uploads.acordacidade.com.br\/2025\/03\/operacao_policiamilitar_noidecerqueira_66cipm-4.jpeg\" alt=\"Pol\u00edcia Militar na Noide Cerqueira\"><figcaption>Foto: 66\u00aa CIPM<\/figcaption><\/figure>\n<\/div>\n<p>De acordo com o comandante interino do CPRL, o m\u00eas de abril tamb\u00e9m houve uma redu\u00e7\u00e3o de 8,3% no n\u00famero de homic\u00eddios.<\/p><\/div>\n","protected":false},"author":1,"featured_media":85465,"comment_status":"closed","ping_status":"closed","sticky":false,"template":"","format":"gallery","meta":{"footnotes":""},"categories":[8,9,6,57,56,10],"tags":[],"class_list":["post-85464","post","type-post","status-publish","format-gallery","has-post-thumbnail","hentry","category-bahia","category-brasil","category-feira-de-santana","category-mundo","category-policia","category-politica","post_format-post-format-gallery"],"featured_image_urls":{"full":["https:\/\/noticiasbahia360.com.br\/wp-content\/uploads\/2025\/05\/operacao_policiamilitar_noidecerqueira_66cipm-4.jpeg",1200,900,false],"thumbnail":["https:\/\/noticiasbahia360.com.br\/wp-content\/uploads\/2025\/05\/operacao_policiamilitar_noidecerqueira_66cipm-4-150x150.jpeg",150,150,true],"medium":["https:\/\/noticiasbahia360.com.br\/wp-content\/uploads\/2025\/05\/operacao_policiamilitar_noidecerqueira_66cipm-4-300x225.jpeg",300,225,true],"medium_large":["https:\/\/noticiasbahia360.com.br\/wp-content\/uploads\/2025\/05\/operacao_policiamilitar_noidecerqueira_66cipm-4-768x576.jpeg",640,480,true],"large":["https:\/\/noticiasbahia360.com.br\/wp-content\/uploads\/2025\/05\/operacao_policiamilitar_noidecerqueira_66cipm-4-1024x768.jpeg",640,480,true],"1536x1536":["https:\/\/noticiasbahia360.com.br\/wp-content\/uploads\/2025\/05\/operacao_policiamilitar_noidecerqueira_66cipm-4.jpeg",1200,900,false],"2048x2048":["https:\/\/noticiasbahia360.com.br\/wp-content\/uploads\/2025\/05\/operacao_policiamilitar_noidecerqueira_66cipm-4.jpeg",1200,900,false],"chromenews-featured":["https:\/\/noticiasbahia360.com.br\/wp-content\/uploads\/2025\/05\/operacao_policiamilitar_noidecerqueira_66cipm-4-1024x768.jpeg",1024,768,true],"chromenews-large":["https:\/\/noticiasbahia360.com.br\/wp-content\/uploads\/2025\/05\/operacao_policiamilitar_noidecerqueira_66cipm-4-825x575.jpeg",825,575,true],"chromenews-medium":["https:\/\/noticiasbahia360.com.br\/wp-content\/uploads\/2025\/05\/operacao_policiamilitar_noidecerqueira_66cipm-4-590x410.jpeg",590,410,true]},"author_info":{"display_name":"noticiasbahia360.com.br","author_link":"https:\/\/noticiasbahia360.com.br\/?author=1"},"category_info":"<a href=\"https:\/\/noticiasbahia360.com.br\/?cat=8\" rel=\"category\">Bahia<\/a> <a href=\"https:\/\/noticiasbahia360.com.br\/?cat=9\" rel=\"category\">Brasil<\/a> <a href=\"https:\/\/noticiasbahia360.com.br\/?cat=6\" rel=\"category\">Feira de Santana<\/a> <a href=\"https:\/\/noticiasbahia360.com.br\/?cat=57\" rel=\"category\">Mundo<\/a> <a href=\"https:\/\/noticiasbahia360.com.br\/?cat=56\" rel=\"category\">Pol\u00edcia<\/a> <a href=\"https:\/\/noticiasbahia360.com.br\/?cat=10\" rel=\"category\">Pol\u00edtica<\/a>","tag_info":"Pol\u00edtica","comment_count":"0","_links":{"self":[{"href":"https:\/\/noticiasbahia360.com.br\/index.php?rest_route=\/wp\/v2\/posts\/85464","targetHints":{"allow":["GET"]}}],"collection":[{"href":"https:\/\/noticiasbahia360.com.br\/index.php?rest_route=\/wp\/v2\/posts"}],"about":[{"href":"https:\/\/noticiasbahia360.com.br\/index.php?rest_route=\/wp\/v2\/types\/post"}],"author":[{"embeddable":true,"href":"https:\/\/noticiasbahia360.com.br\/index.php?rest_route=\/wp\/v2\/users\/1"}],"replies":[{"embeddable":true,"href":"https:\/\/noticiasbahia360.com.br\/index.php?rest_route=%2Fwp%2Fv2%2Fcomments&post=85464"}],"version-history":[{"count":0,"href":"https:\/\/noticiasbahia360.com.br\/index.php?rest_route=\/wp\/v2\/posts\/85464\/revisions"}],"wp:featuredmedia":[{"embeddable":true,"href":"https:\/\/noticiasbahia360.com.br\/index.php?rest_route=\/wp\/v2\/media\/85465"}],"wp:attachment":[{"href":"https:\/\/noticiasbahia360.com.br\/index.php?rest_route=%2Fwp%2Fv2%2Fmedia&parent=85464"}],"wp:term":[{"taxonomy":"category","embeddable":true,"href":"https:\/\/noticiasbahia360.com.br\/index.php?rest_route=%2Fwp%2Fv2%2Fcategories&post=85464"},{"taxonomy":"post_tag","embeddable":true,"href":"https:\/\/noticiasbahia360.com.br\/index.php?rest_route=%2Fwp%2Fv2%2Ftags&post=85464"}],"curies":[{"name":"wp","href":"https:\/\/api.w.org\/{rel}","templated":true}]}}