{"id":85467,"date":"2025-05-08T19:29:14","date_gmt":"2025-05-08T22:29:14","guid":{"rendered":"https:\/\/noticiasbahia360.com.br\/?p=85467"},"modified":"2025-05-08T19:29:14","modified_gmt":"2025-05-08T22:29:14","slug":"banco-prova-financiamento-de-us-64-milhoes-para-projeto-de-drenagem-e-mobilidade-em-feira-de-santana","status":"publish","type":"post","link":"https:\/\/noticiasbahia360.com.br\/?p=85467","title":{"rendered":"Banco prova financiamento de US$ 64 milh\u00f5es para projeto de drenagem e mobilidade em Feira de Santana"},"content":{"rendered":"<div>\n<div>\n<figure><img decoding=\"async\" src=\"http:\/\/noticiasbahia360.com.br\/wp-content\/uploads\/2025\/05\/Rua-Rio-Verde-no-bairro-Conceicao-ll-em-Feira-de-Santana-lama-esgoto-falta-de-drenagem-ft-paulo-jose-acorda-cidade1.jpg\" alt=\"Rua Rio Verde, no bairro Concei\u00e7\u00e3o ll, em Feira de Santana\"><figcaption>Foto: Paulo Jos\u00e9\/Acorda Cidade<\/figcaption><\/figure>\n<\/div>\n<p>O Minist\u00e9rio do Planejamento e Or\u00e7amento (MPO) informou, nesta quinta-feira (7), que o Banco de Desenvolvimento (Fonplata) aprovou o financiamento de US$ 64 milh\u00f5es para um projeto de drenagem urbana e mobilidade da cidade de Feira de Santana, apresentado pela prefeitura do munic\u00edpio e parte do Programa Feira 200 anos. A aprova\u00e7\u00e3o aconteceu a ter\u00e7a-feira (6), durante reuni\u00e3o da Diretoria Executiva. <\/p>\n<p>Segundo a assessoria especial de comunica\u00e7\u00e3o do Minist\u00e9rio, o projeto envolve a implanta\u00e7\u00e3o de sistemas de drenagem, recupera\u00e7\u00e3o ambiental, urbaniza\u00e7\u00e3o, mobilidade urbana e a\u00e7\u00f5es voltadas para a promo\u00e7\u00e3o da igualdade de g\u00eanero e diversidade.<\/p>\n<p>Al\u00e9m deste financiamento para o Brasil, foram aprovadas tamb\u00e9m medidas que melhoram as taxas de juros cobradas nas opera\u00e7\u00f5es de financiamento do Banco. O Fonplata possui uma carteira ativa no Brasil de US$ 1,25 bilh\u00f5es, em 33 projetos.<\/p>\n<p>O Subsecret\u00e1rio de Organismos Internacionais e Desenvolvimento do MPO, Jo\u00e3o Rossi, avalia que o Fonplata tem ganhado cada vez mais relev\u00e2ncia no financiamento do desenvolvimento urbano sustent\u00e1vel e integra\u00e7\u00e3o regional.<\/p>\n<p>O Minist\u00e9rio do Planejamento e Or\u00e7amento (MPO) representa o governo brasileiro neste banco multilateral de desenvolvimento que \u00e9 formado por cinco pa\u00edses: Argentina, Bol\u00edvia, Brasil, Paraguai e Uruguai. O objetivo do FONPLATA \u00e9 contribuir para reduzir as disparidades socioecon\u00f4micas e privilegiar a complementariedade e a sinergia dos esfor\u00e7os das institui\u00e7\u00f5es de desenvolvimento nacional, assim como de outras ag\u00eancias de desenvolvimento, atrav\u00e9s de projetos de m\u00e9dia e pequena dimens\u00f5es.<\/p>\n<p>O Fonplata nasceu da vis\u00e3o compartilhada pelos cinco pa\u00edses da Bacia do Prata de promover a integra\u00e7\u00e3o regional. Com foco neste objetivo, em 1968 foi assinado o Tratado da Bacia do Prata, em 1969. Finalmente, em 12 de junho de 1974, os chanceleres desses pa\u00edses assinaram o Conv\u00eanio Constitutivo do Fundo Financeiro para o Desenvolvimento da Bacia do Prata, consolidando a cria\u00e7\u00e3o de uma institui\u00e7\u00e3o internacional com sede na Bol\u00edvia, inicialmente em Sucre e, posteriormente, em Santa Cruz de la Sierra.<\/p>\n<p>\u201cA opera\u00e7\u00e3o com Feira de Santana consolida a presen\u00e7a do banco em todas as regi\u00f5es do Brasil, mostrando-se uma op\u00e7\u00e3o \u00e1gil e vi\u00e1vel de financiamento multilateral para entes p\u00fablicos\u201d.<\/p>\n<p>O projeto da cidade de Feira de Santana j\u00e1 havia sido aprovado na Comiss\u00e3o de Financiamentos Externos \u2013 Cofiex, presidida pelo Minist\u00e9rio do Planejamento e Or\u00e7amento. Com a aprova\u00e7\u00e3o do Banco, o projeto segue agora os pr\u00f3ximos tr\u00e2mites internos no Brasil at\u00e9 a libera\u00e7\u00e3o dos recursos.<\/p>\n<p><em>Siga o Acorda Cidade no<\/em><a href=\"https:\/\/news.google.com\/search?q=acorda%20cidade&amp;hl=pt-BR&amp;gl=BR&amp;ceid=BR%3Apt-419\"><strong><em> Google Not\u00edcias<\/em><\/strong><\/a><em> e receba os principais destaques do dia. Participe tamb\u00e9m dos nossos canais no <\/em><a href=\"https:\/\/whatsapp.com\/channel\/0029Va6Rb4v3WHTNnsh8WI3N\"><strong><em>WhatsApp<\/em><\/strong><\/a><em> e <\/em><a href=\"https:\/\/www.youtube.com\/@acordacidadenoticias\/videos\"><strong>YouTube<\/strong><\/a><em> e do grupo no <\/em><a href=\"https:\/\/t.me\/+sSz0khrgARA0ZmRh\"><strong><em>Telegram<\/em><\/strong><\/a><em>.<\/em><\/p>\n<\/div>\n","protected":false},"excerpt":{"rendered":"<div>\n<div>\n<figure><img decoding=\"async\" src=\"https:\/\/www.acordacidade.com.br\/wp-content\/uploads\/2024\/07\/Rua-Rio-Verde-no-bairro-Conceicao-ll-em-Feira-de-Santana-lama-esgoto-falta-de-drenagem-ft-paulo-jose-acorda-cidade1.jpg\" alt=\"Rua Rio Verde, no bairro Concei\u00e7\u00e3o ll, em Feira de Santana\"><figcaption>Foto: Paulo Jos\u00e9\/Acorda Cidade<\/figcaption><\/figure>\n<\/div>\n<p>O Minist\u00e9rio do Planejamento e Or\u00e7amento (MPO) informou, nesta quinta-feira (7), que o Banco de Desenvolvimento (Fonplata) aprovou o financiamento de US$ 64 milh\u00f5es para um projeto de drenagem urbana e mobilidade da cidade de Feira de Santana, apresentado pela prefeitura do munic\u00edpio e parte do Programa Feira 200 anos. A aprova\u00e7\u00e3o aconteceu a ter\u00e7a-feira [\u2026]<\/p><\/div>\n","protected":false},"author":1,"featured_media":85468,"comment_status":"closed","ping_status":"closed","sticky":false,"template":"","format":"gallery","meta":{"footnotes":""},"categories":[8,9,6,57,56,10],"tags":[],"class_list":["post-85467","post","type-post","status-publish","format-gallery","has-post-thumbnail","hentry","category-bahia","category-brasil","category-feira-de-santana","category-mundo","category-policia","category-politica","post_format-post-format-gallery"],"featured_image_urls":{"full":["https:\/\/noticiasbahia360.com.br\/wp-content\/uploads\/2025\/05\/Rua-Rio-Verde-no-bairro-Conceicao-ll-em-Feira-de-Santana-lama-esgoto-falta-de-drenagem-ft-paulo-jose-acorda-cidade1.jpg",640,361,false],"thumbnail":["https:\/\/noticiasbahia360.com.br\/wp-content\/uploads\/2025\/05\/Rua-Rio-Verde-no-bairro-Conceicao-ll-em-Feira-de-Santana-lama-esgoto-falta-de-drenagem-ft-paulo-jose-acorda-cidade1-150x150.jpg",150,150,true],"medium":["https:\/\/noticiasbahia360.com.br\/wp-content\/uploads\/2025\/05\/Rua-Rio-Verde-no-bairro-Conceicao-ll-em-Feira-de-Santana-lama-esgoto-falta-de-drenagem-ft-paulo-jose-acorda-cidade1-300x169.jpg",300,169,true],"medium_large":["https:\/\/noticiasbahia360.com.br\/wp-content\/uploads\/2025\/05\/Rua-Rio-Verde-no-bairro-Conceicao-ll-em-Feira-de-Santana-lama-esgoto-falta-de-drenagem-ft-paulo-jose-acorda-cidade1.jpg",640,361,false],"large":["https:\/\/noticiasbahia360.com.br\/wp-content\/uploads\/2025\/05\/Rua-Rio-Verde-no-bairro-Conceicao-ll-em-Feira-de-Santana-lama-esgoto-falta-de-drenagem-ft-paulo-jose-acorda-cidade1.jpg",640,361,false],"1536x1536":["https:\/\/noticiasbahia360.com.br\/wp-content\/uploads\/2025\/05\/Rua-Rio-Verde-no-bairro-Conceicao-ll-em-Feira-de-Santana-lama-esgoto-falta-de-drenagem-ft-paulo-jose-acorda-cidade1.jpg",640,361,false],"2048x2048":["https:\/\/noticiasbahia360.com.br\/wp-content\/uploads\/2025\/05\/Rua-Rio-Verde-no-bairro-Conceicao-ll-em-Feira-de-Santana-lama-esgoto-falta-de-drenagem-ft-paulo-jose-acorda-cidade1.jpg",640,361,false],"chromenews-featured":["https:\/\/noticiasbahia360.com.br\/wp-content\/uploads\/2025\/05\/Rua-Rio-Verde-no-bairro-Conceicao-ll-em-Feira-de-Santana-lama-esgoto-falta-de-drenagem-ft-paulo-jose-acorda-cidade1.jpg",640,361,false],"chromenews-large":["https:\/\/noticiasbahia360.com.br\/wp-content\/uploads\/2025\/05\/Rua-Rio-Verde-no-bairro-Conceicao-ll-em-Feira-de-Santana-lama-esgoto-falta-de-drenagem-ft-paulo-jose-acorda-cidade1.jpg",640,361,false],"chromenews-medium":["https:\/\/noticiasbahia360.com.br\/wp-content\/uploads\/2025\/05\/Rua-Rio-Verde-no-bairro-Conceicao-ll-em-Feira-de-Santana-lama-esgoto-falta-de-drenagem-ft-paulo-jose-acorda-cidade1-590x361.jpg",590,361,true]},"author_info":{"display_name":"noticiasbahia360.com.br","author_link":"https:\/\/noticiasbahia360.com.br\/?author=1"},"category_info":"<a href=\"https:\/\/noticiasbahia360.com.br\/?cat=8\" rel=\"category\">Bahia<\/a> <a href=\"https:\/\/noticiasbahia360.com.br\/?cat=9\" rel=\"category\">Brasil<\/a> <a href=\"https:\/\/noticiasbahia360.com.br\/?cat=6\" rel=\"category\">Feira de Santana<\/a> <a href=\"https:\/\/noticiasbahia360.com.br\/?cat=57\" rel=\"category\">Mundo<\/a> <a href=\"https:\/\/noticiasbahia360.com.br\/?cat=56\" rel=\"category\">Pol\u00edcia<\/a> <a href=\"https:\/\/noticiasbahia360.com.br\/?cat=10\" rel=\"category\">Pol\u00edtica<\/a>","tag_info":"Pol\u00edtica","comment_count":"0","_links":{"self":[{"href":"https:\/\/noticiasbahia360.com.br\/index.php?rest_route=\/wp\/v2\/posts\/85467","targetHints":{"allow":["GET"]}}],"collection":[{"href":"https:\/\/noticiasbahia360.com.br\/index.php?rest_route=\/wp\/v2\/posts"}],"about":[{"href":"https:\/\/noticiasbahia360.com.br\/index.php?rest_route=\/wp\/v2\/types\/post"}],"author":[{"embeddable":true,"href":"https:\/\/noticiasbahia360.com.br\/index.php?rest_route=\/wp\/v2\/users\/1"}],"replies":[{"embeddable":true,"href":"https:\/\/noticiasbahia360.com.br\/index.php?rest_route=%2Fwp%2Fv2%2Fcomments&post=85467"}],"version-history":[{"count":0,"href":"https:\/\/noticiasbahia360.com.br\/index.php?rest_route=\/wp\/v2\/posts\/85467\/revisions"}],"wp:featuredmedia":[{"embeddable":true,"href":"https:\/\/noticiasbahia360.com.br\/index.php?rest_route=\/wp\/v2\/media\/85468"}],"wp:attachment":[{"href":"https:\/\/noticiasbahia360.com.br\/index.php?rest_route=%2Fwp%2Fv2%2Fmedia&parent=85467"}],"wp:term":[{"taxonomy":"category","embeddable":true,"href":"https:\/\/noticiasbahia360.com.br\/index.php?rest_route=%2Fwp%2Fv2%2Fcategories&post=85467"},{"taxonomy":"post_tag","embeddable":true,"href":"https:\/\/noticiasbahia360.com.br\/index.php?rest_route=%2Fwp%2Fv2%2Ftags&post=85467"}],"curies":[{"name":"wp","href":"https:\/\/api.w.org\/{rel}","templated":true}]}}