{"id":85471,"date":"2025-05-08T20:48:10","date_gmt":"2025-05-08T23:48:10","guid":{"rendered":"https:\/\/noticiasbahia360.com.br\/?p=85471"},"modified":"2025-05-08T20:48:10","modified_gmt":"2025-05-08T23:48:10","slug":"professores-aposentados-da-rede-estadual-discutem-reajuste-salarial-em-assembleia-da-aplb-feira","status":"publish","type":"post","link":"https:\/\/noticiasbahia360.com.br\/?p=85471","title":{"rendered":"Professores aposentados da rede estadual discutem reajuste salarial em assembleia da APLB Feira"},"content":{"rendered":"<div>\n<div>\n<figure><img decoding=\"async\" src=\"http:\/\/noticiasbahia360.com.br\/wp-content\/uploads\/2025\/05\/professores-aposentados-foto-paulo-jose-acorda-cidade-rede-estadual.jpg\" alt=\"APLB sindicato assembleia com professores aposentados\"><figcaption>Foto: Paulo Jos\u00e9\/Acorda Cidade<\/figcaption><\/figure>\n<\/div>\n<p>Na tarde desta quinta-feira (8), professores aposentados da rede estadual de ensino participaram de uma assembleia realizada na sede da APLB Sindicato, em Feira de Santana.\u00a0<\/p>\n<p>O encontro teve como foco ouvir as demandas da categoria, tirar d\u00favidas e repassar informa\u00e7\u00f5es atualizadas sobre as negocia\u00e7\u00f5es em curso com o governo do estado em rela\u00e7\u00e3o ao acordo judicial que garante o cumprimento do piso aos professores que est\u00e3o fora da tabela.<\/p>\n<p>A assembleia teve a\u00a0 participa\u00e7\u00e3o do coordenador-geral da APLB Sindicato, Rui Oliveira, e da vice-coordenadora e diretora do Departamento Jur\u00eddico, Marilene Betros, al\u00e9m da presidente da APLB Feira, Marlede Oliveira.\u00a0<\/p>\n<figure class=\"wp-block-image size-large\"><img fetchpriority=\"high\" data-dominant-color=\"8c7b79\" data-has-transparency=\"false\" style=\"--dominant-color: #8c7b79;\" fetchpriority=\"high\" decoding=\"async\" width=\"1024\" height=\"593\" sizes=\"(max-width: 1024px) 100vw, 1024px\" src=\"http:\/\/noticiasbahia360.com.br\/wp-content\/uploads\/2025\/05\/bna3mqHg-APLB-sindicato-assembleia-com-professores-aposetados-foto-paulo-jose-acorda-cidade-1024x593-1.webp\" alt=\"APLB sindicato assembleia com professores aposentados\" class=\"wp-image-551262 not-transparent\" srcset=\"https:\/\/uploads.acordacidade.com.br\/2025\/05\/bna3mqHg-APLB-sindicato-assembleia-com-professores-aposetados-foto-paulo-jose-acorda-cidade-300x174.webp 300w, http:\/\/noticiasbahia360.com.br\/wp-content\/uploads\/2025\/05\/bna3mqHg-APLB-sindicato-assembleia-com-professores-aposetados-foto-paulo-jose-acorda-cidade-1024x593-1.webp 1024w, https:\/\/uploads.acordacidade.com.br\/2025\/05\/bna3mqHg-APLB-sindicato-assembleia-com-professores-aposetados-foto-paulo-jose-acorda-cidade-768x445.webp 768w, https:\/\/uploads.acordacidade.com.br\/2025\/05\/bna3mqHg-APLB-sindicato-assembleia-com-professores-aposetados-foto-paulo-jose-acorda-cidade-150x87.webp 150w, https:\/\/uploads.acordacidade.com.br\/2025\/05\/bna3mqHg-APLB-sindicato-assembleia-com-professores-aposetados-foto-paulo-jose-acorda-cidade.webp 1200w\"><figcaption class=\"wp-element-caption\">Foto: Paulo Jos\u00e9\/Acorda Cidade<\/figcaption><\/figure>\n<p>Tamb\u00e9m presente, o professor Cristiano Rodrigues, da APLB Regional, destacou que muitos aposentados recebem valores abaixo do piso salarial nacional, o que tem gerado insatisfa\u00e7\u00e3o e dificuldades financeiras, especialmente com os gastos com sa\u00fade.\u00a0<\/p>\n<p>\u201cO sal\u00e1rio do aposentado da rede estadual est\u00e1 defasado, tem professor que ganha dois mil e pouco, menos de um piso salarial. No momento que mais precisam, est\u00e3o gastando dinheiro com rem\u00e9dio\u201d, afirmou o sindicalista ao Acorda Cidade.<\/p>\n<p>Durante a assembleia, o sindicato informou que as conversas com o governo est\u00e3o avan\u00e7adas e h\u00e1 uma possibilidade de acordo que poder\u00e1 corrigir essa defasagem. \u201cGra\u00e7as a Deus, a gente est\u00e1 caminhando para um acordo entre o governo do Estado e o sindicato. Se esse acordo de fato acontecer, os trabalhadores que ganham menos do piso, v\u00e3o ganhar agora acima do piso. Naturalmente suas vantagens v\u00e3o ser reajustadas. \u00c9 isso que a gente espera\u201d, explicou Cristiano.<\/p>\n<figure class=\"wp-block-image size-large\"><img data-dominant-color=\"9a8d88\" data-has-transparency=\"false\" style=\"--dominant-color: #9a8d88;\" decoding=\"async\" width=\"1024\" height=\"473\" sizes=\"(max-width: 1024px) 100vw, 1024px\" src=\"http:\/\/noticiasbahia360.com.br\/wp-content\/uploads\/2025\/05\/m4R8nzk4-professores-aposentados-foto-paulo-jose-acorda-cidade-rede-estadual-25-1024x473-1.webp\" alt=\"APLB sindicato assembleia com professores aposentados\" class=\"wp-image-551263 not-transparent\" srcset=\"https:\/\/uploads.acordacidade.com.br\/2025\/05\/m4R8nzk4-professores-aposentados-foto-paulo-jose-acorda-cidade-rede-estadual-25-300x139.webp 300w, http:\/\/noticiasbahia360.com.br\/wp-content\/uploads\/2025\/05\/m4R8nzk4-professores-aposentados-foto-paulo-jose-acorda-cidade-rede-estadual-25-1024x473-1.webp 1024w, https:\/\/uploads.acordacidade.com.br\/2025\/05\/m4R8nzk4-professores-aposentados-foto-paulo-jose-acorda-cidade-rede-estadual-25-768x355.webp 768w, https:\/\/uploads.acordacidade.com.br\/2025\/05\/m4R8nzk4-professores-aposentados-foto-paulo-jose-acorda-cidade-rede-estadual-25-150x69.webp 150w, https:\/\/uploads.acordacidade.com.br\/2025\/05\/m4R8nzk4-professores-aposentados-foto-paulo-jose-acorda-cidade-rede-estadual-25.webp 1200w\"><figcaption class=\"wp-element-caption\">Foto: Paulo Jos\u00e9\/Acorda Cidade<\/figcaption><\/figure>\n<p>Ele destacou ainda que a proposta de reajuste \u00e9 vista como uma forma de repara\u00e7\u00e3o. \u201cEu acho que \u00e9 uma repara\u00e7\u00e3o justa e necess\u00e1ria porque melhora a vida das pessoas\u201d, disse.\u00a0<\/p>\n<p>O professor tamb\u00e9m ressaltou a import\u00e2ncia do di\u00e1logo cont\u00ednuo com os aposentado.: \u201cO objetivo da reuni\u00e3o foi mostrar \u00e0 categoria que n\u00f3s estamos alerta, que n\u00f3s estamos atentos, mas tamb\u00e9m n\u00f3s estamos ouvindo eles, as reclama\u00e7\u00f5es deles, para que de fato a entidade fa\u00e7a o melhor para corresponder \u00e0 expectativa de quem \u00e9 sindicalizado\u201d.<\/p>\n<p>A APLB informou que seguir\u00e1 acompanhando o andamento das negocia\u00e7\u00f5es e manter\u00e1 a categoria atualizada sobre os pr\u00f3ximos passos.<\/p>\n<p><em>Com informa\u00e7\u00f5es do rep\u00f3rter Paulo Jos\u00e9 do Acorda Cidade<\/em><\/p>\n<p><em>Siga o Acorda Cidade no<\/em><a href=\"https:\/\/news.google.com\/search?q=acorda%20cidade&amp;hl=pt-BR&amp;gl=BR&amp;ceid=BR%3Apt-419\"><strong><em> Google Not\u00edcias<\/em><\/strong><\/a><em> e receba os principais destaques do dia. Participe tamb\u00e9m dos nossos canais no <\/em><a href=\"https:\/\/whatsapp.com\/channel\/0029Va6Rb4v3WHTNnsh8WI3N\"><strong><em>WhatsApp<\/em><\/strong><\/a><em> e <\/em><a href=\"https:\/\/www.youtube.com\/@acordacidadenoticias\/videos\"><strong>YouTube<\/strong><\/a><em> e do grupo no <\/em><a href=\"https:\/\/t.me\/+sSz0khrgARA0ZmRh\"><strong><em>Telegram<\/em><\/strong><\/a><em>.<\/em><\/p>\n<\/div>\n","protected":false},"excerpt":{"rendered":"<div>\n<div>\n<figure><img decoding=\"async\" src=\"https:\/\/uploads.acordacidade.com.br\/2025\/05\/professores-aposentados-foto-paulo-jose-acorda-cidade-rede-estadual.jpg\" alt=\"APLB sindicato assembleia com professores aposentados\"><figcaption>Foto: Paulo Jos\u00e9\/Acorda Cidade<\/figcaption><\/figure>\n<\/div>\n<p>Na tarde desta quinta-feira (8), professores aposentados da rede estadual de ensino participaram de uma assembleia realizada na sede da APLB Sindicato, em Feira de Santana.\u00a0 O encontro teve como foco ouvir as demandas da categoria, tirar d\u00favidas e repassar informa\u00e7\u00f5es atualizadas sobre as negocia\u00e7\u00f5es em curso com o governo do estado em rela\u00e7\u00e3o ao [\u2026]<\/p><\/div>\n","protected":false},"author":1,"featured_media":85472,"comment_status":"closed","ping_status":"closed","sticky":false,"template":"","format":"gallery","meta":{"footnotes":""},"categories":[8,9,6,57,56,10],"tags":[],"class_list":["post-85471","post","type-post","status-publish","format-gallery","has-post-thumbnail","hentry","category-bahia","category-brasil","category-feira-de-santana","category-mundo","category-policia","category-politica","post_format-post-format-gallery"],"featured_image_urls":{"full":["https:\/\/noticiasbahia360.com.br\/wp-content\/uploads\/2025\/05\/professores-aposentados-foto-paulo-jose-acorda-cidade-rede-estadual.jpg",1200,725,false],"thumbnail":["https:\/\/noticiasbahia360.com.br\/wp-content\/uploads\/2025\/05\/professores-aposentados-foto-paulo-jose-acorda-cidade-rede-estadual-150x150.jpg",150,150,true],"medium":["https:\/\/noticiasbahia360.com.br\/wp-content\/uploads\/2025\/05\/professores-aposentados-foto-paulo-jose-acorda-cidade-rede-estadual-300x181.jpg",300,181,true],"medium_large":["https:\/\/noticiasbahia360.com.br\/wp-content\/uploads\/2025\/05\/professores-aposentados-foto-paulo-jose-acorda-cidade-rede-estadual-768x464.jpg",640,387,true],"large":["https:\/\/noticiasbahia360.com.br\/wp-content\/uploads\/2025\/05\/professores-aposentados-foto-paulo-jose-acorda-cidade-rede-estadual-1024x619.jpg",640,387,true],"1536x1536":["https:\/\/noticiasbahia360.com.br\/wp-content\/uploads\/2025\/05\/professores-aposentados-foto-paulo-jose-acorda-cidade-rede-estadual.jpg",1200,725,false],"2048x2048":["https:\/\/noticiasbahia360.com.br\/wp-content\/uploads\/2025\/05\/professores-aposentados-foto-paulo-jose-acorda-cidade-rede-estadual.jpg",1200,725,false],"chromenews-featured":["https:\/\/noticiasbahia360.com.br\/wp-content\/uploads\/2025\/05\/professores-aposentados-foto-paulo-jose-acorda-cidade-rede-estadual-1024x619.jpg",1024,619,true],"chromenews-large":["https:\/\/noticiasbahia360.com.br\/wp-content\/uploads\/2025\/05\/professores-aposentados-foto-paulo-jose-acorda-cidade-rede-estadual-825x575.jpg",825,575,true],"chromenews-medium":["https:\/\/noticiasbahia360.com.br\/wp-content\/uploads\/2025\/05\/professores-aposentados-foto-paulo-jose-acorda-cidade-rede-estadual-590x410.jpg",590,410,true]},"author_info":{"display_name":"noticiasbahia360.com.br","author_link":"https:\/\/noticiasbahia360.com.br\/?author=1"},"category_info":"<a href=\"https:\/\/noticiasbahia360.com.br\/?cat=8\" rel=\"category\">Bahia<\/a> <a href=\"https:\/\/noticiasbahia360.com.br\/?cat=9\" rel=\"category\">Brasil<\/a> <a href=\"https:\/\/noticiasbahia360.com.br\/?cat=6\" rel=\"category\">Feira de Santana<\/a> <a href=\"https:\/\/noticiasbahia360.com.br\/?cat=57\" rel=\"category\">Mundo<\/a> <a href=\"https:\/\/noticiasbahia360.com.br\/?cat=56\" rel=\"category\">Pol\u00edcia<\/a> <a href=\"https:\/\/noticiasbahia360.com.br\/?cat=10\" rel=\"category\">Pol\u00edtica<\/a>","tag_info":"Pol\u00edtica","comment_count":"0","_links":{"self":[{"href":"https:\/\/noticiasbahia360.com.br\/index.php?rest_route=\/wp\/v2\/posts\/85471","targetHints":{"allow":["GET"]}}],"collection":[{"href":"https:\/\/noticiasbahia360.com.br\/index.php?rest_route=\/wp\/v2\/posts"}],"about":[{"href":"https:\/\/noticiasbahia360.com.br\/index.php?rest_route=\/wp\/v2\/types\/post"}],"author":[{"embeddable":true,"href":"https:\/\/noticiasbahia360.com.br\/index.php?rest_route=\/wp\/v2\/users\/1"}],"replies":[{"embeddable":true,"href":"https:\/\/noticiasbahia360.com.br\/index.php?rest_route=%2Fwp%2Fv2%2Fcomments&post=85471"}],"version-history":[{"count":0,"href":"https:\/\/noticiasbahia360.com.br\/index.php?rest_route=\/wp\/v2\/posts\/85471\/revisions"}],"wp:featuredmedia":[{"embeddable":true,"href":"https:\/\/noticiasbahia360.com.br\/index.php?rest_route=\/wp\/v2\/media\/85472"}],"wp:attachment":[{"href":"https:\/\/noticiasbahia360.com.br\/index.php?rest_route=%2Fwp%2Fv2%2Fmedia&parent=85471"}],"wp:term":[{"taxonomy":"category","embeddable":true,"href":"https:\/\/noticiasbahia360.com.br\/index.php?rest_route=%2Fwp%2Fv2%2Fcategories&post=85471"},{"taxonomy":"post_tag","embeddable":true,"href":"https:\/\/noticiasbahia360.com.br\/index.php?rest_route=%2Fwp%2Fv2%2Ftags&post=85471"}],"curies":[{"name":"wp","href":"https:\/\/api.w.org\/{rel}","templated":true}]}}