{"id":85475,"date":"2025-05-08T21:44:55","date_gmt":"2025-05-09T00:44:55","guid":{"rendered":"https:\/\/noticiasbahia360.com.br\/?p=85475"},"modified":"2025-05-08T21:44:55","modified_gmt":"2025-05-09T00:44:55","slug":"dom-itamar-celebra-missa-pela-eleicao-do-novo-papa-e-destaca-continuidade-da-missao-de-francisco","status":"publish","type":"post","link":"https:\/\/noticiasbahia360.com.br\/?p=85475","title":{"rendered":"Dom Itamar celebra missa pela elei\u00e7\u00e3o do novo papa e destaca continuidade da miss\u00e3o de Francisco"},"content":{"rendered":"<div>\n<div>\n<figure><img decoding=\"async\" src=\"http:\/\/noticiasbahia360.com.br\/wp-content\/uploads\/2025\/05\/Dom-Itamar-Vian-foto-Ed-Santos-Acorda-Cidade.jpg\" alt=\"Dom Itamar Vian\"><figcaption>Foto: Ed Santos\/Acorda Cidade<\/figcaption><\/figure>\n<\/div>\n<p>Uma missa em a\u00e7\u00e3o de gra\u00e7as pela elei\u00e7\u00e3o do novo papa foi realizada no final da tarde desta quinta-feira (8), na Catedral de Sant\u2019Ana, em Feira de Santana. A celebra\u00e7\u00e3o foi presidida pelo arcebispo em\u00e9rito <a href=\"https:\/\/www.acordacidade.com.br\/tag\/dom-itamar-vian\/\">Dom Itamar Vian<\/a>. O arcebispo Don Zanoni estava ausente e por isso n\u00e3o presidiu a celebra\u00e7\u00e3o.<\/p>\n<p>A t\u00e3o esperada fuma\u00e7a branca que anuncia a elei\u00e7\u00e3o do novo papa foi expelida na chamin\u00e9 da capela Sistina, no segundo dia de conclave. O cardeal Robert Francis Prevost passa a ser conhecido a partir de agora como Papa Le\u00e3o 14.<\/p>\n<p>Ao Acorda Cidade, Dom Itamar informou que o novo papa ser\u00e1 um um grande continuador do pensamento e da miss\u00e3o do Papa Francisco.<\/p>\n<p>Em entrevista ao portal Acorda Cidade, o arcebispo em\u00e9rito de Feira de Santana, Dom Itamar Vian, comentou a escolha e destacou a import\u00e2ncia da continuidade do trabalho realizado por seu antecessor. \u201cOuvi muitos pronunciamentos dele e percebi claramente que, desde as primeiras palavras, ele vai ser um grande continuador do pensamento e da miss\u00e3o do Papa Francisco\u201d, afirmou. \u201cAo iniciar o seu magist\u00e9rio hoje, a primeira palavra que ele pronunciou foi essa: \u2018Que a paz esteja convosco\u2019. O Papa Francisco foi um grande defensor da paz.\u201d<\/p>\n<p>Dom Itamar tamb\u00e9m ressaltou que o papel do papa vai al\u00e9m das fronteiras da Igreja. \u201cO Papa assume uma miss\u00e3o superior \u00e0s suas for\u00e7as. Porque ele n\u00e3o \u00e9 somente eleito para os cat\u00f3licos, ele \u00e9 eleito para o mundo inteiro. Quando ele publica cartas enc\u00edclicas, essas mensagens n\u00e3o s\u00e3o somente dirigidas aos cat\u00f3licos, mas a todas as pessoas de boa vontade que buscam caminhos para construir um mundo melhor.\u201d<\/p>\n<p>Ele destacou ainda que a Igreja mant\u00e9m sua miss\u00e3o, independentemente do tempo ou do papa que a lidera. \u201cA igreja, na sua miss\u00e3o, deve ser sempre prof\u00e9tica, estar a servi\u00e7o de todos, particularmente dos mais necessitados. A igreja nunca muda a sua miss\u00e3o, porque a recebeu de Cristo quando disse: \u2018Ide pelo mundo inteiro e proclamai o evangelho a toda criatura.\u2019\u201d<\/p>\n<p>Sobre a express\u00e3o comum de que o novo papa seria \u201csucessor de Francisco\u201d, Dom Itamar fez um esclarecimento: \u201cMuitas pessoas falam que Le\u00e3o XIV \u00e9 o sucessor do Papa Francisco. Esta \u00e9 uma express\u00e3o errada. O Papa Le\u00e3o XIV \u00e9 o sucessor de Pedro, que foi constitu\u00eddo pelo pr\u00f3prio Jesus.\u201d<\/p>\n<p>A elei\u00e7\u00e3o de um papa norte-americano \u00e9 in\u00e9dita na hist\u00f3ria da Igreja. Dom Itamar relembrou o esfor\u00e7o do Papa Francisco em tornar o col\u00e9gio de cardeais mais representativo. \u201cO Papa Francisco nomeou mais de 80 cardeais para que muitos pa\u00edses do mundo participassem do conclave. Entre os 133 cardeais estavam representados 70 pa\u00edses.\u201d<\/p>\n<p>Por fim, o arcebispo comentou a escolha do nome Le\u00e3o XIV. \u201c\u00c9 muito significativo, porque Le\u00e3o XIII foi aquele que publicou a enc\u00edclica \u2018Mater et Magistra\u2019, que fala da dignidade do trabalho. Vivemos hoje uma situa\u00e7\u00e3o de fome e desemprego no mundo inteiro. Le\u00e3o XIV, eu tenho certeza, vai tentar atualizar essa enc\u00edclica.\u201d<\/p>\n<p><em>Com informa\u00e7\u00f5es do rep\u00f3rter Ed Santos do Acorda Cidade<\/em><\/p>\n<p><em>Siga o Acorda Cidade no<\/em><a href=\"https:\/\/news.google.com\/search?q=acorda%20cidade&amp;hl=pt-BR&amp;gl=BR&amp;ceid=BR%3Apt-419\"><strong><em> Google Not\u00edcias<\/em><\/strong><\/a><em> e receba os principais destaques do dia. Participe tamb\u00e9m dos nossos canais no <\/em><a href=\"https:\/\/whatsapp.com\/channel\/0029Va6Rb4v3WHTNnsh8WI3N\"><strong><em>WhatsApp<\/em><\/strong><\/a><em> e <\/em><a href=\"https:\/\/www.youtube.com\/@acordacidadenoticias\/videos\"><strong>YouTube<\/strong><\/a><em> e do grupo no <\/em><a href=\"https:\/\/t.me\/+sSz0khrgARA0ZmRh\"><strong><em>Telegram<\/em><\/strong><\/a><em>.<\/em><\/p>\n<\/div>\n","protected":false},"excerpt":{"rendered":"<div>\n<div>\n<figure><img decoding=\"async\" src=\"https:\/\/uploads.acordacidade.com.br\/2025\/05\/Dom-Itamar-Vian-foto-Ed-Santos-Acorda-Cidade.jpg\" alt=\"Dom Itamar Vian\"><figcaption>Foto: Ed Santos\/Acorda Cidade<\/figcaption><\/figure>\n<\/div>\n<p>Dom Itamar tamb\u00e9m ressaltou que o papel do papa vai al\u00e9m das fronteiras da Igreja e falou sobre a miss\u00e3o da igreja.<\/p><\/div>\n","protected":false},"author":1,"featured_media":85476,"comment_status":"closed","ping_status":"closed","sticky":false,"template":"","format":"gallery","meta":{"footnotes":""},"categories":[8,9,6,57,56,10],"tags":[],"class_list":["post-85475","post","type-post","status-publish","format-gallery","has-post-thumbnail","hentry","category-bahia","category-brasil","category-feira-de-santana","category-mundo","category-policia","category-politica","post_format-post-format-gallery"],"featured_image_urls":{"full":["https:\/\/noticiasbahia360.com.br\/wp-content\/uploads\/2025\/05\/Dom-Itamar-Vian-foto-Ed-Santos-Acorda-Cidade.jpg",1200,900,false],"thumbnail":["https:\/\/noticiasbahia360.com.br\/wp-content\/uploads\/2025\/05\/Dom-Itamar-Vian-foto-Ed-Santos-Acorda-Cidade-150x150.jpg",150,150,true],"medium":["https:\/\/noticiasbahia360.com.br\/wp-content\/uploads\/2025\/05\/Dom-Itamar-Vian-foto-Ed-Santos-Acorda-Cidade-300x225.jpg",300,225,true],"medium_large":["https:\/\/noticiasbahia360.com.br\/wp-content\/uploads\/2025\/05\/Dom-Itamar-Vian-foto-Ed-Santos-Acorda-Cidade-768x576.jpg",640,480,true],"large":["https:\/\/noticiasbahia360.com.br\/wp-content\/uploads\/2025\/05\/Dom-Itamar-Vian-foto-Ed-Santos-Acorda-Cidade-1024x768.jpg",640,480,true],"1536x1536":["https:\/\/noticiasbahia360.com.br\/wp-content\/uploads\/2025\/05\/Dom-Itamar-Vian-foto-Ed-Santos-Acorda-Cidade.jpg",1200,900,false],"2048x2048":["https:\/\/noticiasbahia360.com.br\/wp-content\/uploads\/2025\/05\/Dom-Itamar-Vian-foto-Ed-Santos-Acorda-Cidade.jpg",1200,900,false],"chromenews-featured":["https:\/\/noticiasbahia360.com.br\/wp-content\/uploads\/2025\/05\/Dom-Itamar-Vian-foto-Ed-Santos-Acorda-Cidade-1024x768.jpg",1024,768,true],"chromenews-large":["https:\/\/noticiasbahia360.com.br\/wp-content\/uploads\/2025\/05\/Dom-Itamar-Vian-foto-Ed-Santos-Acorda-Cidade-825x575.jpg",825,575,true],"chromenews-medium":["https:\/\/noticiasbahia360.com.br\/wp-content\/uploads\/2025\/05\/Dom-Itamar-Vian-foto-Ed-Santos-Acorda-Cidade-590x410.jpg",590,410,true]},"author_info":{"display_name":"noticiasbahia360.com.br","author_link":"https:\/\/noticiasbahia360.com.br\/?author=1"},"category_info":"<a href=\"https:\/\/noticiasbahia360.com.br\/?cat=8\" rel=\"category\">Bahia<\/a> <a href=\"https:\/\/noticiasbahia360.com.br\/?cat=9\" rel=\"category\">Brasil<\/a> <a href=\"https:\/\/noticiasbahia360.com.br\/?cat=6\" rel=\"category\">Feira de Santana<\/a> <a href=\"https:\/\/noticiasbahia360.com.br\/?cat=57\" rel=\"category\">Mundo<\/a> <a href=\"https:\/\/noticiasbahia360.com.br\/?cat=56\" rel=\"category\">Pol\u00edcia<\/a> <a href=\"https:\/\/noticiasbahia360.com.br\/?cat=10\" rel=\"category\">Pol\u00edtica<\/a>","tag_info":"Pol\u00edtica","comment_count":"0","_links":{"self":[{"href":"https:\/\/noticiasbahia360.com.br\/index.php?rest_route=\/wp\/v2\/posts\/85475","targetHints":{"allow":["GET"]}}],"collection":[{"href":"https:\/\/noticiasbahia360.com.br\/index.php?rest_route=\/wp\/v2\/posts"}],"about":[{"href":"https:\/\/noticiasbahia360.com.br\/index.php?rest_route=\/wp\/v2\/types\/post"}],"author":[{"embeddable":true,"href":"https:\/\/noticiasbahia360.com.br\/index.php?rest_route=\/wp\/v2\/users\/1"}],"replies":[{"embeddable":true,"href":"https:\/\/noticiasbahia360.com.br\/index.php?rest_route=%2Fwp%2Fv2%2Fcomments&post=85475"}],"version-history":[{"count":0,"href":"https:\/\/noticiasbahia360.com.br\/index.php?rest_route=\/wp\/v2\/posts\/85475\/revisions"}],"wp:featuredmedia":[{"embeddable":true,"href":"https:\/\/noticiasbahia360.com.br\/index.php?rest_route=\/wp\/v2\/media\/85476"}],"wp:attachment":[{"href":"https:\/\/noticiasbahia360.com.br\/index.php?rest_route=%2Fwp%2Fv2%2Fmedia&parent=85475"}],"wp:term":[{"taxonomy":"category","embeddable":true,"href":"https:\/\/noticiasbahia360.com.br\/index.php?rest_route=%2Fwp%2Fv2%2Fcategories&post=85475"},{"taxonomy":"post_tag","embeddable":true,"href":"https:\/\/noticiasbahia360.com.br\/index.php?rest_route=%2Fwp%2Fv2%2Ftags&post=85475"}],"curies":[{"name":"wp","href":"https:\/\/api.w.org\/{rel}","templated":true}]}}