{"id":85477,"date":"2025-05-08T22:30:26","date_gmt":"2025-05-09T01:30:26","guid":{"rendered":"https:\/\/noticiasbahia360.com.br\/?p=85477"},"modified":"2025-05-08T22:30:26","modified_gmt":"2025-05-09T01:30:26","slug":"mais-um-candidato-anuncia-apoio-a-tassio-brito-a-presidencia-do-pt-bahia","status":"publish","type":"post","link":"https:\/\/noticiasbahia360.com.br\/?p=85477","title":{"rendered":"Mais um candidato anuncia apoio a T\u00e1ssio Brito \u00e0 presid\u00eancia do PT Bahia"},"content":{"rendered":"<div>\n<div>\n<figure><img decoding=\"async\" src=\"http:\/\/noticiasbahia360.com.br\/wp-content\/uploads\/2025\/05\/Mais-um-candidato-anuncia-apoio-a-Tassio-Brito-a-presidencia-do-PT-Bahia-foto-divulgacao.jpg\" alt=\"Mais um candidato anuncia apoio a T\u00e1ssio Brito \u00e0 presid\u00eancia do PT Bahia foto divulga\u00e7\u00e3o\"><figcaption>Foto: Divulga\u00e7\u00e3o\/Ascom PT Bahia<\/figcaption><\/figure>\n<\/div>\n<p>Mais um candidato anunciou, nesta quinta-feira (08), apoio ao secret\u00e1rio de Finan\u00e7as do Partido dos Trabalhadores, T\u00e1ssio Brito, \u00e0 presidente do PT Bahia. Manoel Porf\u00edrio, vereador de Itabuna, at\u00e9 ent\u00e3o pr\u00e9-candidato a presidente do PT, retirou seu nome em prol de T\u00e1ssio durante reuni\u00e3o que contou com a presen\u00e7a do secret\u00e1rio de Finan\u00e7as, o deputado federal Joseildo Ramos e o deputado estadual Osni Cardoso.<\/p>\n<p>Manoel Porf\u00edrio \u00e9 o quinto candidato a defender a unidade em torno de T\u00e1ssio Brito, o que cresce as chances do secret\u00e1rio de se tornar candidato \u00fanico. Nesta quarta-feira (07), pr\u00e9-candidatos \u00e0 presid\u00eancia do PT Bahia, Ed\u00edzio Nunes, da corrente Avante, Tagner Cerqueira, do Movimento PT, Osmar \u201cJoj\u00f3\u201d Galdino, da Resistir e Avan\u00e7ar, e Lucineia Dur\u00e3es, da Esquerda Popular Socialista, anunciaram a retirada de suas candidaturas para criar unidade em torno do atual secret\u00e1rio de Finan\u00e7as da sigla.<\/p>\n<p>Nome publicamente apoiado pelo senador Jaques Wagner, maior entusiasta do processo de renova\u00e7\u00e3o para construir e consolidar os novos e qualificados quadros do partido, T\u00e1ssio agradeceu ao vereador Manoel Porf\u00edrio. <\/p>\n<p>\u201cSeguimos conversando e dialogando. Temos a consci\u00eancia dos nossos desafios e a unidade partid\u00e1ria nos dar\u00e1 mais condi\u00e7\u00f5es de super\u00e1-los. \u00c9 uma alegria conseguir o apoio do vereador Manoel Porfirio, da minha cidade natal e a sua disposi\u00e7\u00e3o de fortalecer nosso partido\u201d.<\/p>\n<p>Nascido em Itabuna e expoente do movimento estudantil da regi\u00e3o, T\u00e1ssio foi coordenador geral do Diret\u00f3rio Central dos Estudantes da Uesc e vice-presidente nacional da Uni\u00e3o Nacional dos estudantes (UNE). O candidato tamb\u00e9m tem importantes experi\u00eancias como dirigente municipal do partido em Itabuna, vice-presidente e, agora, \u00e9 secret\u00e1rio de Finan\u00e7as do PT Bahia.<\/p>\n<p><em>Siga o Acorda Cidade no<\/em><a href=\"https:\/\/news.google.com\/search?q=acorda%20cidade&amp;hl=pt-BR&amp;gl=BR&amp;ceid=BR%3Apt-419\"><strong><em> Google Not\u00edcias<\/em><\/strong><\/a><em> e receba os principais destaques do dia. Participe tamb\u00e9m dos nossos canais no <\/em><a href=\"https:\/\/whatsapp.com\/channel\/0029Va6Rb4v3WHTNnsh8WI3N\"><strong><em>WhatsApp<\/em><\/strong><\/a><em> e <\/em><a href=\"https:\/\/www.youtube.com\/@acordacidadenoticias\/videos\"><strong>YouTube<\/strong><\/a><em> e do grupo no <\/em><a href=\"https:\/\/t.me\/+sSz0khrgARA0ZmRh\"><strong><em>Telegram<\/em><\/strong><\/a><em>.<\/em><\/p>\n<\/div>\n","protected":false},"excerpt":{"rendered":"<div>\n<div>\n<figure><img decoding=\"async\" src=\"https:\/\/uploads.acordacidade.com.br\/2025\/05\/Mais-um-candidato-anuncia-apoio-a-Tassio-Brito-a-presidencia-do-PT-Bahia-foto-divulgacao.jpg\" alt=\"Mais um candidato anuncia apoio a T\u00e1ssio Brito \u00e0 presid\u00eancia do PT Bahia foto divulga\u00e7\u00e3o\"><figcaption>Foto: Divulga\u00e7\u00e3o\/Ascom PT Bahia<\/figcaption><\/figure>\n<\/div>\n<p>Apoio do vereador de Itabuna, Manoel Porf\u00edrio, fortalece nome do secret\u00e1rio de Finan\u00e7as do Partido, que conta com o respaldo de Jaques Wagner<\/p><\/div>\n","protected":false},"author":1,"featured_media":85478,"comment_status":"closed","ping_status":"closed","sticky":false,"template":"","format":"gallery","meta":{"footnotes":""},"categories":[8,9,6,57,56,10],"tags":[],"class_list":["post-85477","post","type-post","status-publish","format-gallery","has-post-thumbnail","hentry","category-bahia","category-brasil","category-feira-de-santana","category-mundo","category-policia","category-politica","post_format-post-format-gallery"],"featured_image_urls":{"full":["https:\/\/noticiasbahia360.com.br\/wp-content\/uploads\/2025\/05\/Mais-um-candidato-anuncia-apoio-a-Tassio-Brito-a-presidencia-do-PT-Bahia-foto-divulgacao.jpg",1200,900,false],"thumbnail":["https:\/\/noticiasbahia360.com.br\/wp-content\/uploads\/2025\/05\/Mais-um-candidato-anuncia-apoio-a-Tassio-Brito-a-presidencia-do-PT-Bahia-foto-divulgacao-150x150.jpg",150,150,true],"medium":["https:\/\/noticiasbahia360.com.br\/wp-content\/uploads\/2025\/05\/Mais-um-candidato-anuncia-apoio-a-Tassio-Brito-a-presidencia-do-PT-Bahia-foto-divulgacao-300x225.jpg",300,225,true],"medium_large":["https:\/\/noticiasbahia360.com.br\/wp-content\/uploads\/2025\/05\/Mais-um-candidato-anuncia-apoio-a-Tassio-Brito-a-presidencia-do-PT-Bahia-foto-divulgacao-768x576.jpg",640,480,true],"large":["https:\/\/noticiasbahia360.com.br\/wp-content\/uploads\/2025\/05\/Mais-um-candidato-anuncia-apoio-a-Tassio-Brito-a-presidencia-do-PT-Bahia-foto-divulgacao-1024x768.jpg",640,480,true],"1536x1536":["https:\/\/noticiasbahia360.com.br\/wp-content\/uploads\/2025\/05\/Mais-um-candidato-anuncia-apoio-a-Tassio-Brito-a-presidencia-do-PT-Bahia-foto-divulgacao.jpg",1200,900,false],"2048x2048":["https:\/\/noticiasbahia360.com.br\/wp-content\/uploads\/2025\/05\/Mais-um-candidato-anuncia-apoio-a-Tassio-Brito-a-presidencia-do-PT-Bahia-foto-divulgacao.jpg",1200,900,false],"chromenews-featured":["https:\/\/noticiasbahia360.com.br\/wp-content\/uploads\/2025\/05\/Mais-um-candidato-anuncia-apoio-a-Tassio-Brito-a-presidencia-do-PT-Bahia-foto-divulgacao-1024x768.jpg",1024,768,true],"chromenews-large":["https:\/\/noticiasbahia360.com.br\/wp-content\/uploads\/2025\/05\/Mais-um-candidato-anuncia-apoio-a-Tassio-Brito-a-presidencia-do-PT-Bahia-foto-divulgacao-825x575.jpg",825,575,true],"chromenews-medium":["https:\/\/noticiasbahia360.com.br\/wp-content\/uploads\/2025\/05\/Mais-um-candidato-anuncia-apoio-a-Tassio-Brito-a-presidencia-do-PT-Bahia-foto-divulgacao-590x410.jpg",590,410,true]},"author_info":{"display_name":"noticiasbahia360.com.br","author_link":"https:\/\/noticiasbahia360.com.br\/?author=1"},"category_info":"<a href=\"https:\/\/noticiasbahia360.com.br\/?cat=8\" rel=\"category\">Bahia<\/a> <a href=\"https:\/\/noticiasbahia360.com.br\/?cat=9\" rel=\"category\">Brasil<\/a> <a href=\"https:\/\/noticiasbahia360.com.br\/?cat=6\" rel=\"category\">Feira de Santana<\/a> <a href=\"https:\/\/noticiasbahia360.com.br\/?cat=57\" rel=\"category\">Mundo<\/a> <a href=\"https:\/\/noticiasbahia360.com.br\/?cat=56\" rel=\"category\">Pol\u00edcia<\/a> <a href=\"https:\/\/noticiasbahia360.com.br\/?cat=10\" rel=\"category\">Pol\u00edtica<\/a>","tag_info":"Pol\u00edtica","comment_count":"0","_links":{"self":[{"href":"https:\/\/noticiasbahia360.com.br\/index.php?rest_route=\/wp\/v2\/posts\/85477","targetHints":{"allow":["GET"]}}],"collection":[{"href":"https:\/\/noticiasbahia360.com.br\/index.php?rest_route=\/wp\/v2\/posts"}],"about":[{"href":"https:\/\/noticiasbahia360.com.br\/index.php?rest_route=\/wp\/v2\/types\/post"}],"author":[{"embeddable":true,"href":"https:\/\/noticiasbahia360.com.br\/index.php?rest_route=\/wp\/v2\/users\/1"}],"replies":[{"embeddable":true,"href":"https:\/\/noticiasbahia360.com.br\/index.php?rest_route=%2Fwp%2Fv2%2Fcomments&post=85477"}],"version-history":[{"count":0,"href":"https:\/\/noticiasbahia360.com.br\/index.php?rest_route=\/wp\/v2\/posts\/85477\/revisions"}],"wp:featuredmedia":[{"embeddable":true,"href":"https:\/\/noticiasbahia360.com.br\/index.php?rest_route=\/wp\/v2\/media\/85478"}],"wp:attachment":[{"href":"https:\/\/noticiasbahia360.com.br\/index.php?rest_route=%2Fwp%2Fv2%2Fmedia&parent=85477"}],"wp:term":[{"taxonomy":"category","embeddable":true,"href":"https:\/\/noticiasbahia360.com.br\/index.php?rest_route=%2Fwp%2Fv2%2Fcategories&post=85477"},{"taxonomy":"post_tag","embeddable":true,"href":"https:\/\/noticiasbahia360.com.br\/index.php?rest_route=%2Fwp%2Fv2%2Ftags&post=85477"}],"curies":[{"name":"wp","href":"https:\/\/api.w.org\/{rel}","templated":true}]}}