{"id":85479,"date":"2025-05-08T23:34:16","date_gmt":"2025-05-09T02:34:16","guid":{"rendered":"https:\/\/noticiasbahia360.com.br\/?p=85479"},"modified":"2025-05-08T23:34:16","modified_gmt":"2025-05-09T02:34:16","slug":"camara-de-feira-de-santana-homenageia-familia-magalhaes-com-titulos-de-cidadania-feirense-e-comenda-maria-quiteria","status":"publish","type":"post","link":"https:\/\/noticiasbahia360.com.br\/?p=85479","title":{"rendered":"C\u00e2mara de Feira de Santana homenageia fam\u00edlia Magalh\u00e3es com t\u00edtulos de Cidadania Feirense e Comenda Maria Quit\u00e9ria"},"content":{"rendered":"<div>\n<div>\n<figure><img decoding=\"async\" src=\"http:\/\/noticiasbahia360.com.br\/wp-content\/uploads\/2025\/05\/acm-neto-foto-jefferson-araujo-acorda-cidade-2025.jpg\" alt=\"ACM Neto\"><figcaption>ACM Neto | Foto: Jefferson Ara\u00fajo\/Acorda Cidade<\/figcaption><\/figure>\n<\/div>\n<p>A fam\u00edlia Magalh\u00e3es foi homenageada pela C\u00e2mara de Vereadores de Feira de Santana. Uma sess\u00e3o solene, realizada na noite desta quinta-feira (8), marcou a entrega de t\u00edtulos de cidadania feirense aos leg\u00edtimos representantes do carlismo na Bahia. O evento contou com a presen\u00e7a de diversos pol\u00edticos e autoridades.<\/p>\n<p>Ao todo, tr\u00eas figuras marcantes, tanto para a hist\u00f3ria pol\u00edtica baiana quanto para a nacional, foram homenageadas: o ex-governador da Bahia, Ant\u00f4nio Carlos Magalh\u00e3es (ACM), falecido em 2007, recebeu o t\u00edtulo de cidad\u00e3o feirense in memoriam. O ex-senador ACM J\u00fanior tamb\u00e9m recebeu o t\u00edtulo de cidad\u00e3o feirense.<\/p>\n<figure class=\"wp-block-image size-large\"><img fetchpriority=\"high\" data-dominant-color=\"716a64\" data-has-transparency=\"false\" style=\"--dominant-color: #716a64;\" fetchpriority=\"high\" decoding=\"async\" width=\"1024\" height=\"683\" sizes=\"(max-width: 1024px) 100vw, 1024px\" src=\"http:\/\/noticiasbahia360.com.br\/wp-content\/uploads\/2025\/05\/iRyoCf47-ACM-neto-recebe-cidadania-feirense-e-comenda-maria-quiteria-1024x683-1.webp\" alt=\"ACM neto recebe cidadania feirense e comenda maria Quit\u00e9ria\" class=\"wp-image-551298 not-transparent\" srcset=\"https:\/\/uploads.acordacidade.com.br\/2025\/05\/iRyoCf47-ACM-neto-recebe-cidadania-feirense-e-comenda-maria-quiteria-300x200.webp 300w, http:\/\/noticiasbahia360.com.br\/wp-content\/uploads\/2025\/05\/iRyoCf47-ACM-neto-recebe-cidadania-feirense-e-comenda-maria-quiteria-1024x683-1.webp 1024w, https:\/\/uploads.acordacidade.com.br\/2025\/05\/iRyoCf47-ACM-neto-recebe-cidadania-feirense-e-comenda-maria-quiteria-768x512.webp 768w, https:\/\/uploads.acordacidade.com.br\/2025\/05\/iRyoCf47-ACM-neto-recebe-cidadania-feirense-e-comenda-maria-quiteria-150x100.webp 150w, https:\/\/uploads.acordacidade.com.br\/2025\/05\/iRyoCf47-ACM-neto-recebe-cidadania-feirense-e-comenda-maria-quiteria.webp 1200w\"><figcaption class=\"wp-element-caption\">Foto: Jefferson Ara\u00fajo\/Acorda Cidade<\/figcaption><\/figure>\n<p>ACM Neto, ex-prefeito de Salvador e atual vice-presidente nacional do partido Uni\u00e3o Brasil, al\u00e9m de receber o t\u00edtulo de cidad\u00e3o feirense, foi agraciado com a Comenda Maria Quit\u00e9ria, a mais alta honraria do munic\u00edpio de Feira de Santana. Coube a Neto receber simbolicamente o t\u00edtulo do av\u00f4.<\/p>\n<p>Os t\u00edtulos foram uma indica\u00e7\u00e3o dos ex-vereadores Everton Cerqueira e Reinaldo Vieira (Rony), ambos falecidos, e do ent\u00e3o vereador, hoje deputado estadual, Jos\u00e9 de Arimateia (Republicanos). A iniciativa de realizar uma sess\u00e3o solene para fazer a entrega das honrarias partiu do vereador Lulinha (Uni\u00e3o Brasil).<\/p>\n<figure class=\"wp-block-image size-large\"><img data-dominant-color=\"8c8787\" data-has-transparency=\"false\" style=\"--dominant-color: #8c8787;\" decoding=\"async\" width=\"1024\" height=\"683\" sizes=\"(max-width: 1024px) 100vw, 1024px\" src=\"http:\/\/noticiasbahia360.com.br\/wp-content\/uploads\/2025\/05\/CYEV05W8-ACM-neto-recebe-cidadania-feirense-e-comenda-maria-quiteria-sessao-solene-01-1024x683-1.webp\" alt=\"ACM neto recebe cidadania feirense e comenda maria Quit\u00e9ria\" class=\"wp-image-551304 not-transparent\" srcset=\"https:\/\/uploads.acordacidade.com.br\/2025\/05\/CYEV05W8-ACM-neto-recebe-cidadania-feirense-e-comenda-maria-quiteria-sessao-solene-01-300x200.webp 300w, http:\/\/noticiasbahia360.com.br\/wp-content\/uploads\/2025\/05\/CYEV05W8-ACM-neto-recebe-cidadania-feirense-e-comenda-maria-quiteria-sessao-solene-01-1024x683-1.webp 1024w, https:\/\/uploads.acordacidade.com.br\/2025\/05\/CYEV05W8-ACM-neto-recebe-cidadania-feirense-e-comenda-maria-quiteria-sessao-solene-01-768x512.webp 768w, https:\/\/uploads.acordacidade.com.br\/2025\/05\/CYEV05W8-ACM-neto-recebe-cidadania-feirense-e-comenda-maria-quiteria-sessao-solene-01-150x100.webp 150w, https:\/\/uploads.acordacidade.com.br\/2025\/05\/CYEV05W8-ACM-neto-recebe-cidadania-feirense-e-comenda-maria-quiteria-sessao-solene-01.webp 1200w\"><figcaption class=\"wp-element-caption\">Foto: Jefferson Ara\u00fajo\/Acorda Cidade<\/figcaption><\/figure>\n<p>Durante a solenidade, ACM Neto agradeceu a homenagem e afirmou que o reconhecimento aumenta ainda mais seu compromisso com o munic\u00edpio. \u201cO sentimento que trago, al\u00e9m da gratid\u00e3o, \u00e9 tamb\u00e9m da responsabilidade, afinal de contas, depois de receber essa homenagem aumenta ainda mais meu compromisso de lutar por Feira, servir a Feira e de trabalhar pela Bahia sempre tendo uma aten\u00e7\u00e3o maior para Feira de Santana\u201d, declarou.<\/p>\n<figure class=\"wp-block-image size-large\"><img data-dominant-color=\"b3b5c7\" data-has-transparency=\"false\" style=\"--dominant-color: #b3b5c7;\" decoding=\"async\" width=\"1024\" height=\"544\" sizes=\"(max-width: 1024px) 100vw, 1024px\" src=\"http:\/\/noticiasbahia360.com.br\/wp-content\/uploads\/2025\/05\/r3gAd12Y-Vereador-Lulinha-foto-Jefferson-araujo-acorda-cidade-1024x544-1.webp\" alt=\"Vereador Lulinha\" class=\"wp-image-551297 not-transparent\" srcset=\"https:\/\/uploads.acordacidade.com.br\/2025\/05\/r3gAd12Y-Vereador-Lulinha-foto-Jefferson-araujo-acorda-cidade-300x160.webp 300w, http:\/\/noticiasbahia360.com.br\/wp-content\/uploads\/2025\/05\/r3gAd12Y-Vereador-Lulinha-foto-Jefferson-araujo-acorda-cidade-1024x544-1.webp 1024w, https:\/\/uploads.acordacidade.com.br\/2025\/05\/r3gAd12Y-Vereador-Lulinha-foto-Jefferson-araujo-acorda-cidade-768x408.webp 768w, https:\/\/uploads.acordacidade.com.br\/2025\/05\/r3gAd12Y-Vereador-Lulinha-foto-Jefferson-araujo-acorda-cidade-150x80.webp 150w, https:\/\/uploads.acordacidade.com.br\/2025\/05\/r3gAd12Y-Vereador-Lulinha-foto-Jefferson-araujo-acorda-cidade.webp 1200w\"><figcaption class=\"wp-element-caption\">Foto: Jefferson Ara\u00fajo\/Acorda Cidade<\/figcaption><\/figure>\n<p>O vereador Lulinha explicou o motivo da homenagem \u00e0 fam\u00edlia Magalh\u00e3es. \u201cEu sou do Uni\u00e3o Brasil, tenho um la\u00e7o de amizade com ACM Neto, estive conversando com ele, falando que ele tinha essas honrarias para receber, seu pai, seu av\u00f4 e ele. As duas honrarias foram de colegas vereadores nossos que j\u00e1 se foram\u201d, afirmou. Segundo ele, a presen\u00e7a de ACM Neto em Feira de Santana \u00e9 constante, com contribui\u00e7\u00f5es durante as gest\u00f5es dos ex-prefeitos Jos\u00e9 Ronaldo e Colbert Martins. \u201cMais do que justo homenagear aqueles que j\u00e1 fizeram, contribu\u00edram, n\u00e3o s\u00f3 com Feira de Santana, mas com a Bahia e com o Brasil.\u201d<\/p>\n<figure class=\"wp-block-image size-large\"><img data-dominant-color=\"7a7571\" data-has-transparency=\"false\" style=\"--dominant-color: #7a7571;\" decoding=\"async\" width=\"1024\" height=\"683\" sizes=\"(max-width: 1024px) 100vw, 1024px\" src=\"http:\/\/noticiasbahia360.com.br\/wp-content\/uploads\/2025\/05\/wIX5mBWl-solenidade-1024x683-1.webp\" alt=\"ACM neto recebe cidadania feirense e comenda maria Quit\u00e9ria\" class=\"wp-image-551299 not-transparent\" srcset=\"https:\/\/uploads.acordacidade.com.br\/2025\/05\/wIX5mBWl-solenidade-300x200.webp 300w, http:\/\/noticiasbahia360.com.br\/wp-content\/uploads\/2025\/05\/wIX5mBWl-solenidade-1024x683-1.webp 1024w, https:\/\/uploads.acordacidade.com.br\/2025\/05\/wIX5mBWl-solenidade-768x512.webp 768w, https:\/\/uploads.acordacidade.com.br\/2025\/05\/wIX5mBWl-solenidade-150x100.webp 150w, https:\/\/uploads.acordacidade.com.br\/2025\/05\/wIX5mBWl-solenidade.webp 1200w\"><figcaption class=\"wp-element-caption\">Foto: Jefferson Ara\u00fajo\/Acorda Cidade<\/figcaption><\/figure>\n<figure class=\"wp-block-image size-large\"><img loading=\"lazy\" data-dominant-color=\"847f7a\" data-has-transparency=\"false\" style=\"--dominant-color: #847f7a;\" decoding=\"async\" width=\"1024\" height=\"676\" sizes=\"(max-width: 1024px) 100vw, 1024px\" src=\"http:\/\/noticiasbahia360.com.br\/wp-content\/uploads\/2025\/05\/9OdA221g-Deputado-Jose-de-arimateia-1024x676-1.webp\" alt=\"Jos\u00e9 de Arimateia\" class=\"wp-image-551301 not-transparent\" srcset=\"https:\/\/uploads.acordacidade.com.br\/2025\/05\/9OdA221g-Deputado-Jose-de-arimateia-300x198.webp 300w, http:\/\/noticiasbahia360.com.br\/wp-content\/uploads\/2025\/05\/9OdA221g-Deputado-Jose-de-arimateia-1024x676-1.webp 1024w, https:\/\/uploads.acordacidade.com.br\/2025\/05\/9OdA221g-Deputado-Jose-de-arimateia-768x507.webp 768w, https:\/\/uploads.acordacidade.com.br\/2025\/05\/9OdA221g-Deputado-Jose-de-arimateia-150x99.webp 150w, https:\/\/uploads.acordacidade.com.br\/2025\/05\/9OdA221g-Deputado-Jose-de-arimateia.webp 1200w\"><figcaption class=\"wp-element-caption\">Jos\u00e9 de Arimateia | Foto: Jefferson Ara\u00fajo\/Acorda Cidade<\/figcaption><\/figure>\n<figure class=\"wp-block-image size-large\"><img loading=\"lazy\" data-dominant-color=\"9094ab\" data-has-transparency=\"false\" style=\"--dominant-color: #9094ab;\" decoding=\"async\" width=\"1024\" height=\"683\" sizes=\"(max-width: 1024px) 100vw, 1024px\" src=\"http:\/\/noticiasbahia360.com.br\/wp-content\/uploads\/2025\/05\/NL6916IC-ACM-neto-recebe-cidadania-feirense-e-comenda-maria-quiteria-sessao-solene-foto-Jefferson-Araujo-acorda-cidade-1024x683-1.webp\" alt=\"\" class=\"wp-image-551305 not-transparent\" srcset=\"https:\/\/uploads.acordacidade.com.br\/2025\/05\/NL6916IC-ACM-neto-recebe-cidadania-feirense-e-comenda-maria-quiteria-sessao-solene-foto-Jefferson-Araujo-acorda-cidade-300x200.webp 300w, http:\/\/noticiasbahia360.com.br\/wp-content\/uploads\/2025\/05\/NL6916IC-ACM-neto-recebe-cidadania-feirense-e-comenda-maria-quiteria-sessao-solene-foto-Jefferson-Araujo-acorda-cidade-1024x683-1.webp 1024w, https:\/\/uploads.acordacidade.com.br\/2025\/05\/NL6916IC-ACM-neto-recebe-cidadania-feirense-e-comenda-maria-quiteria-sessao-solene-foto-Jefferson-Araujo-acorda-cidade-768x512.webp 768w, https:\/\/uploads.acordacidade.com.br\/2025\/05\/NL6916IC-ACM-neto-recebe-cidadania-feirense-e-comenda-maria-quiteria-sessao-solene-foto-Jefferson-Araujo-acorda-cidade-150x100.webp 150w, https:\/\/uploads.acordacidade.com.br\/2025\/05\/NL6916IC-ACM-neto-recebe-cidadania-feirense-e-comenda-maria-quiteria-sessao-solene-foto-Jefferson-Araujo-acorda-cidade.webp 1200w\"><\/figure>\n<figure class=\"wp-block-image size-large\"><img loading=\"lazy\" data-dominant-color=\"87827f\" data-has-transparency=\"false\" style=\"--dominant-color: #87827f;\" decoding=\"async\" width=\"1024\" height=\"683\" sizes=\"(max-width: 1024px) 100vw, 1024px\" src=\"http:\/\/noticiasbahia360.com.br\/wp-content\/uploads\/2025\/05\/pDbEbsmM-ACM-Neto-e-Pablo-Roberto-foto-Jefferson-Araujo-Acorda-Cidade-1024x683-1.webp\" alt=\"ACM Neto e Pablo Roberto\" class=\"wp-image-551302 not-transparent\" srcset=\"https:\/\/uploads.acordacidade.com.br\/2025\/05\/pDbEbsmM-ACM-Neto-e-Pablo-Roberto-foto-Jefferson-Araujo-Acorda-Cidade-300x200.webp 300w, http:\/\/noticiasbahia360.com.br\/wp-content\/uploads\/2025\/05\/pDbEbsmM-ACM-Neto-e-Pablo-Roberto-foto-Jefferson-Araujo-Acorda-Cidade-1024x683-1.webp 1024w, https:\/\/uploads.acordacidade.com.br\/2025\/05\/pDbEbsmM-ACM-Neto-e-Pablo-Roberto-foto-Jefferson-Araujo-Acorda-Cidade-768x512.webp 768w, https:\/\/uploads.acordacidade.com.br\/2025\/05\/pDbEbsmM-ACM-Neto-e-Pablo-Roberto-foto-Jefferson-Araujo-Acorda-Cidade-150x100.webp 150w, https:\/\/uploads.acordacidade.com.br\/2025\/05\/pDbEbsmM-ACM-Neto-e-Pablo-Roberto-foto-Jefferson-Araujo-Acorda-Cidade.webp 1200w\"><figcaption class=\"wp-element-caption\">Foto: Jefferson Ara\u00fajo\/Acorda Cidade<\/figcaption><\/figure>\n<p><em>Siga o Acorda Cidade no<\/em><a href=\"https:\/\/news.google.com\/search?q=acorda%20cidade&amp;hl=pt-BR&amp;gl=BR&amp;ceid=BR%3Apt-419\"><strong><em> Google Not\u00edcias<\/em><\/strong><\/a><em> e receba os principais destaques do dia. Participe tamb\u00e9m dos nossos canais no <\/em><a href=\"https:\/\/whatsapp.com\/channel\/0029Va6Rb4v3WHTNnsh8WI3N\"><strong><em>WhatsApp<\/em><\/strong><\/a><em> e <\/em><a href=\"https:\/\/www.youtube.com\/@acordacidadenoticias\/videos\"><strong>YouTube<\/strong><\/a><em> e do grupo no <\/em><a href=\"https:\/\/t.me\/+sSz0khrgARA0ZmRh\"><strong><em>Telegram<\/em><\/strong><\/a><em>.<\/em><\/p>\n<\/div>\n","protected":false},"excerpt":{"rendered":"<div>\n<div>\n<figure><img decoding=\"async\" src=\"https:\/\/uploads.acordacidade.com.br\/2025\/05\/acm-neto-foto-jefferson-araujo-acorda-cidade-2025.jpg\" alt=\"ACM Neto\"><figcaption>ACM Neto | Foto: Jefferson Ara\u00fajo\/Acorda Cidade<\/figcaption><\/figure>\n<\/div>\n<p>A fam\u00edlia Magalh\u00e3es foi homenageada pela C\u00e2mara de Vereadores de Feira de Santana. Uma sess\u00e3o solene, realizada na noite desta quinta-feira (8), marcou a entrega de t\u00edtulos de cidadania feirense aos leg\u00edtimos representantes do carlismo na Bahia. O evento contou com a presen\u00e7a de diversos pol\u00edticos e autoridades. Ao todo, tr\u00eas figuras marcantes, tanto para [\u2026]<\/p><\/div>\n","protected":false},"author":1,"featured_media":85480,"comment_status":"closed","ping_status":"closed","sticky":false,"template":"","format":"gallery","meta":{"footnotes":""},"categories":[8,9,6,57,56,10],"tags":[],"class_list":["post-85479","post","type-post","status-publish","format-gallery","has-post-thumbnail","hentry","category-bahia","category-brasil","category-feira-de-santana","category-mundo","category-policia","category-politica","post_format-post-format-gallery"],"featured_image_urls":{"full":["https:\/\/noticiasbahia360.com.br\/wp-content\/uploads\/2025\/05\/acm-neto-foto-jefferson-araujo-acorda-cidade-2025.jpg",1200,850,false],"thumbnail":["https:\/\/noticiasbahia360.com.br\/wp-content\/uploads\/2025\/05\/acm-neto-foto-jefferson-araujo-acorda-cidade-2025-150x150.jpg",150,150,true],"medium":["https:\/\/noticiasbahia360.com.br\/wp-content\/uploads\/2025\/05\/acm-neto-foto-jefferson-araujo-acorda-cidade-2025-300x213.jpg",300,213,true],"medium_large":["https:\/\/noticiasbahia360.com.br\/wp-content\/uploads\/2025\/05\/acm-neto-foto-jefferson-araujo-acorda-cidade-2025-768x544.jpg",640,453,true],"large":["https:\/\/noticiasbahia360.com.br\/wp-content\/uploads\/2025\/05\/acm-neto-foto-jefferson-araujo-acorda-cidade-2025-1024x725.jpg",640,453,true],"1536x1536":["https:\/\/noticiasbahia360.com.br\/wp-content\/uploads\/2025\/05\/acm-neto-foto-jefferson-araujo-acorda-cidade-2025.jpg",1200,850,false],"2048x2048":["https:\/\/noticiasbahia360.com.br\/wp-content\/uploads\/2025\/05\/acm-neto-foto-jefferson-araujo-acorda-cidade-2025.jpg",1200,850,false],"chromenews-featured":["https:\/\/noticiasbahia360.com.br\/wp-content\/uploads\/2025\/05\/acm-neto-foto-jefferson-araujo-acorda-cidade-2025-1024x725.jpg",1024,725,true],"chromenews-large":["https:\/\/noticiasbahia360.com.br\/wp-content\/uploads\/2025\/05\/acm-neto-foto-jefferson-araujo-acorda-cidade-2025-825x575.jpg",825,575,true],"chromenews-medium":["https:\/\/noticiasbahia360.com.br\/wp-content\/uploads\/2025\/05\/acm-neto-foto-jefferson-araujo-acorda-cidade-2025-590x410.jpg",590,410,true]},"author_info":{"display_name":"noticiasbahia360.com.br","author_link":"https:\/\/noticiasbahia360.com.br\/?author=1"},"category_info":"<a href=\"https:\/\/noticiasbahia360.com.br\/?cat=8\" rel=\"category\">Bahia<\/a> <a href=\"https:\/\/noticiasbahia360.com.br\/?cat=9\" rel=\"category\">Brasil<\/a> <a href=\"https:\/\/noticiasbahia360.com.br\/?cat=6\" rel=\"category\">Feira de Santana<\/a> <a href=\"https:\/\/noticiasbahia360.com.br\/?cat=57\" rel=\"category\">Mundo<\/a> <a href=\"https:\/\/noticiasbahia360.com.br\/?cat=56\" rel=\"category\">Pol\u00edcia<\/a> <a href=\"https:\/\/noticiasbahia360.com.br\/?cat=10\" rel=\"category\">Pol\u00edtica<\/a>","tag_info":"Pol\u00edtica","comment_count":"0","_links":{"self":[{"href":"https:\/\/noticiasbahia360.com.br\/index.php?rest_route=\/wp\/v2\/posts\/85479","targetHints":{"allow":["GET"]}}],"collection":[{"href":"https:\/\/noticiasbahia360.com.br\/index.php?rest_route=\/wp\/v2\/posts"}],"about":[{"href":"https:\/\/noticiasbahia360.com.br\/index.php?rest_route=\/wp\/v2\/types\/post"}],"author":[{"embeddable":true,"href":"https:\/\/noticiasbahia360.com.br\/index.php?rest_route=\/wp\/v2\/users\/1"}],"replies":[{"embeddable":true,"href":"https:\/\/noticiasbahia360.com.br\/index.php?rest_route=%2Fwp%2Fv2%2Fcomments&post=85479"}],"version-history":[{"count":0,"href":"https:\/\/noticiasbahia360.com.br\/index.php?rest_route=\/wp\/v2\/posts\/85479\/revisions"}],"wp:featuredmedia":[{"embeddable":true,"href":"https:\/\/noticiasbahia360.com.br\/index.php?rest_route=\/wp\/v2\/media\/85480"}],"wp:attachment":[{"href":"https:\/\/noticiasbahia360.com.br\/index.php?rest_route=%2Fwp%2Fv2%2Fmedia&parent=85479"}],"wp:term":[{"taxonomy":"category","embeddable":true,"href":"https:\/\/noticiasbahia360.com.br\/index.php?rest_route=%2Fwp%2Fv2%2Fcategories&post=85479"},{"taxonomy":"post_tag","embeddable":true,"href":"https:\/\/noticiasbahia360.com.br\/index.php?rest_route=%2Fwp%2Fv2%2Ftags&post=85479"}],"curies":[{"name":"wp","href":"https:\/\/api.w.org\/{rel}","templated":true}]}}