{"id":85488,"date":"2025-05-09T00:00:27","date_gmt":"2025-05-09T03:00:27","guid":{"rendered":"https:\/\/noticiasbahia360.com.br\/?p=85488"},"modified":"2025-05-09T00:00:27","modified_gmt":"2025-05-09T03:00:27","slug":"falso-policial-civil-e-preso-por-crimes-de-extorsao-e-usurpacao-da-funcao-publica-em-muritiba","status":"publish","type":"post","link":"https:\/\/noticiasbahia360.com.br\/?p=85488","title":{"rendered":"Falso policial civil \u00e9 preso por crimes de extors\u00e3o e usurpa\u00e7\u00e3o da fun\u00e7\u00e3o p\u00fablica em Muritiba"},"content":{"rendered":"<div>\n<div>\n<figure><img decoding=\"async\" src=\"http:\/\/noticiasbahia360.com.br\/wp-content\/uploads\/2025\/05\/falso-policial-e-preso.jpg\" alt=\"Falso policial civil \u00e9 preso por crimes de extors\u00e3o e usurpa\u00e7\u00e3o da fun\u00e7\u00e3o p\u00fablica em Muritiba\"><figcaption>Foto: Divulga\u00e7\u00e3o\/Ascom\/PCBA<\/figcaption><\/figure>\n<\/div>\n<p>A <a href=\"https:\/\/www.acordacidade.com.br\/tag\/policia-civil\/\">Pol\u00edcia Civil da Bahia<\/a>, por meio das equipes do Servi\u00e7o de Investiga\u00e7\u00e3o da 4\u00aa Coordenadoria Regional de Pol\u00edcia do Interior (Coorpin), da Coordena\u00e7\u00e3o de Apoio T\u00e9cnico e T\u00e1tico \u00e0 Investiga\u00e7\u00e3o (CATTI\/Leste) e da Delegacia Territorial (DT\/Muritiba), cumpriu os mandados de pris\u00e3o preventiva e de busca e apreens\u00e3o domiciliar de um <strong>homem acusado de extors\u00e3o e usurpa\u00e7\u00e3o de fun\u00e7\u00e3o p\u00fablica.<\/strong><\/p>\n<p>O suspeito foi localizado nesta quinta-feira (8), na sua resid\u00eancia no distrito de S\u00e3o Jos\u00e9 de Itapor\u00e3, munic\u00edpio de Muritiba, a 114 km de Salvador.<strong> Segundo as investiga\u00e7\u00f5es, ele se passava por policial civil naquela cidade.<\/strong><\/p>\n<p>Mesmo afastado da sua fun\u00e7\u00e3o, como auxiliar administrativo da Delegacia Territorial de Muritiba<strong>, h\u00e1 cerca de um ano, o acusado dizia que era policial e exigia quantias em dinheiro ap\u00f3s resolver problemas das v\u00edtimas, inclusive mediante graves amea\u00e7as.<\/strong><\/p>\n<p>Durante o cumprimento da busca domiciliar, os investigadores apreenderam celulares, acess\u00f3rios militares (coldres, cinto t\u00e1tico) e fardas da Pol\u00edcia Civil da Bahia. O acusado e todos os objetos apreendidos foram apresentados na Delegacia Territorial de Santo Ant\u00f4nio de Jesus. O homem foi submetido aos exames de praxe e est\u00e1 \u00e0 disposi\u00e7\u00e3o da Justi\u00e7a.<\/p>\n<p><em>Siga o Acorda Cidade no<\/em><a href=\"https:\/\/news.google.com\/search?q=acorda%20cidade&amp;hl=pt-BR&amp;gl=BR&amp;ceid=BR%3Apt-419\"><strong><em> Google Not\u00edcias<\/em><\/strong><\/a><em> e receba os principais destaques do dia. Participe tamb\u00e9m dos nossos canais no <\/em><a href=\"https:\/\/whatsapp.com\/channel\/0029Va6Rb4v3WHTNnsh8WI3N\"><strong><em>WhatsApp<\/em><\/strong><\/a><em> e <\/em><a href=\"https:\/\/www.youtube.com\/@acordacidadenoticias\/videos\"><strong>YouTube<\/strong><\/a><em> e do grupo no <\/em><a href=\"https:\/\/t.me\/+sSz0khrgARA0ZmRh\"><strong><em>Telegram<\/em><\/strong><\/a><em>.<\/em><\/p>\n<\/div>\n","protected":false},"excerpt":{"rendered":"<div>\n<div>\n<figure><img decoding=\"async\" src=\"https:\/\/uploads.acordacidade.com.br\/2025\/05\/falso-policial-e-preso.jpg\" alt=\"Falso policial civil \u00e9 preso por crimes de extors\u00e3o e usurpa\u00e7\u00e3o da fun\u00e7\u00e3o p\u00fablica em Muritiba\"><figcaption>Foto: Divulga\u00e7\u00e3o\/Ascom\/PCBA<\/figcaption><\/figure>\n<\/div>\n<p>O acusado j\u00e1 havia trabalhado, h\u00e1 cerca de um ano, como auxiliar administrativo na Delegacia Territorial da cidade.<\/p><\/div>\n","protected":false},"author":1,"featured_media":85489,"comment_status":"closed","ping_status":"closed","sticky":false,"template":"","format":"gallery","meta":{"footnotes":""},"categories":[8,9,6,57,56,10],"tags":[],"class_list":["post-85488","post","type-post","status-publish","format-gallery","has-post-thumbnail","hentry","category-bahia","category-brasil","category-feira-de-santana","category-mundo","category-policia","category-politica","post_format-post-format-gallery"],"featured_image_urls":{"full":["https:\/\/noticiasbahia360.com.br\/wp-content\/uploads\/2025\/05\/falso-policial-e-preso.jpg",1200,801,false],"thumbnail":["https:\/\/noticiasbahia360.com.br\/wp-content\/uploads\/2025\/05\/falso-policial-e-preso-150x150.jpg",150,150,true],"medium":["https:\/\/noticiasbahia360.com.br\/wp-content\/uploads\/2025\/05\/falso-policial-e-preso-300x200.jpg",300,200,true],"medium_large":["https:\/\/noticiasbahia360.com.br\/wp-content\/uploads\/2025\/05\/falso-policial-e-preso-768x513.jpg",640,428,true],"large":["https:\/\/noticiasbahia360.com.br\/wp-content\/uploads\/2025\/05\/falso-policial-e-preso-1024x684.jpg",640,428,true],"1536x1536":["https:\/\/noticiasbahia360.com.br\/wp-content\/uploads\/2025\/05\/falso-policial-e-preso.jpg",1200,801,false],"2048x2048":["https:\/\/noticiasbahia360.com.br\/wp-content\/uploads\/2025\/05\/falso-policial-e-preso.jpg",1200,801,false],"chromenews-featured":["https:\/\/noticiasbahia360.com.br\/wp-content\/uploads\/2025\/05\/falso-policial-e-preso-1024x684.jpg",1024,684,true],"chromenews-large":["https:\/\/noticiasbahia360.com.br\/wp-content\/uploads\/2025\/05\/falso-policial-e-preso-825x575.jpg",825,575,true],"chromenews-medium":["https:\/\/noticiasbahia360.com.br\/wp-content\/uploads\/2025\/05\/falso-policial-e-preso-590x410.jpg",590,410,true]},"author_info":{"display_name":"noticiasbahia360.com.br","author_link":"https:\/\/noticiasbahia360.com.br\/?author=1"},"category_info":"<a href=\"https:\/\/noticiasbahia360.com.br\/?cat=8\" rel=\"category\">Bahia<\/a> <a href=\"https:\/\/noticiasbahia360.com.br\/?cat=9\" rel=\"category\">Brasil<\/a> <a href=\"https:\/\/noticiasbahia360.com.br\/?cat=6\" rel=\"category\">Feira de Santana<\/a> <a href=\"https:\/\/noticiasbahia360.com.br\/?cat=57\" rel=\"category\">Mundo<\/a> <a href=\"https:\/\/noticiasbahia360.com.br\/?cat=56\" rel=\"category\">Pol\u00edcia<\/a> <a href=\"https:\/\/noticiasbahia360.com.br\/?cat=10\" rel=\"category\">Pol\u00edtica<\/a>","tag_info":"Pol\u00edtica","comment_count":"0","_links":{"self":[{"href":"https:\/\/noticiasbahia360.com.br\/index.php?rest_route=\/wp\/v2\/posts\/85488","targetHints":{"allow":["GET"]}}],"collection":[{"href":"https:\/\/noticiasbahia360.com.br\/index.php?rest_route=\/wp\/v2\/posts"}],"about":[{"href":"https:\/\/noticiasbahia360.com.br\/index.php?rest_route=\/wp\/v2\/types\/post"}],"author":[{"embeddable":true,"href":"https:\/\/noticiasbahia360.com.br\/index.php?rest_route=\/wp\/v2\/users\/1"}],"replies":[{"embeddable":true,"href":"https:\/\/noticiasbahia360.com.br\/index.php?rest_route=%2Fwp%2Fv2%2Fcomments&post=85488"}],"version-history":[{"count":0,"href":"https:\/\/noticiasbahia360.com.br\/index.php?rest_route=\/wp\/v2\/posts\/85488\/revisions"}],"wp:featuredmedia":[{"embeddable":true,"href":"https:\/\/noticiasbahia360.com.br\/index.php?rest_route=\/wp\/v2\/media\/85489"}],"wp:attachment":[{"href":"https:\/\/noticiasbahia360.com.br\/index.php?rest_route=%2Fwp%2Fv2%2Fmedia&parent=85488"}],"wp:term":[{"taxonomy":"category","embeddable":true,"href":"https:\/\/noticiasbahia360.com.br\/index.php?rest_route=%2Fwp%2Fv2%2Fcategories&post=85488"},{"taxonomy":"post_tag","embeddable":true,"href":"https:\/\/noticiasbahia360.com.br\/index.php?rest_route=%2Fwp%2Fv2%2Ftags&post=85488"}],"curies":[{"name":"wp","href":"https:\/\/api.w.org\/{rel}","templated":true}]}}