{"id":85490,"date":"2025-05-09T06:44:37","date_gmt":"2025-05-09T09:44:37","guid":{"rendered":"https:\/\/noticiasbahia360.com.br\/?p=85490"},"modified":"2025-05-09T06:44:37","modified_gmt":"2025-05-09T09:44:37","slug":"vitima-de-tiros-no-bairro-gabriela-morre-no-hgca","status":"publish","type":"post","link":"https:\/\/noticiasbahia360.com.br\/?p=85490","title":{"rendered":"V\u00edtima de tiros no bairro Gabriela morre no HGCA"},"content":{"rendered":"<div>\n<div>\n<figure><img decoding=\"async\" src=\"http:\/\/noticiasbahia360.com.br\/wp-content\/uploads\/2025\/05\/emergencia-HGCA-foto-Ney-Silva-Acorda-Cidade.jpg\" alt=\"emerg\u00eancia - HGCA - jovem\"><figcaption>Ilustrativa | Foto: Ney Silva\/Acorda Cidade <\/figcaption><\/figure>\n<\/div>\n<p>Um homem foi assassinado a tiros na noite de quinta-feira (8), em Feira de Santana.  Ele foi identificado como F\u00e1bio Cazumb\u00e1 Lima, de 45 anos. Conforme informa\u00e7\u00f5es obtidas pelo Acorda Cidade junto a pol\u00edcia, F\u00e1bio estava na Avenida Ipanema, no bairro Gabriela, quando alvejado na barriga.<\/p>\n<figure class=\"wp-block-image size-large\"><img fetchpriority=\"high\" data-dominant-color=\"a09d8b\" data-has-transparency=\"false\" style=\"--dominant-color: #a09d8b;\" fetchpriority=\"high\" decoding=\"async\" width=\"1024\" height=\"643\" sizes=\"(max-width: 1024px) 100vw, 1024px\" src=\"http:\/\/noticiasbahia360.com.br\/wp-content\/uploads\/2025\/05\/quAhFu4m-Fabio-Cazumba-Lima-1024x643-1.webp\" alt=\"F\u00e1bio Cazumb\u00e1 Lima\" class=\"wp-image-551325 not-transparent\" srcset=\"https:\/\/uploads.acordacidade.com.br\/2025\/05\/quAhFu4m-Fabio-Cazumba-Lima-300x189.webp 300w, http:\/\/noticiasbahia360.com.br\/wp-content\/uploads\/2025\/05\/quAhFu4m-Fabio-Cazumba-Lima-1024x643-1.webp 1024w, https:\/\/uploads.acordacidade.com.br\/2025\/05\/quAhFu4m-Fabio-Cazumba-Lima-768x483.webp 768w, https:\/\/uploads.acordacidade.com.br\/2025\/05\/quAhFu4m-Fabio-Cazumba-Lima-150x94.webp 150w, https:\/\/uploads.acordacidade.com.br\/2025\/05\/quAhFu4m-Fabio-Cazumba-Lima.webp 1200w\"><figcaption class=\"wp-element-caption\"> F\u00e1bio Cazumb\u00e1 Lima<\/figcaption><\/figure>\n<p>Ele foi socorrido em estado grave para o Hospital Geral Cl\u00e9riston Andrade, em uma ambul\u00e2ncia do Servi\u00e7o de Atendimento M\u00f3vel de Urg\u00eancia (Samu), recebeu atendimento m\u00e9dico, mas n\u00e3o resistiu. Segundo o hospital, ele morreu \u00e0s 19h57.<\/p>\n<p>N\u00e3o foram divulgados os detalhes sobre como o crime aconteceu. A autoria e o motivo do crime ainda s\u00e3o desconhecidos.<\/p>\n<p>Com informa\u00e7\u00f5es do rep\u00f3rter Ed Santos do Acorda Cidade<\/p>\n<p><em>Siga o Acorda Cidade no<\/em><a href=\"https:\/\/news.google.com\/search?q=acorda%20cidade&amp;hl=pt-BR&amp;gl=BR&amp;ceid=BR%3Apt-419\"><strong><em> Google Not\u00edcias<\/em><\/strong><\/a><em> e receba os principais destaques do dia. Participe tamb\u00e9m dos nossos canais no <\/em><a href=\"https:\/\/whatsapp.com\/channel\/0029Va6Rb4v3WHTNnsh8WI3N\"><strong><em>WhatsApp<\/em><\/strong><\/a><em> e <\/em><a href=\"https:\/\/www.youtube.com\/@acordacidadenoticias\/videos\"><strong>YouTube<\/strong><\/a><em> e do grupo no <\/em><a href=\"https:\/\/t.me\/+sSz0khrgARA0ZmRh\"><strong><em>Telegram<\/em><\/strong><\/a><em>.<\/em><\/p>\n<\/div>\n","protected":false},"excerpt":{"rendered":"<div>\n<div>\n<figure><img decoding=\"async\" src=\"https:\/\/uploads.acordacidade.com.br\/wp-content\/uploads\/2024\/03\/13094901\/emergencia-HGCA-foto-Ney-Silva-Acorda-Cidade.jpg\" alt=\"emerg\u00eancia - HGCA - jovem\"><figcaption>Ilustrativa | Foto: Ney Silva\/Acorda Cidade <\/figcaption><\/figure>\n<\/div>\n<p>F\u00e1bio Cazumb\u00e1 foi socorrido em estado grave para o Hospital Geral Cl\u00e9riston Andrade, em uma ambul\u00e2ncia do Samu, mas n\u00e3o resistiu.<\/p><\/div>\n","protected":false},"author":1,"featured_media":85491,"comment_status":"closed","ping_status":"closed","sticky":false,"template":"","format":"gallery","meta":{"footnotes":""},"categories":[8,9,6,57,56,10],"tags":[],"class_list":["post-85490","post","type-post","status-publish","format-gallery","has-post-thumbnail","hentry","category-bahia","category-brasil","category-feira-de-santana","category-mundo","category-policia","category-politica","post_format-post-format-gallery"],"featured_image_urls":{"full":["https:\/\/noticiasbahia360.com.br\/wp-content\/uploads\/2025\/05\/emergencia-HGCA-foto-Ney-Silva-Acorda-Cidade.jpg",640,396,false],"thumbnail":["https:\/\/noticiasbahia360.com.br\/wp-content\/uploads\/2025\/05\/emergencia-HGCA-foto-Ney-Silva-Acorda-Cidade-150x150.jpg",150,150,true],"medium":["https:\/\/noticiasbahia360.com.br\/wp-content\/uploads\/2025\/05\/emergencia-HGCA-foto-Ney-Silva-Acorda-Cidade-300x186.jpg",300,186,true],"medium_large":["https:\/\/noticiasbahia360.com.br\/wp-content\/uploads\/2025\/05\/emergencia-HGCA-foto-Ney-Silva-Acorda-Cidade.jpg",640,396,false],"large":["https:\/\/noticiasbahia360.com.br\/wp-content\/uploads\/2025\/05\/emergencia-HGCA-foto-Ney-Silva-Acorda-Cidade.jpg",640,396,false],"1536x1536":["https:\/\/noticiasbahia360.com.br\/wp-content\/uploads\/2025\/05\/emergencia-HGCA-foto-Ney-Silva-Acorda-Cidade.jpg",640,396,false],"2048x2048":["https:\/\/noticiasbahia360.com.br\/wp-content\/uploads\/2025\/05\/emergencia-HGCA-foto-Ney-Silva-Acorda-Cidade.jpg",640,396,false],"chromenews-featured":["https:\/\/noticiasbahia360.com.br\/wp-content\/uploads\/2025\/05\/emergencia-HGCA-foto-Ney-Silva-Acorda-Cidade.jpg",640,396,false],"chromenews-large":["https:\/\/noticiasbahia360.com.br\/wp-content\/uploads\/2025\/05\/emergencia-HGCA-foto-Ney-Silva-Acorda-Cidade.jpg",640,396,false],"chromenews-medium":["https:\/\/noticiasbahia360.com.br\/wp-content\/uploads\/2025\/05\/emergencia-HGCA-foto-Ney-Silva-Acorda-Cidade-590x396.jpg",590,396,true]},"author_info":{"display_name":"noticiasbahia360.com.br","author_link":"https:\/\/noticiasbahia360.com.br\/?author=1"},"category_info":"<a href=\"https:\/\/noticiasbahia360.com.br\/?cat=8\" rel=\"category\">Bahia<\/a> <a href=\"https:\/\/noticiasbahia360.com.br\/?cat=9\" rel=\"category\">Brasil<\/a> <a href=\"https:\/\/noticiasbahia360.com.br\/?cat=6\" rel=\"category\">Feira de Santana<\/a> <a href=\"https:\/\/noticiasbahia360.com.br\/?cat=57\" rel=\"category\">Mundo<\/a> <a href=\"https:\/\/noticiasbahia360.com.br\/?cat=56\" rel=\"category\">Pol\u00edcia<\/a> <a href=\"https:\/\/noticiasbahia360.com.br\/?cat=10\" rel=\"category\">Pol\u00edtica<\/a>","tag_info":"Pol\u00edtica","comment_count":"0","_links":{"self":[{"href":"https:\/\/noticiasbahia360.com.br\/index.php?rest_route=\/wp\/v2\/posts\/85490","targetHints":{"allow":["GET"]}}],"collection":[{"href":"https:\/\/noticiasbahia360.com.br\/index.php?rest_route=\/wp\/v2\/posts"}],"about":[{"href":"https:\/\/noticiasbahia360.com.br\/index.php?rest_route=\/wp\/v2\/types\/post"}],"author":[{"embeddable":true,"href":"https:\/\/noticiasbahia360.com.br\/index.php?rest_route=\/wp\/v2\/users\/1"}],"replies":[{"embeddable":true,"href":"https:\/\/noticiasbahia360.com.br\/index.php?rest_route=%2Fwp%2Fv2%2Fcomments&post=85490"}],"version-history":[{"count":0,"href":"https:\/\/noticiasbahia360.com.br\/index.php?rest_route=\/wp\/v2\/posts\/85490\/revisions"}],"wp:featuredmedia":[{"embeddable":true,"href":"https:\/\/noticiasbahia360.com.br\/index.php?rest_route=\/wp\/v2\/media\/85491"}],"wp:attachment":[{"href":"https:\/\/noticiasbahia360.com.br\/index.php?rest_route=%2Fwp%2Fv2%2Fmedia&parent=85490"}],"wp:term":[{"taxonomy":"category","embeddable":true,"href":"https:\/\/noticiasbahia360.com.br\/index.php?rest_route=%2Fwp%2Fv2%2Fcategories&post=85490"},{"taxonomy":"post_tag","embeddable":true,"href":"https:\/\/noticiasbahia360.com.br\/index.php?rest_route=%2Fwp%2Fv2%2Ftags&post=85490"}],"curies":[{"name":"wp","href":"https:\/\/api.w.org\/{rel}","templated":true}]}}