{"id":85493,"date":"2025-05-09T07:15:37","date_gmt":"2025-05-09T10:15:37","guid":{"rendered":"https:\/\/noticiasbahia360.com.br\/?p=85493"},"modified":"2025-05-09T07:15:37","modified_gmt":"2025-05-09T10:15:37","slug":"chegada-de-rede-de-supermercado-e-de-restaurante-a-feira-de-santana-aumenta-numero-de-vagas-disponiveis-na-casa-do-trabalhador","status":"publish","type":"post","link":"https:\/\/noticiasbahia360.com.br\/?p=85493","title":{"rendered":"Chegada de rede de supermercado e de restaurante \u00e0 Feira de Santana, aumenta n\u00famero de vagas dispon\u00edveis na Casa do Trabalhador"},"content":{"rendered":"<div>\n<div>\n<figure><img decoding=\"async\" src=\"http:\/\/noticiasbahia360.com.br\/wp-content\/uploads\/2025\/05\/casa-do-trabalhador-vagas-estagio.jpg\" alt=\"casa do trabalhador vagas est\u00e1gio\"><figcaption>Foto: Valto Novaes<\/figcaption><\/figure>\n<\/div>\n<p>A Casa do Trabalhador em Feira de Santana segue com diversas vagas de <a href=\"https:\/\/www.acordacidade.com.br\/tag\/empregos\/\">empregos<\/a> para quem busca uma oportunidade no <a href=\"https:\/\/www.acordacidade.com.br\/tag\/mercado-de-trabalho\/\">mercado de trabalho<\/a>. O diretor da institui\u00e7\u00e3o, Magno Felzemburgh, afirmou ao Acorda Cidade que, no momento, s\u00e3o cerca de 200 vagas dispon\u00edveis para trabalhar em uma rede de supermercado que est\u00e1 chegando \u00e0 cidade.<\/p>\n<p>\u201cEstamos com essas vagas. Chegamos a oferecer 400 vagas devido a essa rede grande de supermercado que est\u00e1 chegando em Feira de Santana, que \u00e9 a rede Matheus, que j\u00e1 inaugura em junho. Come\u00e7amos oferecendo as vagas de gerente e depois as outras. Ent\u00e3o, nesse m\u00eas de maio, que \u00e9 o m\u00eas do trabalhador, estamos com bastante vagas, come\u00e7amos a abrir \u00e0s 7h para atender aos trabalhadores com qualidade e a sele\u00e7\u00e3o j\u00e1 \u00e9 feita de imediato\u201d.<\/p>\n<h2 class=\"wp-block-heading\" id=\"h-novas-oportunidades-na-casa-do-trabalhador\">Novas oportunidades na Casa do Trabalhador<\/h2>\n<p>De acordo com Magno, al\u00e9m das vagas para trabalhar no supermercado, tamb\u00e9m t\u00eam dispon\u00edveis outras vagas, como na ind\u00fastria, por exemplo. Ele informou ainda que novas oportunidades ser\u00e3o abertas nos pr\u00f3ximos dias, com a chegada de um restaurante na cidade.<\/p>\n<p>\u201cS\u00e3o 77 vagas de empregos que ser\u00e3o geradas com a chegada desse restaurante e isso \u00e9 importante, pois <a href=\"https:\/\/www.acordacidade.com.br\/tag\/casa-do-trabalhador\/\">a Casa do Trabalhador<\/a> est\u00e1 se firmando. Al\u00e9m disso, tamb\u00e9m estamos trabalhando na capacita\u00e7\u00e3o dos profissionais\u201d, destacou.<\/p>\n<p><strong>A Casa do Trabalhador est\u00e1 localizada na Rua de Aurora, S\/N, Centro, no fundo do Banco do Brasil.<\/strong><\/p>\n<p><em>Com informa\u00e7\u00f5es do rep\u00f3rter Paulo Jos\u00e9 do <a href=\"https:\/\/www.acordacidade.com.br\/tag\/acorda-cidade\/\">Acorda Cidade<\/a><\/em><\/p>\n<p><em>Siga o Acorda Cidade no<\/em><a href=\"https:\/\/news.google.com\/search?q=acorda%20cidade&amp;hl=pt-BR&amp;gl=BR&amp;ceid=BR%3Apt-419\"><strong><em>\u00a0Google Not\u00edcias<\/em><\/strong><\/a><em>\u00a0e receba os principais destaques do dia. Participe tamb\u00e9m dos nossos canais no\u00a0<\/em><a href=\"https:\/\/www.whatsapp.com\/channel\/0029Va6Rb4v3WHTNnsh8WI3N\"><strong><em>WhatsApp<\/em><\/strong><\/a><em>\u00a0e\u00a0<\/em><a href=\"https:\/\/www.youtube.com\/@acordacidadenoticias\/videos\"><strong>YouTube<\/strong><\/a><em>\u00a0e do grupo no\u00a0<\/em><a href=\"https:\/\/t.me\/+sSz0khrgARA0ZmRh\"><strong><em>Telegram<\/em><\/strong><\/a><em>.<\/em><\/p>\n<\/div>\n","protected":false},"excerpt":{"rendered":"<div>\n<div>\n<figure><img decoding=\"async\" src=\"https:\/\/uploads.acordacidade.com.br\/2025\/04\/casa-do-trabalhador-vagas-estagio.jpg\" alt=\"casa do trabalhador vagas est\u00e1gio\"><figcaption>Foto: Valto Novaes<\/figcaption><\/figure>\n<\/div>\n<p>No momento s\u00e3o cerca de 200 vagas dispon\u00edveis para trabalhar em uma rede de supermercado que est\u00e1 chegando na cidade.<\/p><\/div>\n","protected":false},"author":1,"featured_media":85494,"comment_status":"closed","ping_status":"closed","sticky":false,"template":"","format":"gallery","meta":{"footnotes":""},"categories":[8,9,6,57,56,10],"tags":[],"class_list":["post-85493","post","type-post","status-publish","format-gallery","has-post-thumbnail","hentry","category-bahia","category-brasil","category-feira-de-santana","category-mundo","category-policia","category-politica","post_format-post-format-gallery"],"featured_image_urls":{"full":["https:\/\/noticiasbahia360.com.br\/wp-content\/uploads\/2025\/05\/casa-do-trabalhador-vagas-estagio.jpg",1200,799,false],"thumbnail":["https:\/\/noticiasbahia360.com.br\/wp-content\/uploads\/2025\/05\/casa-do-trabalhador-vagas-estagio-150x150.jpg",150,150,true],"medium":["https:\/\/noticiasbahia360.com.br\/wp-content\/uploads\/2025\/05\/casa-do-trabalhador-vagas-estagio-300x200.jpg",300,200,true],"medium_large":["https:\/\/noticiasbahia360.com.br\/wp-content\/uploads\/2025\/05\/casa-do-trabalhador-vagas-estagio-768x511.jpg",640,426,true],"large":["https:\/\/noticiasbahia360.com.br\/wp-content\/uploads\/2025\/05\/casa-do-trabalhador-vagas-estagio-1024x682.jpg",640,426,true],"1536x1536":["https:\/\/noticiasbahia360.com.br\/wp-content\/uploads\/2025\/05\/casa-do-trabalhador-vagas-estagio.jpg",1200,799,false],"2048x2048":["https:\/\/noticiasbahia360.com.br\/wp-content\/uploads\/2025\/05\/casa-do-trabalhador-vagas-estagio.jpg",1200,799,false],"chromenews-featured":["https:\/\/noticiasbahia360.com.br\/wp-content\/uploads\/2025\/05\/casa-do-trabalhador-vagas-estagio-1024x682.jpg",1024,682,true],"chromenews-large":["https:\/\/noticiasbahia360.com.br\/wp-content\/uploads\/2025\/05\/casa-do-trabalhador-vagas-estagio-825x575.jpg",825,575,true],"chromenews-medium":["https:\/\/noticiasbahia360.com.br\/wp-content\/uploads\/2025\/05\/casa-do-trabalhador-vagas-estagio-590x410.jpg",590,410,true]},"author_info":{"display_name":"noticiasbahia360.com.br","author_link":"https:\/\/noticiasbahia360.com.br\/?author=1"},"category_info":"<a href=\"https:\/\/noticiasbahia360.com.br\/?cat=8\" rel=\"category\">Bahia<\/a> <a href=\"https:\/\/noticiasbahia360.com.br\/?cat=9\" rel=\"category\">Brasil<\/a> <a href=\"https:\/\/noticiasbahia360.com.br\/?cat=6\" rel=\"category\">Feira de Santana<\/a> <a href=\"https:\/\/noticiasbahia360.com.br\/?cat=57\" rel=\"category\">Mundo<\/a> <a href=\"https:\/\/noticiasbahia360.com.br\/?cat=56\" rel=\"category\">Pol\u00edcia<\/a> <a href=\"https:\/\/noticiasbahia360.com.br\/?cat=10\" rel=\"category\">Pol\u00edtica<\/a>","tag_info":"Pol\u00edtica","comment_count":"0","_links":{"self":[{"href":"https:\/\/noticiasbahia360.com.br\/index.php?rest_route=\/wp\/v2\/posts\/85493","targetHints":{"allow":["GET"]}}],"collection":[{"href":"https:\/\/noticiasbahia360.com.br\/index.php?rest_route=\/wp\/v2\/posts"}],"about":[{"href":"https:\/\/noticiasbahia360.com.br\/index.php?rest_route=\/wp\/v2\/types\/post"}],"author":[{"embeddable":true,"href":"https:\/\/noticiasbahia360.com.br\/index.php?rest_route=\/wp\/v2\/users\/1"}],"replies":[{"embeddable":true,"href":"https:\/\/noticiasbahia360.com.br\/index.php?rest_route=%2Fwp%2Fv2%2Fcomments&post=85493"}],"version-history":[{"count":0,"href":"https:\/\/noticiasbahia360.com.br\/index.php?rest_route=\/wp\/v2\/posts\/85493\/revisions"}],"wp:featuredmedia":[{"embeddable":true,"href":"https:\/\/noticiasbahia360.com.br\/index.php?rest_route=\/wp\/v2\/media\/85494"}],"wp:attachment":[{"href":"https:\/\/noticiasbahia360.com.br\/index.php?rest_route=%2Fwp%2Fv2%2Fmedia&parent=85493"}],"wp:term":[{"taxonomy":"category","embeddable":true,"href":"https:\/\/noticiasbahia360.com.br\/index.php?rest_route=%2Fwp%2Fv2%2Fcategories&post=85493"},{"taxonomy":"post_tag","embeddable":true,"href":"https:\/\/noticiasbahia360.com.br\/index.php?rest_route=%2Fwp%2Fv2%2Ftags&post=85493"}],"curies":[{"name":"wp","href":"https:\/\/api.w.org\/{rel}","templated":true}]}}