{"id":85495,"date":"2025-05-09T07:54:35","date_gmt":"2025-05-09T10:54:35","guid":{"rendered":"https:\/\/noticiasbahia360.com.br\/?p=85495"},"modified":"2025-05-09T07:54:35","modified_gmt":"2025-05-09T10:54:35","slug":"itaparica-participa-da-semana-de-turismo-de-vera-cruz-veja-a-programacao","status":"publish","type":"post","link":"https:\/\/noticiasbahia360.com.br\/?p=85495","title":{"rendered":"Itaparica participa da Semana de Turismo de Vera Cruz; veja a programa\u00e7\u00e3o"},"content":{"rendered":"<div>\n<div>\n<figure><img decoding=\"async\" src=\"http:\/\/noticiasbahia360.com.br\/wp-content\/uploads\/2025\/05\/vista-da-praia-Divulgacao-Village-Itaparica-02.jpg\" alt=\"vista da praia no Village Itaparica\"><figcaption>Foto: Divulga\u00e7\u00e3o\/ Village Itaparica<\/figcaption><\/figure>\n<\/div>\n<p>Para celebrar o Dia Nacional do <a href=\"https:\/\/www.acordacidade.com.br\/tag\/turismo\/\">Turismo<\/a>, que foi comemorado em 8 de maio, o Village Itaparica participar\u00e1 da Semana de Turismo de Vera Cruz, entre os dias 20 e 21 de maio. O evento \u00e9 uma a\u00e7\u00e3o da Secretaria de Economia Criativa, Cultura e Turismo do munic\u00edpio de Vera Cruz e a programa\u00e7\u00e3o \u00e9 voltada principalmente para profissionais do setor, como guias, operadoras de turismo e hoteleiros.<\/p>\n<p>A iniciativa visa destacar a import\u00e2ncia da pr\u00e1tica do turismo para o desenvolvimento econ\u00f4mico da regi\u00e3o, com o interesse da constru\u00e7\u00e3o de um planejamento estrat\u00e9gico, que promete impulsionar ainda mais o fluxo de visitantes e consolidar Vera Cruz como um dos principais destinos tur\u00edsticos da Bahia.<\/p>\n<figure class=\"wp-block-image size-large\"><img fetchpriority=\"high\" data-dominant-color=\"a4b0a4\" data-has-transparency=\"false\" style=\"--dominant-color: #a4b0a4;\" fetchpriority=\"high\" decoding=\"async\" width=\"1024\" height=\"642\" sizes=\"(max-width: 1024px) 100vw, 1024px\" src=\"http:\/\/noticiasbahia360.com.br\/wp-content\/uploads\/2025\/05\/gG3oCRci-village-itaparica-praia-Divulgacao-01-1024x642-1.webp\" alt=\"vista da praia no Village Itaparica\" class=\"wp-image-551350 not-transparent\" srcset=\"https:\/\/uploads.acordacidade.com.br\/2025\/05\/gG3oCRci-village-itaparica-praia-Divulgacao-01-300x188.webp 300w, http:\/\/noticiasbahia360.com.br\/wp-content\/uploads\/2025\/05\/gG3oCRci-village-itaparica-praia-Divulgacao-01-1024x642-1.webp 1024w, https:\/\/uploads.acordacidade.com.br\/2025\/05\/gG3oCRci-village-itaparica-praia-Divulgacao-01-768x481.webp 768w, https:\/\/uploads.acordacidade.com.br\/2025\/05\/gG3oCRci-village-itaparica-praia-Divulgacao-01-150x94.webp 150w, https:\/\/uploads.acordacidade.com.br\/2025\/05\/gG3oCRci-village-itaparica-praia-Divulgacao-01.webp 1200w\"><figcaption class=\"wp-element-caption\">Foto: Divulga\u00e7\u00e3o\/ Village Itaparica<\/figcaption><\/figure>\n<p>A programa\u00e7\u00e3o come\u00e7a na ter\u00e7a-feira, dia 20, com o lan\u00e7amento do curso de condutor de turista e do calend\u00e1rio n\u00e1utico de Vera Cruz, contando com um encontro com hoteleiros da cidade e operadoras de turismo que ir\u00e3o comercializar o destino. Na quarta-feira, dia 21, o Village Itaparica ser\u00e1 sede de uma reuni\u00e3o com guias tur\u00edsticos, ag\u00eancias receptivas e promotores de eventos.<\/p>\n<p>\u201cTemos potencial para fazer de Vera Cruz um dos destinos mais procurados do Brasil\u201d, afirma o prefeito Igor Pinho. Al\u00e9m das belezas naturais, o munic\u00edpio abriga um valioso patrim\u00f4nio hist\u00f3rico, com estruturas coloniais do s\u00e9culo XVI.<\/p>\n<p>Com o apoio do Village Itaparica, Vera Cruz lan\u00e7ou recentemente o seu calend\u00e1rio n\u00e1utico, que prev\u00ea a realiza\u00e7\u00e3o de 15 atividades no per\u00edodo de julho de 2025 a fevereiro de 2026.<\/p>\n<h2 class=\"wp-block-heading\" id=\"h-programacao-semana-do-turismo-de-vera-cruz\">Programa\u00e7\u00e3o \u2013 Semana do Turismo de Vera Cruz<\/h2>\n<p><strong>Dia 20 de maio (ter\u00e7a-feira)<\/strong><\/p>\n<ul class=\"wp-block-list\">\n<li>10h \u2013 Lan\u00e7amento do calend\u00e1rio tur\u00edstico N\u00e1utico de Vera Cruz.<\/li>\n<li>11h \u2013 Lan\u00e7amento do curso de condutor de turismo.<\/li>\n<li>Local: Base N\u00e1utica de Cacha Pregos<\/li>\n<li>14h \u2013 Encontro com Hoteleiros de Vera Cruz<\/li>\n<li>16h \u2013 Apresenta\u00e7\u00e3o dos Roteiros Tur\u00edsticos de Vera Cruz.<\/li>\n<li>Local: Sede de Cacha Pregos<\/li>\n<\/ul>\n<p><strong>21 de maio (quarta-feira)<\/strong><\/p>\n<ul class=\"wp-block-list\">\n<li>Encontro com ag\u00eancias receptivas, guias e realizadores de eventos e comunicadores.<\/li>\n<li>Local: Village Itaparica<\/li>\n<li>Hor\u00e1rio: Caf\u00e9 da manh\u00e3 \u00e0s 9h<\/li>\n<\/ul>\n<p>Agenda: Apresenta\u00e7\u00e3o do calend\u00e1rio lan\u00e7ado no Rio Boat Show e lan\u00e7amento do Observat\u00f3rio da Economia Criativa e Turismo de Vera Cruz.<\/p>\n<p><em>Siga o Acorda Cidade no<\/em><a href=\"https:\/\/news.google.com\/search?q=acorda%20cidade&amp;hl=pt-BR&amp;gl=BR&amp;ceid=BR%3Apt-419\"><strong><em> Google Not\u00edcias<\/em><\/strong><\/a><em> e receba os principais destaques do dia. Participe tamb\u00e9m dos nossos canais no <\/em><a href=\"https:\/\/whatsapp.com\/channel\/0029Va6Rb4v3WHTNnsh8WI3N\"><strong><em>WhatsApp<\/em><\/strong><\/a><em> e <\/em><a href=\"https:\/\/www.youtube.com\/@acordacidadenoticias\/videos\"><strong>YouTube<\/strong><\/a><em> e do grupo no <\/em><a href=\"https:\/\/t.me\/+sSz0khrgARA0ZmRh\"><strong><em>Telegram<\/em><\/strong><\/a><em>.<\/em><\/p>\n<\/div>\n","protected":false},"excerpt":{"rendered":"<div>\n<div>\n<figure><img decoding=\"async\" src=\"https:\/\/uploads.acordacidade.com.br\/2025\/05\/vista-da-praia-Divulgacao-Village-Itaparica-02.jpg\" alt=\"vista da praia no Village Itaparica\"><figcaption>Foto: Divulga\u00e7\u00e3o\/ Village Itaparica<\/figcaption><\/figure>\n<\/div>\n<p>Programa\u00e7\u00e3o voltada para profissionais do setor inclui visita guiada ao Village Itaparica e lan\u00e7amento do Observat\u00f3rio de Turismo 2025.<\/p><\/div>\n","protected":false},"author":1,"featured_media":85496,"comment_status":"closed","ping_status":"closed","sticky":false,"template":"","format":"gallery","meta":{"footnotes":""},"categories":[8,9,6,57,56,10],"tags":[],"class_list":["post-85495","post","type-post","status-publish","format-gallery","has-post-thumbnail","hentry","category-bahia","category-brasil","category-feira-de-santana","category-mundo","category-policia","category-politica","post_format-post-format-gallery"],"featured_image_urls":{"full":["https:\/\/noticiasbahia360.com.br\/wp-content\/uploads\/2025\/05\/vista-da-praia-Divulgacao-Village-Itaparica-02.jpg",1200,803,false],"thumbnail":["https:\/\/noticiasbahia360.com.br\/wp-content\/uploads\/2025\/05\/vista-da-praia-Divulgacao-Village-Itaparica-02-150x150.jpg",150,150,true],"medium":["https:\/\/noticiasbahia360.com.br\/wp-content\/uploads\/2025\/05\/vista-da-praia-Divulgacao-Village-Itaparica-02-300x201.jpg",300,201,true],"medium_large":["https:\/\/noticiasbahia360.com.br\/wp-content\/uploads\/2025\/05\/vista-da-praia-Divulgacao-Village-Itaparica-02-768x514.jpg",640,428,true],"large":["https:\/\/noticiasbahia360.com.br\/wp-content\/uploads\/2025\/05\/vista-da-praia-Divulgacao-Village-Itaparica-02-1024x685.jpg",640,428,true],"1536x1536":["https:\/\/noticiasbahia360.com.br\/wp-content\/uploads\/2025\/05\/vista-da-praia-Divulgacao-Village-Itaparica-02.jpg",1200,803,false],"2048x2048":["https:\/\/noticiasbahia360.com.br\/wp-content\/uploads\/2025\/05\/vista-da-praia-Divulgacao-Village-Itaparica-02.jpg",1200,803,false],"chromenews-featured":["https:\/\/noticiasbahia360.com.br\/wp-content\/uploads\/2025\/05\/vista-da-praia-Divulgacao-Village-Itaparica-02-1024x685.jpg",1024,685,true],"chromenews-large":["https:\/\/noticiasbahia360.com.br\/wp-content\/uploads\/2025\/05\/vista-da-praia-Divulgacao-Village-Itaparica-02-825x575.jpg",825,575,true],"chromenews-medium":["https:\/\/noticiasbahia360.com.br\/wp-content\/uploads\/2025\/05\/vista-da-praia-Divulgacao-Village-Itaparica-02-590x410.jpg",590,410,true]},"author_info":{"display_name":"noticiasbahia360.com.br","author_link":"https:\/\/noticiasbahia360.com.br\/?author=1"},"category_info":"<a href=\"https:\/\/noticiasbahia360.com.br\/?cat=8\" rel=\"category\">Bahia<\/a> <a href=\"https:\/\/noticiasbahia360.com.br\/?cat=9\" rel=\"category\">Brasil<\/a> <a href=\"https:\/\/noticiasbahia360.com.br\/?cat=6\" rel=\"category\">Feira de Santana<\/a> <a href=\"https:\/\/noticiasbahia360.com.br\/?cat=57\" rel=\"category\">Mundo<\/a> <a href=\"https:\/\/noticiasbahia360.com.br\/?cat=56\" rel=\"category\">Pol\u00edcia<\/a> <a href=\"https:\/\/noticiasbahia360.com.br\/?cat=10\" rel=\"category\">Pol\u00edtica<\/a>","tag_info":"Pol\u00edtica","comment_count":"0","_links":{"self":[{"href":"https:\/\/noticiasbahia360.com.br\/index.php?rest_route=\/wp\/v2\/posts\/85495","targetHints":{"allow":["GET"]}}],"collection":[{"href":"https:\/\/noticiasbahia360.com.br\/index.php?rest_route=\/wp\/v2\/posts"}],"about":[{"href":"https:\/\/noticiasbahia360.com.br\/index.php?rest_route=\/wp\/v2\/types\/post"}],"author":[{"embeddable":true,"href":"https:\/\/noticiasbahia360.com.br\/index.php?rest_route=\/wp\/v2\/users\/1"}],"replies":[{"embeddable":true,"href":"https:\/\/noticiasbahia360.com.br\/index.php?rest_route=%2Fwp%2Fv2%2Fcomments&post=85495"}],"version-history":[{"count":0,"href":"https:\/\/noticiasbahia360.com.br\/index.php?rest_route=\/wp\/v2\/posts\/85495\/revisions"}],"wp:featuredmedia":[{"embeddable":true,"href":"https:\/\/noticiasbahia360.com.br\/index.php?rest_route=\/wp\/v2\/media\/85496"}],"wp:attachment":[{"href":"https:\/\/noticiasbahia360.com.br\/index.php?rest_route=%2Fwp%2Fv2%2Fmedia&parent=85495"}],"wp:term":[{"taxonomy":"category","embeddable":true,"href":"https:\/\/noticiasbahia360.com.br\/index.php?rest_route=%2Fwp%2Fv2%2Fcategories&post=85495"},{"taxonomy":"post_tag","embeddable":true,"href":"https:\/\/noticiasbahia360.com.br\/index.php?rest_route=%2Fwp%2Fv2%2Ftags&post=85495"}],"curies":[{"name":"wp","href":"https:\/\/api.w.org\/{rel}","templated":true}]}}