{"id":85498,"date":"2025-05-09T08:25:40","date_gmt":"2025-05-09T11:25:40","guid":{"rendered":"https:\/\/noticiasbahia360.com.br\/?p=85498"},"modified":"2025-05-09T08:25:40","modified_gmt":"2025-05-09T11:25:40","slug":"nova-diretoria-da-cdl-jovem-de-feira-de-santana-toma-posse-com-foco-em-inovacao-formacao-e-protagonismo-empresarial","status":"publish","type":"post","link":"https:\/\/noticiasbahia360.com.br\/?p=85498","title":{"rendered":"Nova diretoria da CDL Jovem de Feira de Santana toma posse com foco em inova\u00e7\u00e3o, forma\u00e7\u00e3o e protagonismo empresarial"},"content":{"rendered":"<div>\n<div>\n<figure><img decoding=\"async\" src=\"http:\/\/noticiasbahia360.com.br\/wp-content\/uploads\/2025\/05\/Nova-diretoria-da-CDL-Jovem-Fsa.jpg\" alt=\"Posse da nova diretoria da CDL Jovem em Feira de Santana\"><figcaption>Nova diretoria da CDL Jovem <\/figcaption><\/figure>\n<\/div>\n<p>A nova diretoria da CDL Jovem de Feira de Santana tomou posse nesta quinta-feira (8), em cerim\u00f4nia realizada no restaurante Los Pampas. Fundada em 2017 como um bra\u00e7o da <a href=\"https:\/\/www.acordacidade.com.br\/tag\/cdl\/\">C\u00e2mara de Dirigentes Lojistas (CDL) <\/a>local, a CDL Jovem tem se consolidado como um espa\u00e7o de forma\u00e7\u00e3o, integra\u00e7\u00e3o e protagonismo de jovens empres\u00e1rios, refor\u00e7ando a import\u00e2ncia do associativismo na constru\u00e7\u00e3o de um com\u00e9rcio mais forte e inovador.<\/p>\n<p>Durante a solenidade, os discursos refor\u00e7aram a import\u00e2ncia do papel da juventude na renova\u00e7\u00e3o do ambiente empresarial e na promo\u00e7\u00e3o de uma gest\u00e3o colaborativa e inovadora. Para o presidente da CDL Feira, Juscelino Brito, a atua\u00e7\u00e3o da CDL Jovem \u00e9 estrat\u00e9gica para o futuro da entidade. <\/p>\n<p>\u201cA import\u00e2ncia \u00e9 de continuidade. Os jovens est\u00e3o assumindo, empreendendo, se familiarizando com a entidade. Eles trazem novas ideias e energia para manter o associativismo vivo e conectado com as mudan\u00e7as do mercado\u201d, afirmou. \u201cV\u00ea a CDL Jovem crescendo \u00e9 ter a certeza que amanh\u00e3 teremos representantes a altura defendendo o movimento lojista do Brasil,\u201d refor\u00e7ou o vice-presidente Luiz Merc\u00eas.<\/p>\n<figure class=\"wp-block-image size-large\"><img fetchpriority=\"high\" data-dominant-color=\"63787a\" data-has-transparency=\"false\" style=\"--dominant-color: #63787a;\" fetchpriority=\"high\" decoding=\"async\" width=\"1024\" height=\"777\" sizes=\"(max-width: 1024px) 100vw, 1024px\" src=\"http:\/\/noticiasbahia360.com.br\/wp-content\/uploads\/2025\/05\/kQZnIOOZ-presidente-do-CDL-jovem-1024x777-1.webp\" alt=\"Posse da nova diretoria da CDL Jovem em Feira de Santana\" class=\"wp-image-551360 not-transparent\" srcset=\"https:\/\/uploads.acordacidade.com.br\/2025\/05\/kQZnIOOZ-presidente-do-CDL-jovem-300x228.webp 300w, http:\/\/noticiasbahia360.com.br\/wp-content\/uploads\/2025\/05\/kQZnIOOZ-presidente-do-CDL-jovem-1024x777-1.webp 1024w, https:\/\/uploads.acordacidade.com.br\/2025\/05\/kQZnIOOZ-presidente-do-CDL-jovem-768x582.webp 768w, https:\/\/uploads.acordacidade.com.br\/2025\/05\/kQZnIOOZ-presidente-do-CDL-jovem-150x114.webp 150w, https:\/\/uploads.acordacidade.com.br\/2025\/05\/kQZnIOOZ-presidente-do-CDL-jovem.webp 1200w\"><figcaption class=\"wp-element-caption\">Foto: Ascom\/CDL Jovem<\/figcaption><\/figure>\n<p><strong>Luiz Merc\u00eas J\u00fanior, agora presidente da CDL Jovem, destacou o compromisso da nova gest\u00e3o com a capacita\u00e7\u00e3o e a valoriza\u00e7\u00e3o da cultura empreendedora em Feira de Santana. <\/strong><\/p>\n<p>\u201cA gente vive um momento em que o grande desafio das entidades \u00e9 dialogar com as novas gera\u00e7\u00f5es. Queremos entender e aproximar essa juventude do associativismo, formando melhores empres\u00e1rios e fortalecendo o com\u00e9rcio local com vis\u00e3o de futuro. Feira \u00e9 a cidade mais empreendedora do Brasil, e a CDL Jovem precisa refletir isso em suas a\u00e7\u00f5es\u201d, declarou.<\/p>\n<p>Entre os projetos priorit\u00e1rios da nova gest\u00e3o est\u00e1 o fortalecimento do Dia Livre de Impostos (DLI), a\u00e7\u00e3o nacional liderada pela CDL Jovem que busca conscientizar a popula\u00e7\u00e3o sobre a alta carga tribut\u00e1ria. <\/p>\n<p>A edi\u00e7\u00e3o deste ano ser\u00e1 realizada em 29 de maio. Al\u00e9m disso, est\u00e3o previstos encontros mensais com temas relevantes para o setor, como intelig\u00eancia artificial, marketing digital e comunica\u00e7\u00e3o no varejo.<\/p>\n<figure class=\"wp-block-image size-large\"><img data-dominant-color=\"867667\" data-has-transparency=\"false\" style=\"--dominant-color: #867667;\" decoding=\"async\" width=\"1024\" height=\"679\" sizes=\"(max-width: 1024px) 100vw, 1024px\" src=\"http:\/\/noticiasbahia360.com.br\/wp-content\/uploads\/2025\/05\/1UfobWwi-Nova-diretoria-da-CDL-Jovem-Feira-de-Santana-1024x679-1.webp\" alt=\"Posse da nova diretoria da CDL Jovem em Feira de Santana\" class=\"wp-image-551359 not-transparent\" srcset=\"https:\/\/uploads.acordacidade.com.br\/2025\/05\/1UfobWwi-Nova-diretoria-da-CDL-Jovem-Feira-de-Santana-300x199.webp 300w, http:\/\/noticiasbahia360.com.br\/wp-content\/uploads\/2025\/05\/1UfobWwi-Nova-diretoria-da-CDL-Jovem-Feira-de-Santana-1024x679-1.webp 1024w, https:\/\/uploads.acordacidade.com.br\/2025\/05\/1UfobWwi-Nova-diretoria-da-CDL-Jovem-Feira-de-Santana-768x509.webp 768w, https:\/\/uploads.acordacidade.com.br\/2025\/05\/1UfobWwi-Nova-diretoria-da-CDL-Jovem-Feira-de-Santana-150x100.webp 150w, https:\/\/uploads.acordacidade.com.br\/2025\/05\/1UfobWwi-Nova-diretoria-da-CDL-Jovem-Feira-de-Santana.webp 1200w\"><figcaption class=\"wp-element-caption\">Nova diretoria da CDL Jovem <\/figcaption><\/figure>\n<p><strong>O vice-presidente Leonardo Miranda ressaltou a diversidade da equipe e o potencial de atua\u00e7\u00e3o conjunta. <\/strong><\/p>\n<p>\u201cCada integrante da nova diretoria tem uma habilidade espec\u00edfica \u2014 uns mais voltados para o comercial, outros com experi\u00eancia em redes sociais ou gest\u00e3o. Essa uni\u00e3o de compet\u00eancias fortalece o grupo e amplia o alcance das nossas iniciativas\u201d, afirmou. Ele tamb\u00e9m lembrou que, nos \u00faltimos anos, a CDL Jovem promoveu eventos como o Momento de Experi\u00eancia, com empres\u00e1rios locais compartilhando trajet\u00f3rias inspiradoras.<\/p>\n<h2 class=\"wp-block-heading\" id=\"h-composicao-da-nova-diretoria\">Composi\u00e7\u00e3o da nova diretoria<\/h2>\n<p>Comp\u00f5em a nova diretoria al\u00e9m do presidente, Luiz Henrique Merc\u00eas do Santos J\u00fanior, e o vice, Leonardo Miranda Santiago, os diretores: Abner Portugal Tavares, Babington Luiz Le\u00e3o Rodrigues, Caio C\u00e9sar de Magalh\u00e3es, Lopes Ribeiro Lima, Caio Matos de Souza, Eduardo Sandes Dias Martins, Jo\u00e3o Marcos Pina Meira, Jos\u00e9 Al\u00e9cio Brito Mascarenhas, Rafael Souza Fonseca, Sandro da Concei\u00e7\u00e3o Santana e Willian Henrique da Silva.<\/p>\n<h2 class=\"wp-block-heading\" id=\"h-presencas\">Presen\u00e7as<\/h2>\n<p>A posse contou com a presen\u00e7a de diversas autoridades, como o vice-prefeito de Feira de Santana, Pablo Roberto; a secret\u00e1ria municipal do Trabalho, Turismo e Desenvolvimento Econ\u00f4mico, M\u00e1rcia Ferreira; o secret\u00e1rio de Governo, Neto Bahia; a secret\u00e1ria de Pol\u00edtica para as Mulheres, Neinha Bastos; o presidente da Associa\u00e7\u00e3o Comercial, Genildo Melo; o presidente do Convention Bureau e representante do Instituto Pensar Feira, Marcelo Alexandrino, al\u00e9m de empres\u00e1rios, publicit\u00e1rios, assessores parlamentares e profissionais da imprensa.<\/p>\n<p><em>Siga o Acorda Cidade no<\/em><a href=\"https:\/\/news.google.com\/search?q=acorda%20cidade&amp;hl=pt-BR&amp;gl=BR&amp;ceid=BR%3Apt-419\"><strong><em> Google Not\u00edcias<\/em><\/strong><\/a><em> e receba os principais destaques do dia. Participe tamb\u00e9m dos nossos canais no <\/em><a href=\"https:\/\/whatsapp.com\/channel\/0029Va6Rb4v3WHTNnsh8WI3N\"><strong><em>WhatsApp<\/em><\/strong><\/a><em> e <\/em><a href=\"https:\/\/www.youtube.com\/@acordacidadenoticias\/videos\"><strong>YouTube<\/strong><\/a><em> e do grupo no <\/em><a href=\"https:\/\/t.me\/+sSz0khrgARA0ZmRh\"><strong><em>Telegram<\/em><\/strong><\/a><em>.<\/em><\/p>\n<\/div>\n","protected":false},"excerpt":{"rendered":"<div>\n<div>\n<figure><img decoding=\"async\" src=\"https:\/\/uploads.acordacidade.com.br\/2025\/05\/Nova-diretoria-da-CDL-Jovem-Fsa.jpg\" alt=\"Posse da nova diretoria da CDL Jovem em Feira de Santana\"><figcaption>Nova diretoria da CDL Jovem <\/figcaption><\/figure>\n<\/div>\n<p>O novo presidente da CDL Jovem, Luiz Merc\u00eas J\u00fanior, destacou o compromisso com a capacita\u00e7\u00e3o e a valoriza\u00e7\u00e3o da cultura empreendedora em Feira de Santana.<\/p><\/div>\n","protected":false},"author":1,"featured_media":85499,"comment_status":"closed","ping_status":"closed","sticky":false,"template":"","format":"gallery","meta":{"footnotes":""},"categories":[8,9,6,57,56,10],"tags":[],"class_list":["post-85498","post","type-post","status-publish","format-gallery","has-post-thumbnail","hentry","category-bahia","category-brasil","category-feira-de-santana","category-mundo","category-policia","category-politica","post_format-post-format-gallery"],"featured_image_urls":{"full":["https:\/\/noticiasbahia360.com.br\/wp-content\/uploads\/2025\/05\/Nova-diretoria-da-CDL-Jovem-Fsa.jpg",1200,807,false],"thumbnail":["https:\/\/noticiasbahia360.com.br\/wp-content\/uploads\/2025\/05\/Nova-diretoria-da-CDL-Jovem-Fsa-150x150.jpg",150,150,true],"medium":["https:\/\/noticiasbahia360.com.br\/wp-content\/uploads\/2025\/05\/Nova-diretoria-da-CDL-Jovem-Fsa-300x202.jpg",300,202,true],"medium_large":["https:\/\/noticiasbahia360.com.br\/wp-content\/uploads\/2025\/05\/Nova-diretoria-da-CDL-Jovem-Fsa-768x516.jpg",640,430,true],"large":["https:\/\/noticiasbahia360.com.br\/wp-content\/uploads\/2025\/05\/Nova-diretoria-da-CDL-Jovem-Fsa-1024x689.jpg",640,431,true],"1536x1536":["https:\/\/noticiasbahia360.com.br\/wp-content\/uploads\/2025\/05\/Nova-diretoria-da-CDL-Jovem-Fsa.jpg",1200,807,false],"2048x2048":["https:\/\/noticiasbahia360.com.br\/wp-content\/uploads\/2025\/05\/Nova-diretoria-da-CDL-Jovem-Fsa.jpg",1200,807,false],"chromenews-featured":["https:\/\/noticiasbahia360.com.br\/wp-content\/uploads\/2025\/05\/Nova-diretoria-da-CDL-Jovem-Fsa-1024x689.jpg",1024,689,true],"chromenews-large":["https:\/\/noticiasbahia360.com.br\/wp-content\/uploads\/2025\/05\/Nova-diretoria-da-CDL-Jovem-Fsa-825x575.jpg",825,575,true],"chromenews-medium":["https:\/\/noticiasbahia360.com.br\/wp-content\/uploads\/2025\/05\/Nova-diretoria-da-CDL-Jovem-Fsa-590x410.jpg",590,410,true]},"author_info":{"display_name":"noticiasbahia360.com.br","author_link":"https:\/\/noticiasbahia360.com.br\/?author=1"},"category_info":"<a href=\"https:\/\/noticiasbahia360.com.br\/?cat=8\" rel=\"category\">Bahia<\/a> <a href=\"https:\/\/noticiasbahia360.com.br\/?cat=9\" rel=\"category\">Brasil<\/a> <a href=\"https:\/\/noticiasbahia360.com.br\/?cat=6\" rel=\"category\">Feira de Santana<\/a> <a href=\"https:\/\/noticiasbahia360.com.br\/?cat=57\" rel=\"category\">Mundo<\/a> <a href=\"https:\/\/noticiasbahia360.com.br\/?cat=56\" rel=\"category\">Pol\u00edcia<\/a> <a href=\"https:\/\/noticiasbahia360.com.br\/?cat=10\" rel=\"category\">Pol\u00edtica<\/a>","tag_info":"Pol\u00edtica","comment_count":"0","_links":{"self":[{"href":"https:\/\/noticiasbahia360.com.br\/index.php?rest_route=\/wp\/v2\/posts\/85498","targetHints":{"allow":["GET"]}}],"collection":[{"href":"https:\/\/noticiasbahia360.com.br\/index.php?rest_route=\/wp\/v2\/posts"}],"about":[{"href":"https:\/\/noticiasbahia360.com.br\/index.php?rest_route=\/wp\/v2\/types\/post"}],"author":[{"embeddable":true,"href":"https:\/\/noticiasbahia360.com.br\/index.php?rest_route=\/wp\/v2\/users\/1"}],"replies":[{"embeddable":true,"href":"https:\/\/noticiasbahia360.com.br\/index.php?rest_route=%2Fwp%2Fv2%2Fcomments&post=85498"}],"version-history":[{"count":0,"href":"https:\/\/noticiasbahia360.com.br\/index.php?rest_route=\/wp\/v2\/posts\/85498\/revisions"}],"wp:featuredmedia":[{"embeddable":true,"href":"https:\/\/noticiasbahia360.com.br\/index.php?rest_route=\/wp\/v2\/media\/85499"}],"wp:attachment":[{"href":"https:\/\/noticiasbahia360.com.br\/index.php?rest_route=%2Fwp%2Fv2%2Fmedia&parent=85498"}],"wp:term":[{"taxonomy":"category","embeddable":true,"href":"https:\/\/noticiasbahia360.com.br\/index.php?rest_route=%2Fwp%2Fv2%2Fcategories&post=85498"},{"taxonomy":"post_tag","embeddable":true,"href":"https:\/\/noticiasbahia360.com.br\/index.php?rest_route=%2Fwp%2Fv2%2Ftags&post=85498"}],"curies":[{"name":"wp","href":"https:\/\/api.w.org\/{rel}","templated":true}]}}