{"id":85502,"date":"2025-05-09T09:40:49","date_gmt":"2025-05-09T12:40:49","guid":{"rendered":"https:\/\/noticiasbahia360.com.br\/?p=85502"},"modified":"2025-05-09T09:40:49","modified_gmt":"2025-05-09T12:40:49","slug":"cnu-2-saiba-quais-sao-os-orgaos-federais-participantes-da-nova-edicao","status":"publish","type":"post","link":"https:\/\/noticiasbahia360.com.br\/?p=85502","title":{"rendered":"CNU 2: saiba quais s\u00e3o os \u00f3rg\u00e3os federais participantes da nova edi\u00e7\u00e3o"},"content":{"rendered":"<div>\n<div>\n<figure><img decoding=\"async\" src=\"http:\/\/noticiasbahia360.com.br\/wp-content\/uploads\/2025\/05\/Foto-Marcos-Santos-usp-imagens-concurso-prova-enem.jpg\" alt=\"CNU 2: saiba quais s\u00e3o os \u00f3rg\u00e3os federais participantes da nova edi\u00e7\u00e3o\"><figcaption>Foto: Marcos Santos\/USP Imagens<\/figcaption><\/figure>\n<\/div>\n<p>Ag\u00eancia Brasil \u2013 As 3.352 novas vagas da segunda edi\u00e7\u00e3o do <a href=\"https:\/\/www.acordacidade.com.br\/tag\/cnu\/\">Concurso P\u00fablico Nacional Unificado (CPNU)<\/a> est\u00e3o distribu\u00eddas em 35 \u00f3rg\u00e3os federais.<\/p>\n<p>As entidades da administra\u00e7\u00e3o p\u00fablica federal n\u00e3o s\u00e3o as mesmas participantes da primeira edi\u00e7\u00e3o do certame, em 2024, conforme anunciado pela ministra da Gest\u00e3o e da Inova\u00e7\u00e3o em Servi\u00e7os P\u00fablicos, Esther Dweck, no fim de abril. O edital est\u00e1 previsto para ser publicado em julho e ter\u00e1 oportunidades para os n\u00edveis superior e intermedi\u00e1rio.<\/p>\n<p><strong>As vagas por \u00f3rg\u00e3os, definidas pelo Minist\u00e9rio da Gest\u00e3o e da Inova\u00e7\u00e3o em Servi\u00e7os P\u00fablicos (MGI), est\u00e3o distribu\u00eddas da seguinte forma:<\/strong><\/p>\n<ol class=\"wp-block-list\">\n<li>Escola Nacional de Administra\u00e7\u00e3o P\u00fablica (Enap):<\/li>\n<\/ol>\n<ul class=\"wp-block-list\">\n<li>t\u00e9cnico em assuntos educacionais: 21 vagas de n\u00edvel superior;<\/li>\n<\/ul>\n<ol start=\"2\" class=\"wp-block-list\">\n<li>Funda\u00e7\u00e3o Biblioteca Nacional (FBN):<\/li>\n<\/ol>\n<ul class=\"wp-block-list\">\n<li>analista de administra\u00e7\u00e3o II: 3 vagas de n\u00edvel superior;<\/li>\n<li>t\u00e9cnico em documenta\u00e7\u00e3o I: 11 vagas de n\u00edvel superior;<\/li>\n<\/ul>\n<ol start=\"3\" class=\"wp-block-list\">\n<li>Funda\u00e7\u00e3o Cultural Palmares (FCP):<\/li>\n<\/ol>\n<ul class=\"wp-block-list\">\n<li>pesquisador: 10 vagas de n\u00edvel superior;<\/li>\n<\/ul>\n<ol start=\"4\" class=\"wp-block-list\">\n<li>Funda\u00e7\u00e3o Joaquim Nabuco (Fundaj):<\/li>\n<\/ol>\n<ul class=\"wp-block-list\">\n<li>pesquisador: 20 vagas de n\u00edvel superior;<\/li>\n<\/ul>\n<ol start=\"5\" class=\"wp-block-list\">\n<li>Funda\u00e7\u00e3o Nacional das Artes (Funarte):<\/li>\n<\/ol>\n<ol start=\"5\" class=\"wp-block-list\">\n<li>Funda\u00e7\u00e3o Nacional das Artes (Funarte):<\/li>\n<\/ol>\n<ul class=\"wp-block-list\">\n<li>administra\u00e7\u00e3o e planejamento: 13 vagas de n\u00edvel superior;<\/li>\n<li>t\u00e9cnico em assuntos educacionais: 15 vagas de n\u00edvel superior;<\/li>\n<\/ul>\n<ol start=\"6\" class=\"wp-block-list\">\n<li>Instituto Brasileiro de Museus (Ibram):<\/li>\n<\/ol>\n<ul class=\"wp-block-list\">\n<li>analista I: 13 vagas de n\u00edvel superior;<\/li>\n<li>t\u00e9cnico III: 15 vagas de n\u00edvel superior;<\/li>\n<\/ul>\n<ol start=\"7\" class=\"wp-block-list\">\n<li>Minist\u00e9rio da Fazenda:<\/li>\n<\/ol>\n<ul class=\"wp-block-list\">\n<li>arquiteto: 2 vagas de n\u00edvel superior;<\/li>\n<li>contador: 25 vagas de n\u00edvel superior;<\/li>\n<li>engenheiro: 3 vagas de n\u00edvel superior;<\/li>\n<\/ul>\n<ol start=\"8\" class=\"wp-block-list\">\n<li>Minist\u00e9rio da Integra\u00e7\u00e3o e do Desenvolvimento Regional:<\/li>\n<\/ol>\n<ul class=\"wp-block-list\">\n<li>engenheiro: 10 vagas de n\u00edvel superior;<\/li>\n<\/ul>\n<ol start=\"9\" class=\"wp-block-list\">\n<li>Minist\u00e9rio da Gest\u00e3o e da Inova\u00e7\u00e3o em Servi\u00e7os P\u00fablicos:<\/li>\n<\/ol>\n<ul class=\"wp-block-list\">\n<li>analista t\u00e9cnico-administrativo: mil vagas de n\u00edvel superior;<\/li>\n<\/ul>\n<ul class=\"wp-block-list\">\n<li>assistente social: 80 vagas de n\u00edvel superior;<\/li>\n<li>m\u00e9dico: 80 vagas de n\u00edvel superior;<\/li>\n<li>psic\u00f3logo: 12 vagas de n\u00edvel superior;<\/li>\n<li>analista t\u00e9cnico de desenvolvimento socioecon\u00f4mico: 250 vagas de n\u00edvel superior;<\/li>\n<li>analista t\u00e9cnico de defesa e justi\u00e7a: 250 vagas de n\u00edvel superior;<\/li>\n<\/ul>\n<ol start=\"10\" class=\"wp-block-list\">\n<li>Instituto Nacional de C\u00e2ncer (Inca) do Minist\u00e9rio da Sa\u00fade:<\/li>\n<\/ol>\n<ul class=\"wp-block-list\">\n<li>pesquisador (adjunto I): 4 vagas de n\u00edvel superior;<\/li>\n<li>pesquisador (assistente de pesquisa I): 2 vagas de n\u00edvel superior;<\/li>\n<li>t\u00e9cnico I: 54 vagas de n\u00edvel m\u00e9dio;<\/li>\n<li>analista em ci\u00eancia e tecnologia (j\u00fanior): 24 vagas de n\u00edvel superior;<\/li>\n<\/ul>\n<ol start=\"11\" class=\"wp-block-list\">\n<li>Instituto Nacional de Cardiologia (INC) do Minist\u00e9rio da Sa\u00fade:<\/li>\n<\/ol>\n<ul class=\"wp-block-list\">\n<li>bi\u00f3logo: 1 vaga de n\u00edvel superior;<\/li>\n<li>enfermeiro: 17 vagas de n\u00edvel superior;<\/li>\n<li>farmac\u00eautico: 2 vagas de n\u00edvel superior;<\/li>\n<li>farmac\u00eautico bioqu\u00edmico: 2 vagas de n\u00edvel superior;<\/li>\n<li>fisioterapeuta: 7 vagas de n\u00edvel superior;<\/li>\n<li>fonoaudi\u00f3logo: 2 vagas de n\u00edvel superior;<\/li>\n<li>m\u00e9dico: 14 vagas de n\u00edvel superior;<\/li>\n<li>nutricionista: 2 vagas de n\u00edvel superior;<\/li>\n<li>t\u00e9cnico de enfermagem: 19 vagas de n\u00edvel m\u00e9dio;<\/li>\n<li>t\u00e9cnico em radiologia: 4 vagas de n\u00edvel m\u00e9dio;<\/li>\n<li>terapeuta ocupacional: 4 vagas de n\u00edvel superior;<\/li>\n<li>contador: 1 vaga de n\u00edvel superior;<\/li>\n<\/ul>\n<ol start=\"12\" class=\"wp-block-list\">\n<li>Instituto Nacional de Traumatologia e Ortopedia (INTO) do Minist\u00e9rio da Sa\u00fade:<\/li>\n<\/ol>\n<ul class=\"wp-block-list\">\n<li>assistente social: 1 vaga de n\u00edvel superior;<\/li>\n<li>bi\u00f3logo: 2 vagas de n\u00edvel superior;<\/li>\n<li>enfermeiro: 5 vagas de n\u00edvel superior;<\/li>\n<li>fisioterapeuta: 22 vagas de n\u00edvel superior;<\/li>\n<li>fonoaudi\u00f3logo: 2 vagas de n\u00edvel superior;<\/li>\n<li>m\u00e9dico: 24 vagas de n\u00edvel superior;<\/li>\n<li>psic\u00f3logo: 2 vagas de n\u00edvel superior;<\/li>\n<li>t\u00e9cnico de enfermagem: 28 vagas de n\u00edvel m\u00e9dio;<\/li>\n<li>t\u00e9cnico em radiologia: 5 vagas de n\u00edvel m\u00e9dio;<\/li>\n<li>terapeuta ocupacional: 2 vagas de n\u00edvel superior;<\/li>\n<li>contador: 1 vaga de n\u00edvel superior;<\/li>\n<\/ul>\n<ol start=\"13\" class=\"wp-block-list\">\n<li>Instituto Evandro Chagas (IEC) do Minist\u00e9rio da Sa\u00fade:<\/li>\n<\/ol>\n<ul class=\"wp-block-list\">\n<li>analista de gest\u00e3o em pesquisa e investiga\u00e7\u00e3o biom\u00e9dica: 17 vagas de n\u00edvel superior;<\/li>\n<li>tecnologista em pesquisa e investiga\u00e7\u00e3o biom\u00e9dica: 1 vaga de n\u00edvel superior;<\/li>\n<li>pesquisador em sa\u00fade p\u00fablica: 10 vagas de n\u00edvel superior;<\/li>\n<li>t\u00e9cnico em pesquisa e investiga\u00e7\u00e3o biom\u00e9dica: 10 vagas de n\u00edvel m\u00e9dio;<\/li>\n<\/ul>\n<ol start=\"14\" class=\"wp-block-list\">\n<li>Centro Nacional de Primatas (CENP) do Minist\u00e9rio da Sa\u00fade:<\/li>\n<\/ol>\n<ul class=\"wp-block-list\">\n<li>analista de gest\u00e3o em pesquisa e investiga\u00e7\u00e3o biom\u00e9dica: 6 vagas de n\u00edvel superior;<\/li>\n<li>tecnologista em pesquisa e investiga\u00e7\u00e3o biom\u00e9dica: 1 vaga de n\u00edvel superior;<\/li>\n<li>pesquisador em sa\u00fade p\u00fablica: 3 vagas de n\u00edvel superior;<\/li>\n<li>t\u00e9cnico em pesquisa e investiga\u00e7\u00e3o biom\u00e9dica: 18 vagas de n\u00edvel m\u00e9dio;<\/li>\n<\/ul>\n<ol start=\"15\" class=\"wp-block-list\">\n<li>Ag\u00eancia Nacional do Cinema (Ancine):<\/li>\n<\/ol>\n<ul class=\"wp-block-list\">\n<li>especialista em regula\u00e7\u00e3o da atividade cinematogr\u00e1fica e audiovisual: 10 vagas de n\u00edvel superior;<\/li>\n<li>t\u00e9cnico em regula\u00e7\u00e3o da atividade cinematogr\u00e1fica e audiovisual: 10 vagas de n\u00edvel m\u00e9dio;<\/li>\n<\/ul>\n<ol start=\"16\" class=\"wp-block-list\">\n<li>Ag\u00eancia Nacional do Petr\u00f3leo, G\u00e1s Natural e Biocombust\u00edveis (ANP):<\/li>\n<\/ol>\n<ul class=\"wp-block-list\">\n<li>especialista em geologia e geof\u00edsica do petr\u00f3leo e g\u00e1s natural: 15 vagas de n\u00edvel superior;<\/li>\n<li>especialista em regula\u00e7\u00e3o de petr\u00f3leo e derivados, \u00e1lcool combust\u00edvel e g\u00e1s natural: 35 vagas de n\u00edvel superior;<\/li>\n<li>t\u00e9cnico em regula\u00e7\u00e3o de petr\u00f3leo e derivados, \u00e1lcool combust\u00edvel e g\u00e1s natural: 16 vagas de n\u00edvel m\u00e9dio;<\/li>\n<\/ul>\n<ol start=\"17\" class=\"wp-block-list\">\n<li>Ag\u00eancia Nacional de Avia\u00e7\u00e3o Civil (Anac):<\/li>\n<\/ol>\n<ul class=\"wp-block-list\">\n<li>t\u00e9cnico em regula\u00e7\u00e3o de avia\u00e7\u00e3o civil: 70 vagas de n\u00edvel m\u00e9dio;<\/li>\n<\/ul>\n<ol start=\"18\" class=\"wp-block-list\">\n<li>Ag\u00eancia Nacional de Telecomunica\u00e7\u00f5es (Anatel):<\/li>\n<\/ol>\n<ul class=\"wp-block-list\">\n<li>t\u00e9cnico em regula\u00e7\u00e3o de servi\u00e7os p\u00fablicos de telecomunica\u00e7\u00f5es: 50 vagas de n\u00edvel m\u00e9dio;<\/li>\n<\/ul>\n<ol start=\"19\" class=\"wp-block-list\">\n<li>Ag\u00eancia Nacional de Minera\u00e7\u00e3o:<\/li>\n<\/ol>\n<ul class=\"wp-block-list\">\n<li>t\u00e9cnico em atividades de minera\u00e7\u00e3o: 80 vagas de n\u00edvel m\u00e9dio;<\/li>\n<\/ul>\n<ol start=\"20\" class=\"wp-block-list\">\n<li>Ag\u00eancia Nacional de Sa\u00fade Suplementar:<\/li>\n<\/ol>\n<ul class=\"wp-block-list\">\n<li>t\u00e9cnico em regula\u00e7\u00e3o de sa\u00fade suplementar: 20 vagas de n\u00edvel m\u00e9dio;<\/li>\n<\/ul>\n<ol start=\"21\" class=\"wp-block-list\">\n<li>Ag\u00eancia Nacional de Transportes Aquavi\u00e1rios (Antaq):<\/li>\n<\/ol>\n<ul class=\"wp-block-list\">\n<li>t\u00e9cnico em regula\u00e7\u00e3o de servi\u00e7os de transportes aquavi\u00e1rios: 30 vagas de n\u00edvel m\u00e9dio;<\/li>\n<\/ul>\n<ol start=\"22\" class=\"wp-block-list\">\n<li>Ag\u00eancia Nacional de Transportes Terrestres (ANTT):<\/li>\n<\/ol>\n<ul class=\"wp-block-list\">\n<li>t\u00e9cnico em regula\u00e7\u00e3o de servi\u00e7os de transportes terrestres: 50 vagas de n\u00edvel m\u00e9dio;<\/li>\n<\/ul>\n<ol start=\"23\" class=\"wp-block-list\">\n<li>Ag\u00eancia Nacional de Vigil\u00e2ncia Sanit\u00e1ria (Anvisa):<\/li>\n<\/ol>\n<ul class=\"wp-block-list\">\n<li>t\u00e9cnico em regula\u00e7\u00e3o e vigil\u00e2ncia sanit\u00e1ria: 14 vagas de n\u00edvel m\u00e9dio;<\/li>\n<\/ul>\n<ol start=\"24\" class=\"wp-block-list\">\n<li>Imprensa Nacional:<\/li>\n<\/ol>\n<ul class=\"wp-block-list\">\n<li>engenheiro: 4 vagas de n\u00edvel superior;<\/li>\n<li>t\u00e9cnico em comunica\u00e7\u00e3o social: 10 vagas de n\u00edvel superior;<\/li>\n<\/ul>\n<ol start=\"25\" class=\"wp-block-list\">\n<li>Minist\u00e9rio das Cidades:<\/li>\n<\/ol>\n<ul class=\"wp-block-list\">\n<li>arquiteto: 3 vagas de n\u00edvel superior;<\/li>\n<li>contador: 2 vagas de n\u00edvel superior;<\/li>\n<li>engenheiro: 10 vagas de n\u00edvel superior;<\/li>\n<\/ul>\n<ol start=\"26\" class=\"wp-block-list\">\n<li>Comando da Aeron\u00e1utica:<\/li>\n<\/ol>\n<ul class=\"wp-block-list\">\n<li>Pesquisador: 35 vagas de n\u00edvel superior;<\/li>\n<li>Tecnologista: 50 vagas de n\u00edvel superior;<\/li>\n<li>Contador: 5 vagas de n\u00edvel superior;<\/li>\n<\/ul>\n<ol start=\"27\" class=\"wp-block-list\">\n<li>Comando do Ex\u00e9rcito Brasileiro:<\/li>\n<\/ol>\n<ul class=\"wp-block-list\">\n<li>analista de tecnologia militar: 1 vaga de n\u00edvel superior;<\/li>\n<li>engenheiro de tecnologia militar: 5 vagas de n\u00edvel superior;<\/li>\n<li>assistente social: 5 vagas de n\u00edvel superior;<\/li>\n<li>enfermeiro: 30 vagas de n\u00edvel superior;<\/li>\n<li>m\u00e9dico: 10 vagas de n\u00edvel superior;<\/li>\n<li>nutricionista: 5 vagas de n\u00edvel superior;<\/li>\n<li>psic\u00f3logo: 5 vagas de n\u00edvel superior;<\/li>\n<li>pesquisador: 20 vagas de n\u00edvel superior;<\/li>\n<li>tecnologista: 50 vagas de n\u00edvel superior;<\/li>\n<\/ul>\n<ol start=\"28\" class=\"wp-block-list\">\n<li>Comando da Marinha do Brasil:<\/li>\n<\/ol>\n<ul class=\"wp-block-list\">\n<li>enfermeiro: 5 vagas de n\u00edvel superior;<\/li>\n<li>m\u00e9dico: 65 vagas de n\u00edvel superior;<\/li>\n<li>t\u00e9cnico em comunica\u00e7\u00e3o social: 5 vagas de n\u00edvel superior;<\/li>\n<li>analista de tecnologia militar: 2 vagas de n\u00edvel superior;<\/li>\n<li>engenheiro de tecnologia militar: 20 vagas de n\u00edvel superior;<\/li>\n<li>pesquisador: 10 vagas de n\u00edvel superior;<\/li>\n<li>tecnologista: 33 vagas de n\u00edvel superior;<\/li>\n<\/ul>\n<ol start=\"29\" class=\"wp-block-list\">\n<li>Hospital das For\u00e7as Armadas:<\/li>\n<\/ol>\n<ul class=\"wp-block-list\">\n<li>especialista em atividades hospitalares: 50 vagas de n\u00edvel superior;<\/li>\n<li>m\u00e9dico: 50 vagas de n\u00edvel superior;<\/li>\n<li>t\u00e9cnico em atividades m\u00e9dico-hospitalares: 30 vagas de n\u00edvel m\u00e9dio;<\/li>\n<\/ul>\n<ol start=\"30\" class=\"wp-block-list\">\n<li>Minist\u00e9rio do Desenvolvimento Agr\u00e1rio e Agricultura Familiar:<\/li>\n<\/ol>\n<ul class=\"wp-block-list\">\n<li>contador: 4 vagas de n\u00edvel superior;<\/li>\n<li>engenheiro agr\u00f4nomo: 60 vagas de n\u00edvel superior;<\/li>\n<\/ul>\n<ol start=\"31\" class=\"wp-block-list\">\n<li>Instituto do Patrim\u00f4nio Hist\u00f3rico e Art\u00edstico Nacional (Iphan):<\/li>\n<\/ol>\n<ul class=\"wp-block-list\">\n<li>analista I: 33 vagas de n\u00edvel superior;<\/li>\n<li>t\u00e9cnico I: 27 vagas de n\u00edvel superior;<\/li>\n<\/ul>\n<ol start=\"32\" class=\"wp-block-list\">\n<li>Minist\u00e9rio da Pesca e Aquicultura (MPA):<\/li>\n<\/ol>\n<ul class=\"wp-block-list\">\n<li>arquiteto: 1 vaga de n\u00edvel superior;<\/li>\n<li>contador: 1 vaga de n\u00edvel superior;<\/li>\n<li>engenheiro: 30 vagas de n\u00edvel superior;<\/li>\n<li>estat\u00edstico: 1 vaga de n\u00edvel superior;<\/li>\n<\/ul>\n<ol start=\"33\" class=\"wp-block-list\">\n<li>Funda\u00e7\u00e3o Jorge Duprat Figueiredo de Seguran\u00e7a e Medicina do Trabalho (Fundacentro):<\/li>\n<\/ol>\n<ul class=\"wp-block-list\">\n<li>analista em ci\u00eancia e tecnologia: 15 vagas de n\u00edvel superior;<\/li>\n<li>pesquisador: 10 vagas de n\u00edvel superior;<\/li>\n<li>tecnologista: 40 vagas de n\u00edvel superior;<\/li>\n<\/ul>\n<ol start=\"34\" class=\"wp-block-list\">\n<li>Minist\u00e9rio do Turismo:<\/li>\n<\/ol>\n<ul class=\"wp-block-list\">\n<li>arquiteto: 1 vaga de n\u00edvel superior;<\/li>\n<li>engenheiro: 2 vagas de n\u00edvel superior;<\/li>\n<li>estat\u00edstico: 3 vagas de n\u00edvel superior;<\/li>\n<li>contador: 2 vagas de n\u00edvel superior;<\/li>\n<\/ul>\n<ol start=\"35\" class=\"wp-block-list\">\n<li>Instituto Nacional de Tecnologia da Informa\u00e7\u00e3o:<\/li>\n<\/ol>\n<ul class=\"wp-block-list\">\n<li>pesquisador: 5 vagas de n\u00edvel superior;<\/li>\n<li>tecnologista: 27 vagas de n\u00edvel superior;<\/li>\n<li>analista em ci\u00eancia e tecnologia: 18 vagas de n\u00edvel superior;<\/li>\n<\/ul>\n<h2 class=\"wp-block-heading\" id=\"h-diversidade-regional\">Diversidade regional<\/h2>\n<p>A maior parte das vagas do CPNU 2 \u00e9 para \u00f3rg\u00e3os federais com sede em Bras\u00edlia. Por\u00e9m, o Minist\u00e9rio da Gest\u00e3o destaca a diversidade regional das vagas. Do total das 3.352 novas vagas anunciadas, haver\u00e1 oportunidades espec\u00edficas para \u00f3rg\u00e3os federais localizados em outros estados:<\/p>\n<ul class=\"wp-block-list\">\n<li>315 vagas est\u00e3o previstas para o Rio de Janeiro (Into, INC, Inca e Biblioteca Nacional, entre outros \u00f3rg\u00e3os);<\/li>\n<li>65 vagas s\u00e3o para a Fundacentro, em S\u00e3o Paulo;<\/li>\n<li>66 vagas no Par\u00e1 (Instituto Evandro Chagas\/MS e Centro Nacional de Primatas\/MS); e<\/li>\n<li>20 vagas em Pernambuco para a Funda\u00e7\u00e3o Joaquim Nabuco\/MEC.<\/li>\n<\/ul>\n<p>A diversidade regional tamb\u00e9m voltar\u00e1 a ser observada na aplica\u00e7\u00e3o das provas. Mais uma vez, os candidatos do processo seletivo poder\u00e3o fazer as provas em 228 munic\u00edpios de todos os 26 estados mais o Distrito Federal.<\/p>\n<h2 class=\"wp-block-heading\" id=\"h-carreiras-transversais\">Carreiras transversais<\/h2>\n<p>O Minist\u00e9rio da Gest\u00e3o destaca que ofertar\u00e1 no segundo concurso unificado 1.676 vagas de carreiras transversais, distribu\u00eddas entre os cargos de analista t\u00e9cnico-administrativo, assistente social, m\u00e9dico, psic\u00f3logo, analista t\u00e9cnico de desenvolvimento socioecon\u00f4mico e analista t\u00e9cnico de defesa e justi\u00e7a.<\/p>\n<p>Em fevereiro,a ministra Esther Dweck j\u00e1 havia anunciado cria\u00e7\u00e3o dessas duas novas carreiras transversais no certame de 2025: analista t\u00e9cnico de justi\u00e7a e defesa e analista t\u00e9cnico de desenvolvimento socioecon\u00f4mico.<\/p>\n<p>O objetivo \u00e9 modernizar o servi\u00e7o p\u00fablico federal em um sistema de carreiras com maior flexibilidade e capacidade de adapta\u00e7\u00e3o dentro da administra\u00e7\u00e3o p\u00fablica.<\/p>\n<h2 class=\"wp-block-heading\" id=\"h-alerta-sobre-golpes\">Alerta sobre golpes<\/h2>\n<p>As inscri\u00e7\u00f5es para o chamado Enem dos Concursos n\u00e3o est\u00e3o abertas, o que deve ocorrer somente em julho deste ano. O Minist\u00e9rio da Gest\u00e3o esclarece que, neste momento, n\u00e3o faz nenhuma cobran\u00e7a de taxas de inscri\u00e7\u00e3o ou de outra esp\u00e9cie para esse concurso.<\/p>\n<p>Quando o edital da sele\u00e7\u00e3o for publicado do Di\u00e1rio Oficial da Uni\u00e3o e, na sequ\u00eancia, as inscri\u00e7\u00f5es forem abertas, o MGI far\u00e1 a comunica\u00e7\u00e3o pelos canais oficiais da pasta. S\u00e3o eles: o site <a href=\"https:\/\/www.gov.br\/gestao\/pt-br\" target=\"_blank\" rel=\"noreferrer noopener\">https:\/\/www.gov.br\/gestao\/pt-br<\/a> e as <a href=\"https:\/\/www.instagram.com\/gestaogovbr\/#\">redes sociais<\/a><a href=\"https:\/\/www.instagram.com\/gestaogovbr\/#\" target=\"_blank\" rel=\"noreferrer noopener\"> <\/a><a href=\"https:\/\/www.instagram.com\/gestaogovbr\/#\">do MG<\/a>.<\/p>\n<p><em>Siga o Acorda Cidade no<\/em><a href=\"https:\/\/news.google.com\/search?q=acorda%20cidade&amp;hl=pt-BR&amp;gl=BR&amp;ceid=BR%3Apt-419\"><strong><em>\u00a0Google Not\u00edcias<\/em><\/strong><\/a><em>\u00a0e receba os principais destaques do dia. Participe tamb\u00e9m dos nossos canais no\u00a0<\/em><a href=\"https:\/\/www.whatsapp.com\/channel\/0029Va6Rb4v3WHTNnsh8WI3N\"><strong><em>WhatsApp<\/em><\/strong><\/a><em>\u00a0e\u00a0<\/em><a href=\"https:\/\/www.youtube.com\/@acordacidadenoticias\/videos\"><strong>YouTube<\/strong><\/a><em>\u00a0e do grupo no\u00a0<\/em><a href=\"https:\/\/t.me\/+sSz0khrgARA0ZmRh\"><strong><em>Telegram<\/em><\/strong><\/a><em>.<\/em><\/p>\n<\/div>\n","protected":false},"excerpt":{"rendered":"<div>\n<div>\n<figure><img decoding=\"async\" src=\"https:\/\/uploads.acordacidade.com.br\/wp-content\/uploads\/2022\/10\/07222144\/Foto-Marcos-Santos-usp-imagens-concurso-prova-enem.jpg\" alt=\"CNU 2: saiba quais s\u00e3o os \u00f3rg\u00e3os federais participantes da nova edi\u00e7\u00e3o\"><figcaption>Foto: Marcos Santos\/USP Imagens<\/figcaption><\/figure>\n<\/div>\n<p>Edital com 3.352 vagas ser\u00e1 publicado em julho<\/p><\/div>\n","protected":false},"author":1,"featured_media":85503,"comment_status":"closed","ping_status":"closed","sticky":false,"template":"","format":"gallery","meta":{"footnotes":""},"categories":[8,9,6,57,56,10],"tags":[],"class_list":["post-85502","post","type-post","status-publish","format-gallery","has-post-thumbnail","hentry","category-bahia","category-brasil","category-feira-de-santana","category-mundo","category-policia","category-politica","post_format-post-format-gallery"],"featured_image_urls":{"full":["https:\/\/noticiasbahia360.com.br\/wp-content\/uploads\/2025\/05\/Foto-Marcos-Santos-usp-imagens-concurso-prova-enem-scaled.jpg",2560,1707,false],"thumbnail":["https:\/\/noticiasbahia360.com.br\/wp-content\/uploads\/2025\/05\/Foto-Marcos-Santos-usp-imagens-concurso-prova-enem-150x150.jpg",150,150,true],"medium":["https:\/\/noticiasbahia360.com.br\/wp-content\/uploads\/2025\/05\/Foto-Marcos-Santos-usp-imagens-concurso-prova-enem-300x200.jpg",300,200,true],"medium_large":["https:\/\/noticiasbahia360.com.br\/wp-content\/uploads\/2025\/05\/Foto-Marcos-Santos-usp-imagens-concurso-prova-enem-768x512.jpg",640,427,true],"large":["https:\/\/noticiasbahia360.com.br\/wp-content\/uploads\/2025\/05\/Foto-Marcos-Santos-usp-imagens-concurso-prova-enem-1024x683.jpg",640,427,true],"1536x1536":["https:\/\/noticiasbahia360.com.br\/wp-content\/uploads\/2025\/05\/Foto-Marcos-Santos-usp-imagens-concurso-prova-enem-1536x1024.jpg",1536,1024,true],"2048x2048":["https:\/\/noticiasbahia360.com.br\/wp-content\/uploads\/2025\/05\/Foto-Marcos-Santos-usp-imagens-concurso-prova-enem-2048x1365.jpg",2048,1365,true],"chromenews-featured":["https:\/\/noticiasbahia360.com.br\/wp-content\/uploads\/2025\/05\/Foto-Marcos-Santos-usp-imagens-concurso-prova-enem-1024x683.jpg",1024,683,true],"chromenews-large":["https:\/\/noticiasbahia360.com.br\/wp-content\/uploads\/2025\/05\/Foto-Marcos-Santos-usp-imagens-concurso-prova-enem-825x575.jpg",825,575,true],"chromenews-medium":["https:\/\/noticiasbahia360.com.br\/wp-content\/uploads\/2025\/05\/Foto-Marcos-Santos-usp-imagens-concurso-prova-enem-590x410.jpg",590,410,true]},"author_info":{"display_name":"noticiasbahia360.com.br","author_link":"https:\/\/noticiasbahia360.com.br\/?author=1"},"category_info":"<a href=\"https:\/\/noticiasbahia360.com.br\/?cat=8\" rel=\"category\">Bahia<\/a> <a href=\"https:\/\/noticiasbahia360.com.br\/?cat=9\" rel=\"category\">Brasil<\/a> <a href=\"https:\/\/noticiasbahia360.com.br\/?cat=6\" rel=\"category\">Feira de Santana<\/a> <a href=\"https:\/\/noticiasbahia360.com.br\/?cat=57\" rel=\"category\">Mundo<\/a> <a href=\"https:\/\/noticiasbahia360.com.br\/?cat=56\" rel=\"category\">Pol\u00edcia<\/a> <a href=\"https:\/\/noticiasbahia360.com.br\/?cat=10\" rel=\"category\">Pol\u00edtica<\/a>","tag_info":"Pol\u00edtica","comment_count":"0","_links":{"self":[{"href":"https:\/\/noticiasbahia360.com.br\/index.php?rest_route=\/wp\/v2\/posts\/85502","targetHints":{"allow":["GET"]}}],"collection":[{"href":"https:\/\/noticiasbahia360.com.br\/index.php?rest_route=\/wp\/v2\/posts"}],"about":[{"href":"https:\/\/noticiasbahia360.com.br\/index.php?rest_route=\/wp\/v2\/types\/post"}],"author":[{"embeddable":true,"href":"https:\/\/noticiasbahia360.com.br\/index.php?rest_route=\/wp\/v2\/users\/1"}],"replies":[{"embeddable":true,"href":"https:\/\/noticiasbahia360.com.br\/index.php?rest_route=%2Fwp%2Fv2%2Fcomments&post=85502"}],"version-history":[{"count":0,"href":"https:\/\/noticiasbahia360.com.br\/index.php?rest_route=\/wp\/v2\/posts\/85502\/revisions"}],"wp:featuredmedia":[{"embeddable":true,"href":"https:\/\/noticiasbahia360.com.br\/index.php?rest_route=\/wp\/v2\/media\/85503"}],"wp:attachment":[{"href":"https:\/\/noticiasbahia360.com.br\/index.php?rest_route=%2Fwp%2Fv2%2Fmedia&parent=85502"}],"wp:term":[{"taxonomy":"category","embeddable":true,"href":"https:\/\/noticiasbahia360.com.br\/index.php?rest_route=%2Fwp%2Fv2%2Fcategories&post=85502"},{"taxonomy":"post_tag","embeddable":true,"href":"https:\/\/noticiasbahia360.com.br\/index.php?rest_route=%2Fwp%2Fv2%2Ftags&post=85502"}],"curies":[{"name":"wp","href":"https:\/\/api.w.org\/{rel}","templated":true}]}}