{"id":85504,"date":"2025-05-09T10:02:48","date_gmt":"2025-05-09T13:02:48","guid":{"rendered":"https:\/\/noticiasbahia360.com.br\/?p=85504"},"modified":"2025-05-09T10:02:48","modified_gmt":"2025-05-09T13:02:48","slug":"mac-abre-exposicao-colo-de-mae-nesta-quinta-feira-em-referencia-ao-dia-das-maes","status":"publish","type":"post","link":"https:\/\/noticiasbahia360.com.br\/?p=85504","title":{"rendered":"MAC abre exposi\u00e7\u00e3o \u201cColo de M\u00e3e\u201d nesta quinta-feira, em refer\u00eancia ao Dia das M\u00e3es"},"content":{"rendered":"<div>\n<div>\n<figure><img decoding=\"async\" src=\"http:\/\/noticiasbahia360.com.br\/wp-content\/uploads\/2025\/05\/exposicao-.jpg\" alt=\"MAC abre exposi\u00e7\u00e3o \" colo de m nesta quinta-feira em refer ao dia das><figcaption>Foto: Divulga\u00e7\u00e3o\/ Secom<\/figcaption><\/figure>\n<\/div>\n<p>No m\u00eas de maio, tempo de homenagear o afeto, o cuidado e a for\u00e7a das m\u00e3es, o <a href=\"https:\/\/www.acordacidade.com.br\/tag\/mac\/\">Museu de Arte Contempor\u00e2nea Raimundo de Oliveira (MAC)<\/a> inicia, nesta quinta-feira (08), a exposi\u00e7\u00e3o \u201cColo de M\u00e3e\u201d, da ceramista feirense Maria Silvana.<\/p>\n<p>A mostra ser\u00e1 inaugurada a partir das 19h e permanecer\u00e1 aberta \u00e0 visita\u00e7\u00e3o at\u00e9 o dia 21 de junho, integrando o projeto de exposi\u00e7\u00f5es tempor\u00e1rias do museu.<\/p>\n<p>\u201cColo de M\u00e3e\u201d \u00e9 um mergulho sens\u00edvel no universo materno, em alus\u00e3o ao Dia das M\u00e3es, celebrado no domingo (11). Nas m\u00e3os de Maria Silvana, a cer\u00e2mica se transforma em mat\u00e9ria de afeto, mem\u00f3ria e resist\u00eancia. As obras falam de amor, recome\u00e7os e hist\u00f3rias entrela\u00e7adas, fragmentos de sua trajet\u00f3ria pessoal e de tantas outras mulheres.<\/p>\n<p>Com curadoria e expografia assinadas pela pr\u00f3pria artista em parceria com T\u00e9cia Borges, a exposi\u00e7\u00e3o apresenta esculturas marcadas por delicadeza e pot\u00eancia. Destaque para sete obras que ganharam novos olhares a partir do registro fotogr\u00e1fico de \u00c2ngelo Pinto, Ant\u00f4nio Vieira, Alex Dantas, Dex Almeida, Gustavo Machado, Marta Suzi e T\u00e9cia Borges, convidados especialmente por Maria Silvana.<\/p>\n<p>Al\u00e9m dos \u201cColos de M\u00e3e\u201d, a mostra conta com a sala Asas, onde outros trabalhos da artista revelam sua f\u00e9, sensibilidade e a po\u00e9tica que percorre toda sua produ\u00e7\u00e3o.<\/p>\n<p><em>As informa\u00e7\u00f5es s\u00e3o da Secretaria Municipal de Comunica\u00e7\u00e3o Social de Feira de Santana<\/em><\/p>\n<p><em>Siga o Acorda Cidade no<\/em><a href=\"https:\/\/news.google.com\/search?q=acorda%20cidade&amp;hl=pt-BR&amp;gl=BR&amp;ceid=BR%3Apt-419\"><strong><em>\u00a0Google Not\u00edcias<\/em><\/strong><\/a><em>\u00a0e receba os principais destaques do dia. Participe tamb\u00e9m dos nossos canais no\u00a0<\/em><a href=\"https:\/\/www.whatsapp.com\/channel\/0029Va6Rb4v3WHTNnsh8WI3N\"><strong><em>WhatsApp<\/em><\/strong><\/a><em>\u00a0e\u00a0<\/em><a href=\"https:\/\/www.youtube.com\/@acordacidadenoticias\/videos\"><strong>YouTube<\/strong><\/a><em>\u00a0e do grupo no\u00a0<\/em><a href=\"https:\/\/t.me\/+sSz0khrgARA0ZmRh\"><strong><em>Telegram<\/em><\/strong><\/a><em>.<\/em><\/p>\n<\/div>\n","protected":false},"excerpt":{"rendered":"<div>\n<div>\n<figure><img decoding=\"async\" src=\"https:\/\/uploads.acordacidade.com.br\/2025\/05\/exposicao-.jpg\" alt=\"MAC abre exposi\u00e7\u00e3o \"><figcaption>Foto: Divulga\u00e7\u00e3o\/ Secom<\/figcaption><\/figure>\n<\/div>\n<p>A mostra ser\u00e1 inaugurada a partir das 19h e permanecer\u00e1 aberta \u00e0 visita\u00e7\u00e3o at\u00e9 o dia 21 de junho.<\/p><\/div>\n","protected":false},"author":1,"featured_media":85505,"comment_status":"closed","ping_status":"closed","sticky":false,"template":"","format":"gallery","meta":{"footnotes":""},"categories":[8,9,6,57,56,10],"tags":[],"class_list":["post-85504","post","type-post","status-publish","format-gallery","has-post-thumbnail","hentry","category-bahia","category-brasil","category-feira-de-santana","category-mundo","category-policia","category-politica","post_format-post-format-gallery"],"featured_image_urls":{"full":["https:\/\/noticiasbahia360.com.br\/wp-content\/uploads\/2025\/05\/exposicao-.jpg",1024,1280,false],"thumbnail":["https:\/\/noticiasbahia360.com.br\/wp-content\/uploads\/2025\/05\/exposicao--150x150.jpg",150,150,true],"medium":["https:\/\/noticiasbahia360.com.br\/wp-content\/uploads\/2025\/05\/exposicao--240x300.jpg",240,300,true],"medium_large":["https:\/\/noticiasbahia360.com.br\/wp-content\/uploads\/2025\/05\/exposicao--768x960.jpg",640,800,true],"large":["https:\/\/noticiasbahia360.com.br\/wp-content\/uploads\/2025\/05\/exposicao--819x1024.jpg",640,800,true],"1536x1536":["https:\/\/noticiasbahia360.com.br\/wp-content\/uploads\/2025\/05\/exposicao-.jpg",1024,1280,false],"2048x2048":["https:\/\/noticiasbahia360.com.br\/wp-content\/uploads\/2025\/05\/exposicao-.jpg",1024,1280,false],"chromenews-featured":["https:\/\/noticiasbahia360.com.br\/wp-content\/uploads\/2025\/05\/exposicao-.jpg",1024,1280,false],"chromenews-large":["https:\/\/noticiasbahia360.com.br\/wp-content\/uploads\/2025\/05\/exposicao--825x575.jpg",825,575,true],"chromenews-medium":["https:\/\/noticiasbahia360.com.br\/wp-content\/uploads\/2025\/05\/exposicao--590x410.jpg",590,410,true]},"author_info":{"display_name":"noticiasbahia360.com.br","author_link":"https:\/\/noticiasbahia360.com.br\/?author=1"},"category_info":"<a href=\"https:\/\/noticiasbahia360.com.br\/?cat=8\" rel=\"category\">Bahia<\/a> <a href=\"https:\/\/noticiasbahia360.com.br\/?cat=9\" rel=\"category\">Brasil<\/a> <a href=\"https:\/\/noticiasbahia360.com.br\/?cat=6\" rel=\"category\">Feira de Santana<\/a> <a href=\"https:\/\/noticiasbahia360.com.br\/?cat=57\" rel=\"category\">Mundo<\/a> <a href=\"https:\/\/noticiasbahia360.com.br\/?cat=56\" rel=\"category\">Pol\u00edcia<\/a> <a href=\"https:\/\/noticiasbahia360.com.br\/?cat=10\" rel=\"category\">Pol\u00edtica<\/a>","tag_info":"Pol\u00edtica","comment_count":"0","_links":{"self":[{"href":"https:\/\/noticiasbahia360.com.br\/index.php?rest_route=\/wp\/v2\/posts\/85504","targetHints":{"allow":["GET"]}}],"collection":[{"href":"https:\/\/noticiasbahia360.com.br\/index.php?rest_route=\/wp\/v2\/posts"}],"about":[{"href":"https:\/\/noticiasbahia360.com.br\/index.php?rest_route=\/wp\/v2\/types\/post"}],"author":[{"embeddable":true,"href":"https:\/\/noticiasbahia360.com.br\/index.php?rest_route=\/wp\/v2\/users\/1"}],"replies":[{"embeddable":true,"href":"https:\/\/noticiasbahia360.com.br\/index.php?rest_route=%2Fwp%2Fv2%2Fcomments&post=85504"}],"version-history":[{"count":0,"href":"https:\/\/noticiasbahia360.com.br\/index.php?rest_route=\/wp\/v2\/posts\/85504\/revisions"}],"wp:featuredmedia":[{"embeddable":true,"href":"https:\/\/noticiasbahia360.com.br\/index.php?rest_route=\/wp\/v2\/media\/85505"}],"wp:attachment":[{"href":"https:\/\/noticiasbahia360.com.br\/index.php?rest_route=%2Fwp%2Fv2%2Fmedia&parent=85504"}],"wp:term":[{"taxonomy":"category","embeddable":true,"href":"https:\/\/noticiasbahia360.com.br\/index.php?rest_route=%2Fwp%2Fv2%2Fcategories&post=85504"},{"taxonomy":"post_tag","embeddable":true,"href":"https:\/\/noticiasbahia360.com.br\/index.php?rest_route=%2Fwp%2Fv2%2Ftags&post=85504"}],"curies":[{"name":"wp","href":"https:\/\/api.w.org\/{rel}","templated":true}]}}