{"id":85506,"date":"2025-05-09T10:02:52","date_gmt":"2025-05-09T13:02:52","guid":{"rendered":"https:\/\/noticiasbahia360.com.br\/?p=85506"},"modified":"2025-05-09T10:02:52","modified_gmt":"2025-05-09T13:02:52","slug":"delegacao-baiana-conquista-30-podios-no-campeonato-brasileiro-de-orientacao-em-goias-com-o-apoio-da-sudesb","status":"publish","type":"post","link":"https:\/\/noticiasbahia360.com.br\/?p=85506","title":{"rendered":"Delega\u00e7\u00e3o baiana conquista 30 p\u00f3dios no Campeonato Brasileiro de Orienta\u00e7\u00e3o em Goi\u00e1s com o apoio da Sudesb"},"content":{"rendered":"<div>\n<div>\n<figure><img decoding=\"async\" src=\"http:\/\/noticiasbahia360.com.br\/wp-content\/uploads\/2025\/05\/Da-esquerda-a-direita-Joao-Carlos-Jesus-Vinicius-Aquino-Vinicius-Andre-Geovanna-Teles-Alana-Souza-Fabiana-da-Hora-Maria-Isabelly-Silva-e-Nilson-Mineiro-tecnico-Divulgacao-FBO.jpg\" alt=\"Campeonato Brasileiro de Orienta\u00e7\u00e3o\"><figcaption>Foto: Divulga\u00e7\u00e3o\/FBO<\/figcaption><\/figure>\n<\/div>\n<p>Numa natureza digna n\u00e3o s\u00f3 das grandes competi\u00e7\u00f5es esportivas, mas tamb\u00e9m de um enredo de filme de aventura, a delega\u00e7\u00e3o baiana, composta por 47 atletas, conquistou 30 p\u00f3dios no XXVI <a href=\"https:\/\/www.acordacidade.com.br\/tag\/campeonato-brasileiro\/\">Campeonato Brasileiro<\/a> de Orienta\u00e7\u00e3o (CamBOr) nesta semana em Ipameri, Caldas Novas e Rio Quente, todas cidades situadas em Goi\u00e1s. A equipe viajou com transporte concedido pela Superintend\u00eancia dos Desportos do Estado da Bahia (Sudesb), autarquia da Secretaria do Trabalho, Emprego, Renda e Esporte (Setre).<\/p>\n<figure class=\"wp-block-image size-large\"><img fetchpriority=\"high\" data-dominant-color=\"7a7b85\" data-has-transparency=\"false\" style=\"--dominant-color: #7a7b85;\" fetchpriority=\"high\" decoding=\"async\" width=\"1024\" height=\"716\" sizes=\"(max-width: 1024px) 100vw, 1024px\" src=\"http:\/\/noticiasbahia360.com.br\/wp-content\/uploads\/2025\/05\/LkjmS8ZW-Dobradinha-do-Bolsa-Esporte-no-floresta-D20E-Alana-Souza-1-lugar-e-Fabiana-da-Hora-2-lugar-Divulgacao-FBO-1024x716-1.webp\" alt=\"Campeonato Brasileiro de Orienta\u00e7\u00e3o\" class=\"wp-image-551421 not-transparent\" srcset=\"https:\/\/uploads.acordacidade.com.br\/2025\/05\/LkjmS8ZW-Dobradinha-do-Bolsa-Esporte-no-floresta-D20E-Alana-Souza-1-lugar-e-Fabiana-da-Hora-2-lugar-Divulgacao-FBO-300x210.webp 300w, http:\/\/noticiasbahia360.com.br\/wp-content\/uploads\/2025\/05\/LkjmS8ZW-Dobradinha-do-Bolsa-Esporte-no-floresta-D20E-Alana-Souza-1-lugar-e-Fabiana-da-Hora-2-lugar-Divulgacao-FBO-1024x716-1.webp 1024w, https:\/\/uploads.acordacidade.com.br\/2025\/05\/LkjmS8ZW-Dobradinha-do-Bolsa-Esporte-no-floresta-D20E-Alana-Souza-1-lugar-e-Fabiana-da-Hora-2-lugar-Divulgacao-FBO-768x537.webp 768w, https:\/\/uploads.acordacidade.com.br\/2025\/05\/LkjmS8ZW-Dobradinha-do-Bolsa-Esporte-no-floresta-D20E-Alana-Souza-1-lugar-e-Fabiana-da-Hora-2-lugar-Divulgacao-FBO-150x105.webp 150w, https:\/\/uploads.acordacidade.com.br\/2025\/05\/LkjmS8ZW-Dobradinha-do-Bolsa-Esporte-no-floresta-D20E-Alana-Souza-1-lugar-e-Fabiana-da-Hora-2-lugar-Divulgacao-FBO.webp 1200w\"><figcaption class=\"wp-element-caption\">Foto: Divulga\u00e7\u00e3o\/FBO<\/figcaption><\/figure>\n<p>Atletas das cidades de Feira de Santana, Salvador, Cama\u00e7ari, Lauro de Freitas, Santo Amaro da Purifica\u00e7\u00e3o, Alagoinhas, S\u00e3o Gon\u00e7alo dos Campos e Am\u00e9lia Rodrigues representaram a Bahia com garra e determina\u00e7\u00e3o, que resultaram no honroso sexto lugar no ranking de federa\u00e7\u00f5es, segundo Erika Telles, presidente da Federa\u00e7\u00e3o Baiana de Orienta\u00e7\u00e3o (FBO).<\/p>\n<figure class=\"wp-block-image size-large\"><img data-dominant-color=\"797885\" data-has-transparency=\"false\" style=\"--dominant-color: #797885;\" decoding=\"async\" width=\"1024\" height=\"772\" sizes=\"(max-width: 1024px) 100vw, 1024px\" src=\"http:\/\/noticiasbahia360.com.br\/wp-content\/uploads\/2025\/05\/NEcLJ34A-Geovanna-Teles-D21A-Divulgacao-FBO-1024x772-1.webp\" alt=\"Campeonato Brasileiro de Orienta\u00e7\u00e3o\" class=\"wp-image-551423 not-transparent\" srcset=\"https:\/\/uploads.acordacidade.com.br\/2025\/05\/NEcLJ34A-Geovanna-Teles-D21A-Divulgacao-FBO-300x226.webp 300w, http:\/\/noticiasbahia360.com.br\/wp-content\/uploads\/2025\/05\/NEcLJ34A-Geovanna-Teles-D21A-Divulgacao-FBO-1024x772-1.webp 1024w, https:\/\/uploads.acordacidade.com.br\/2025\/05\/NEcLJ34A-Geovanna-Teles-D21A-Divulgacao-FBO-768x579.webp 768w, https:\/\/uploads.acordacidade.com.br\/2025\/05\/NEcLJ34A-Geovanna-Teles-D21A-Divulgacao-FBO-150x113.webp 150w, https:\/\/uploads.acordacidade.com.br\/2025\/05\/NEcLJ34A-Geovanna-Teles-D21A-Divulgacao-FBO.webp 1200w\"><figcaption class=\"wp-element-caption\">Foto: Divulga\u00e7\u00e3o\/FBO<\/figcaption><\/figure>\n<p>\u201cEstou muito animada com a participa\u00e7\u00e3o dos nossos atletas baianos no 26\u00b0 CamBOr. Para mim, esse evento representa uma oportunidade incr\u00edvel para que todos possam vivenciar o verdadeiro esp\u00edrito esportivo e aprender com os melhores do pa\u00eds. Foram 58 clubes de todo o Brasil, dentre eles quatro da Bahia, que se destacaram nas belezas naturais do cerrado goiano, desafiando os competidores com sua flora diversificada e terrenos t\u00e9cnicos, principalmente nos percursos Floresta e Sprint, em que a delega\u00e7\u00e3o baiana brilhou\u201d, cita.<\/p>\n<figure class=\"wp-block-image size-large\"><img data-dominant-color=\"7f7767\" data-has-transparency=\"false\" style=\"--dominant-color: #7f7767;\" decoding=\"async\" width=\"1024\" height=\"768\" sizes=\"(max-width: 1024px) 100vw, 1024px\" src=\"http:\/\/noticiasbahia360.com.br\/wp-content\/uploads\/2025\/05\/9fOFuUS0-Delegacao-Baiana-de-Corrida-de-Orientacao-Divulgacao-FBO-1024x768-1.webp\" alt=\"Campeonato Brasileiro de Orienta\u00e7\u00e3o\" class=\"wp-image-551424 not-transparent\" srcset=\"https:\/\/uploads.acordacidade.com.br\/2025\/05\/9fOFuUS0-Delegacao-Baiana-de-Corrida-de-Orientacao-Divulgacao-FBO-300x225.webp 300w, http:\/\/noticiasbahia360.com.br\/wp-content\/uploads\/2025\/05\/9fOFuUS0-Delegacao-Baiana-de-Corrida-de-Orientacao-Divulgacao-FBO-1024x768-1.webp 1024w, https:\/\/uploads.acordacidade.com.br\/2025\/05\/9fOFuUS0-Delegacao-Baiana-de-Corrida-de-Orientacao-Divulgacao-FBO-768x576.webp 768w, https:\/\/uploads.acordacidade.com.br\/2025\/05\/9fOFuUS0-Delegacao-Baiana-de-Corrida-de-Orientacao-Divulgacao-FBO-150x113.webp 150w, https:\/\/uploads.acordacidade.com.br\/2025\/05\/9fOFuUS0-Delegacao-Baiana-de-Corrida-de-Orientacao-Divulgacao-FBO.webp 1200w\"><figcaption class=\"wp-element-caption\">Foto: Divulga\u00e7\u00e3o\/FBO<\/figcaption><\/figure>\n<p>Bahia, terra da orienta\u00e7\u00e3o \u2013 As equipes representantes do Estado foram Calangos do Sert\u00e3o, com o 6\u00ba lugar; Caatinga Trekkers na 16\u00aa coloca\u00e7\u00e3o; Carcar\u00e1 Expedi\u00e7\u00f5es e Aventura, em 23\u00ba lugar; e COESC\/CMS no 51\u00ba lugar. Os atletas disputaram as categorias Trail-O (orienta\u00e7\u00e3o em trilha para pessoas com baixa mobilidade e cadeirantes); \u2060Foot-O Floresta M\u00e9dio; \u2060Foot-O Floresta Longo; e \u2060Foot-O Sprint (\u00e1rea urbana).<\/p>\n<p>Ao todo, foram dois ouros, seis pratas, quatro bronzes e um 4\u00ba lugar na varia\u00e7\u00e3o floresta (m\u00e9dio + longo), totalizando 13 p\u00f3dios, al\u00e9m dos 17 na varia\u00e7\u00e3o sprint: quatro ouros, seis pratas e sete bronzes. O destaque ficou para nove jovens atletas apoiados pelo Bolsa Esporte, programa do Governo do Estado, por meio da Sudesb e da Setre.<\/p>\n<p>Tr\u00eas destas baianas fizeram dobradinhas nas varia\u00e7\u00f5es floresta e sprint. Alana Souza foi campe\u00e3 da categoria D20E floresta e 3\u00ba lugar no sprint. J\u00e1 Fabiana da Hora e Geovanna Teles foram campe\u00f5es no sprint e vice-campe\u00e3 na floresta, respectivamente, nas categorias D20E e D21A. Enquanto isso, os meninos Vin\u00edcius Aquino, que foi vice-campe\u00e3o na categoria H20E, e Jo\u00e3o Carlos Jesus \u2013 3\u00ba lugar na categoria H21A \u2013 tamb\u00e9m subiram no p\u00f3dio da modalidade sprint.<\/p>\n<p>\u201cCorro esse esporte h\u00e1 dez anos e tenho diversas medalhas, Fico feliz com a conquista de cada uma, como essas duas no CamBOr. Quero agradecer \u00e0 Sudesb pelo apoio \u00e0 modalidade e para nossa participa\u00e7\u00e3o nas competi\u00e7\u00f5es regionais e nacionais, al\u00e9m da Bolsa Esporte. Fico muito grata pela oportunidade, que me possibilita custear alimenta\u00e7\u00e3o, hospedagem e demais custos nas viagens, al\u00e9m de mat\u00e9rias de corrida. Ent\u00e3o, \u00e9 s\u00f3 gratid\u00e3o\u201d<\/p>\n<p>Al\u00e9m disso, paralelamente ao Campeonato Brasileiro de Orienta\u00e7\u00e3o (CAMBOR), ocorreu o CAMBRATO (Campeonato Brasileiro de Orienta\u00e7\u00e3o em Trilha) no formato Sprint Pre-O para cadeirantes e o Campeonato Brasileiro de Orienta\u00e7\u00e3o de Surdos. O atleta baiano Bruno Ernsen, da equipe Calangos do Sert\u00e3o, destacou-se ao conquistar o quinto lugar na categoria HCBOS. \u201cO evento foi um verdadeiro espet\u00e1culo de habilidade e supera\u00e7\u00e3o, reunindo atletas apaixonados pela orienta\u00e7\u00e3o e consolidando a Bahia como um celeiro de talentos nesse esporte\u201d, finaliza Erika.<\/p>\n<p>Mudan\u00e7a de vida \u2013 Mais do que apenas procurar um ponto no mapa, a corrida de orienta\u00e7\u00e3o, com sua necessidade de concentra\u00e7\u00e3o, de consist\u00eancia f\u00edsica e de usar a natureza e a bussola como referencias, transforma vidas, tornando seus atletas no estado mais competitivos, soci\u00e1veis e empoderados. Um desses exemplos \u00e9 Jackson das Virgens, quilombola do distrito de Matinha em Feira de Santana.<\/p>\n<p>Ele disputou o seu primeiro torneio nacional ap\u00f3s um ano e dois meses que conheceu a modalidade atrav\u00e9s do programa Educa Mais no Col\u00e9gio Gast\u00e3o Guimar\u00e3es, na Princesa do Sert\u00e3o, onde aprendeu a corrida de orienta\u00e7\u00e3o. \u201cEsse esporte mudou minha vida. Comecei a viajar e conhecer muitos lugares que eu nunca imaginei estar. Foi com ela tamb\u00e9m que eu consegui me sentir mais inclu\u00eddo para socializar, ficar \u00e0 vontade nos lugares, principalmente na escola, e fazer novos amigos\u201d, pontua o atleta da Calangos do Sert\u00e3o.<\/p>\n<p>Os projetos sociais foram importantes ferramentas de apresenta\u00e7\u00e3o da modalidade aos atletas baianos. \u201cEu conheci a corrida de orienta\u00e7\u00e3o na minha escola municipal em Lauro de Freitas. Depois que eu conheci, tudo mudou em minha vida ao ter novas experi\u00eancias e conhecer v\u00e1rios lugares, desde cidades, estados e at\u00e9 pa\u00edses, como agora em Goi\u00e1s, onde pude experimentar diferentes culturas nestes lugares,\u201d, complementa Alana.<\/p>\n<p><strong>Confira a lista completa dos p\u00f3dios baianos:<\/strong><\/p>\n<p><strong>Floresta<\/strong><\/p>\n<p>Alana S Souza \u2013 D20E \u2013 1\u00b0 lugar<br \/>Fabiana O da Hora \u2013 D20E \u2013 2\u00b0 lugar<br \/>Elian Evelyn Ramos \u2013 D16A \u2013 3\u00b0 lugar<br \/>Geovanna Teles \u2013 D21A \u2013 2\u00b0 lugar<br \/>Erika Teles \u2013 D45A \u2013 2\u00b0 lugar<br \/>M\u00e1rcia Lib\u00e2nea \u2013 D50A \u2013 3\u00b0 lugar<br \/>Dejanir Francisca Santos \u2013 D55A \u2013 3\u00b0 lugar<br \/>Amanda Cabral \u2013 D40B \u2013 2\u00b0 lugar<br \/>Geane Nunes \u2013 D55B \u2013 2\u00b0 lugar<br \/>Enio Paulo Oliveira \u2013 H60A \u2013 4\u00b0 lugar<br \/>Gabriel Henrique Oliveira \u2013 H20B \u2013 1\u00b0 lugar<br \/>Davi Silva \u2013 H20B \u2013 2\u00b0 lugar<br \/>Ivan Pereira \u2013 H65B \u2013 3\u00b0 lugar<\/p>\n<p><strong>Sprint<\/strong><\/p>\n<p>Alana S Souza \u2013 D20E \u2013 3\u00b0 lugar<br \/>Fabiana O da Hora \u2013 D20E \u2013 1\u00b0 lugar<br \/>Elian Evelyn Ramos \u2013 D16A \u2013 2\u00b0 lugar<br \/>Geovanna Teles \u2013 D21A \u2013 1\u00b0 lugar<br \/>Alice Anchieta \u2013 D35A \u2013 2\u00b0 lugar<br \/>Erika Teles \u2013 D45A \u2013 2\u00b0 lugar<br \/>Gabrielle Teles \u2013 D14A \u2013 3\u00b0 lugar<br \/>Tayla Maria Sampaio \u2013 D16B \u2013 3\u00b0 lugar<br \/>Dagmar Santana \u2013 D50B \u2013 3\u00b0 lugar<br \/>Geane Nunes \u2013 D55B \u2013 1\u00b0 lugar<br \/>Vin\u00edcius Aquino \u2013 H20E \u2013 2\u00b0 lugar<br \/>Jo\u00e3o Carlos Jesus \u2013 H21A \u2013 3\u00b0 lugar<br \/>Enio Paulo Oliveira \u2013 H60A \u2013 2\u00b0 lugar<br \/>Ryan Carlos Longuinhos \u2013 H14B \u2013 3\u00b0 lugar<br \/>Gabriel Henrique Oliveira \u2013 H20B \u2013 1\u00b0 lugar<br \/>Davi Silva \u2013 H20B \u2013 3\u00b0 lugar<br \/>Nadson Lima \u2013 H40B \u2013 2\u00b0 lugar<\/p>\n<p><em>Siga o Acorda Cidade no<\/em><a href=\"https:\/\/news.google.com\/search?q=acorda%20cidade&amp;hl=pt-BR&amp;gl=BR&amp;ceid=BR%3Apt-419\"><strong><em> Google Not\u00edcias<\/em><\/strong><\/a><em> e receba os principais destaques do dia. Participe tamb\u00e9m dos nossos canais no <\/em><a href=\"https:\/\/whatsapp.com\/channel\/0029Va6Rb4v3WHTNnsh8WI3N\"><strong><em>WhatsApp<\/em><\/strong><\/a><em> e <\/em><a href=\"https:\/\/www.youtube.com\/@acordacidadenoticias\/videos\"><strong>Youtube<\/strong><\/a><em> e grupo de <\/em><a href=\"https:\/\/t.me\/+sSz0khrgARA0ZmRh\"><strong><em>Telegram<\/em><\/strong><\/a><em>.<\/em><\/p>\n<\/div>\n","protected":false},"excerpt":{"rendered":"<div>\n<div>\n<figure><img decoding=\"async\" src=\"https:\/\/uploads.acordacidade.com.br\/2025\/05\/Da-esquerda-a-direita-Joao-Carlos-Jesus-Vinicius-Aquino-Vinicius-Andre-Geovanna-Teles-Alana-Souza-Fabiana-da-Hora-Maria-Isabelly-Silva-e-Nilson-Mineiro-tecnico-Divulgacao-FBO.jpg\" alt=\"Campeonato Brasileiro de Orienta\u00e7\u00e3o\"><figcaption>Foto: Divulga\u00e7\u00e3o\/FBO<\/figcaption><\/figure>\n<\/div>\n<p>Delega\u00e7\u00e3o baiana competiu com 47 atletas de quatro clubes e conquistou o 6\u00ba lugar geral.<\/p><\/div>\n","protected":false},"author":1,"featured_media":85507,"comment_status":"closed","ping_status":"closed","sticky":false,"template":"","format":"gallery","meta":{"footnotes":""},"categories":[8,9,6,57,56,10],"tags":[],"class_list":["post-85506","post","type-post","status-publish","format-gallery","has-post-thumbnail","hentry","category-bahia","category-brasil","category-feira-de-santana","category-mundo","category-policia","category-politica","post_format-post-format-gallery"],"featured_image_urls":{"full":["https:\/\/noticiasbahia360.com.br\/wp-content\/uploads\/2025\/05\/Da-esquerda-a-direita-Joao-Carlos-Jesus-Vinicius-Aquino-Vinicius-Andre-Geovanna-Teles-Alana-Souza-Fabiana-da-Hora-Maria-Isabelly-Silva-e-Nilson-Mineiro-tecnico-Divulgacao-FBO.jpg",1200,919,false],"thumbnail":["https:\/\/noticiasbahia360.com.br\/wp-content\/uploads\/2025\/05\/Da-esquerda-a-direita-Joao-Carlos-Jesus-Vinicius-Aquino-Vinicius-Andre-Geovanna-Teles-Alana-Souza-Fabiana-da-Hora-Maria-Isabelly-Silva-e-Nilson-Mineiro-tecnico-Divulgacao-FBO-150x150.jpg",150,150,true],"medium":["https:\/\/noticiasbahia360.com.br\/wp-content\/uploads\/2025\/05\/Da-esquerda-a-direita-Joao-Carlos-Jesus-Vinicius-Aquino-Vinicius-Andre-Geovanna-Teles-Alana-Souza-Fabiana-da-Hora-Maria-Isabelly-Silva-e-Nilson-Mineiro-tecnico-Divulgacao-FBO-300x230.jpg",300,230,true],"medium_large":["https:\/\/noticiasbahia360.com.br\/wp-content\/uploads\/2025\/05\/Da-esquerda-a-direita-Joao-Carlos-Jesus-Vinicius-Aquino-Vinicius-Andre-Geovanna-Teles-Alana-Souza-Fabiana-da-Hora-Maria-Isabelly-Silva-e-Nilson-Mineiro-tecnico-Divulgacao-FBO-768x588.jpg",640,490,true],"large":["https:\/\/noticiasbahia360.com.br\/wp-content\/uploads\/2025\/05\/Da-esquerda-a-direita-Joao-Carlos-Jesus-Vinicius-Aquino-Vinicius-Andre-Geovanna-Teles-Alana-Souza-Fabiana-da-Hora-Maria-Isabelly-Silva-e-Nilson-Mineiro-tecnico-Divulgacao-FBO-1024x784.jpg",640,490,true],"1536x1536":["https:\/\/noticiasbahia360.com.br\/wp-content\/uploads\/2025\/05\/Da-esquerda-a-direita-Joao-Carlos-Jesus-Vinicius-Aquino-Vinicius-Andre-Geovanna-Teles-Alana-Souza-Fabiana-da-Hora-Maria-Isabelly-Silva-e-Nilson-Mineiro-tecnico-Divulgacao-FBO.jpg",1200,919,false],"2048x2048":["https:\/\/noticiasbahia360.com.br\/wp-content\/uploads\/2025\/05\/Da-esquerda-a-direita-Joao-Carlos-Jesus-Vinicius-Aquino-Vinicius-Andre-Geovanna-Teles-Alana-Souza-Fabiana-da-Hora-Maria-Isabelly-Silva-e-Nilson-Mineiro-tecnico-Divulgacao-FBO.jpg",1200,919,false],"chromenews-featured":["https:\/\/noticiasbahia360.com.br\/wp-content\/uploads\/2025\/05\/Da-esquerda-a-direita-Joao-Carlos-Jesus-Vinicius-Aquino-Vinicius-Andre-Geovanna-Teles-Alana-Souza-Fabiana-da-Hora-Maria-Isabelly-Silva-e-Nilson-Mineiro-tecnico-Divulgacao-FBO-1024x784.jpg",1024,784,true],"chromenews-large":["https:\/\/noticiasbahia360.com.br\/wp-content\/uploads\/2025\/05\/Da-esquerda-a-direita-Joao-Carlos-Jesus-Vinicius-Aquino-Vinicius-Andre-Geovanna-Teles-Alana-Souza-Fabiana-da-Hora-Maria-Isabelly-Silva-e-Nilson-Mineiro-tecnico-Divulgacao-FBO-825x575.jpg",825,575,true],"chromenews-medium":["https:\/\/noticiasbahia360.com.br\/wp-content\/uploads\/2025\/05\/Da-esquerda-a-direita-Joao-Carlos-Jesus-Vinicius-Aquino-Vinicius-Andre-Geovanna-Teles-Alana-Souza-Fabiana-da-Hora-Maria-Isabelly-Silva-e-Nilson-Mineiro-tecnico-Divulgacao-FBO-590x410.jpg",590,410,true]},"author_info":{"display_name":"noticiasbahia360.com.br","author_link":"https:\/\/noticiasbahia360.com.br\/?author=1"},"category_info":"<a href=\"https:\/\/noticiasbahia360.com.br\/?cat=8\" rel=\"category\">Bahia<\/a> <a href=\"https:\/\/noticiasbahia360.com.br\/?cat=9\" rel=\"category\">Brasil<\/a> <a href=\"https:\/\/noticiasbahia360.com.br\/?cat=6\" rel=\"category\">Feira de Santana<\/a> <a href=\"https:\/\/noticiasbahia360.com.br\/?cat=57\" rel=\"category\">Mundo<\/a> <a href=\"https:\/\/noticiasbahia360.com.br\/?cat=56\" rel=\"category\">Pol\u00edcia<\/a> <a href=\"https:\/\/noticiasbahia360.com.br\/?cat=10\" rel=\"category\">Pol\u00edtica<\/a>","tag_info":"Pol\u00edtica","comment_count":"0","_links":{"self":[{"href":"https:\/\/noticiasbahia360.com.br\/index.php?rest_route=\/wp\/v2\/posts\/85506","targetHints":{"allow":["GET"]}}],"collection":[{"href":"https:\/\/noticiasbahia360.com.br\/index.php?rest_route=\/wp\/v2\/posts"}],"about":[{"href":"https:\/\/noticiasbahia360.com.br\/index.php?rest_route=\/wp\/v2\/types\/post"}],"author":[{"embeddable":true,"href":"https:\/\/noticiasbahia360.com.br\/index.php?rest_route=\/wp\/v2\/users\/1"}],"replies":[{"embeddable":true,"href":"https:\/\/noticiasbahia360.com.br\/index.php?rest_route=%2Fwp%2Fv2%2Fcomments&post=85506"}],"version-history":[{"count":0,"href":"https:\/\/noticiasbahia360.com.br\/index.php?rest_route=\/wp\/v2\/posts\/85506\/revisions"}],"wp:featuredmedia":[{"embeddable":true,"href":"https:\/\/noticiasbahia360.com.br\/index.php?rest_route=\/wp\/v2\/media\/85507"}],"wp:attachment":[{"href":"https:\/\/noticiasbahia360.com.br\/index.php?rest_route=%2Fwp%2Fv2%2Fmedia&parent=85506"}],"wp:term":[{"taxonomy":"category","embeddable":true,"href":"https:\/\/noticiasbahia360.com.br\/index.php?rest_route=%2Fwp%2Fv2%2Fcategories&post=85506"},{"taxonomy":"post_tag","embeddable":true,"href":"https:\/\/noticiasbahia360.com.br\/index.php?rest_route=%2Fwp%2Fv2%2Ftags&post=85506"}],"curies":[{"name":"wp","href":"https:\/\/api.w.org\/{rel}","templated":true}]}}