{"id":85516,"date":"2025-05-09T10:06:03","date_gmt":"2025-05-09T13:06:03","guid":{"rendered":"https:\/\/noticiasbahia360.com.br\/?p=85516"},"modified":"2025-05-09T10:06:03","modified_gmt":"2025-05-09T13:06:03","slug":"cratera-destroi-parte-da-avenida-sergio-carneiro-em-feira-de-santana","status":"publish","type":"post","link":"https:\/\/noticiasbahia360.com.br\/?p=85516","title":{"rendered":"Cratera destr\u00f3i parte da Avenida S\u00e9rgio Carneiro em Feira de Santana"},"content":{"rendered":"<div>\n<div>\n<figure><img decoding=\"async\" src=\"http:\/\/noticiasbahia360.com.br\/wp-content\/uploads\/2025\/05\/buraco-na-avenida-sergio-carneiro-bairro-santo-antonio-dos-prazeres-feira-de-santana-foto-ed-santos-acorda-cidade01.jpg\" alt=\"cratera\"><figcaption>Foto: Ed Santos \/ Acorda Cidade <\/figcaption><\/figure>\n<\/div>\n<div class=\"wp-block-group\">\n<div class=\"wp-block-group__inner-container is-layout-constrained wp-block-group-is-layout-constrained\">\n<p>Uma cratera destruiu parte da cal\u00e7ada de um trecho da Avenida S\u00e9rgio Carneiro, em Feira de Santana. Al\u00e9m de impedir a mobilidade dos pedestres, o grande buraco representa risco para condutores que passam pela regi\u00e3o, localizada no bairro <a href=\"https:\/\/www.acordacidade.com.br\/tag\/bairro-santo-antonio-dos-prazeres-2\/\">Santo Ant\u00f4nio dos Prazeres<\/a>, pois est\u00e1 a poucos cent\u00edmetros da pista.<\/p>\n<p>Al\u00e9m do medo que o buraco aumente e acabe comprometendo a estrada, o que poderia provocar acidentes graves, alguns moradores confessaram em entrevista ao Acorda Cidade que convivem com longos per\u00edodos sem abastecimento de \u00e1gua. Para a cabeleireira Enia Ferreira, o problema da falta de \u00e1gua est\u00e1 ligado diretamente \u00e0 cratera.<\/p>\n<figure class=\"wp-block-image size-large\"><img fetchpriority=\"high\" data-dominant-color=\"808d84\" data-has-transparency=\"false\" style=\"--dominant-color: #808d84;\" decoding=\"async\" width=\"1024\" height=\"768\" sizes=\"(max-width: 1024px) 100vw, 1024px\" src=\"http:\/\/noticiasbahia360.com.br\/wp-content\/uploads\/2025\/05\/6Oajx7l5-buraco-na-avenida-sergio-carneiro-bairro-santo-antonio-dos-prazeres-feira-de-santana-foto-ed-santos-acorda-cidade-03-1024x768-1.webp\" alt=\"Enia Ferreira\" class=\"wp-image-550997 not-transparent\" srcset=\"https:\/\/uploads.acordacidade.com.br\/2025\/05\/6Oajx7l5-buraco-na-avenida-sergio-carneiro-bairro-santo-antonio-dos-prazeres-feira-de-santana-foto-ed-santos-acorda-cidade-03-300x225.webp 300w, http:\/\/noticiasbahia360.com.br\/wp-content\/uploads\/2025\/05\/6Oajx7l5-buraco-na-avenida-sergio-carneiro-bairro-santo-antonio-dos-prazeres-feira-de-santana-foto-ed-santos-acorda-cidade-03-1024x768-1.webp 1024w, https:\/\/uploads.acordacidade.com.br\/2025\/05\/6Oajx7l5-buraco-na-avenida-sergio-carneiro-bairro-santo-antonio-dos-prazeres-feira-de-santana-foto-ed-santos-acorda-cidade-03-768x576.webp 768w, https:\/\/uploads.acordacidade.com.br\/2025\/05\/6Oajx7l5-buraco-na-avenida-sergio-carneiro-bairro-santo-antonio-dos-prazeres-feira-de-santana-foto-ed-santos-acorda-cidade-03-150x113.webp 150w, https:\/\/uploads.acordacidade.com.br\/2025\/05\/6Oajx7l5-buraco-na-avenida-sergio-carneiro-bairro-santo-antonio-dos-prazeres-feira-de-santana-foto-ed-santos-acorda-cidade-03.webp 1200w\"><figcaption class=\"wp-element-caption\">Enia Ferreira, cabelereira e moradora do bairro Santo Ant\u00f4nio dos Prazeres, em Feira de Santana | Foto: Ed Santos \/ Acorda Cidade  <\/figcaption><\/figure>\n<p>\u201cSe chover por uma hora aqui, alaga tudo e a gente fica sem \u00e1gua. Eu mesma estou h\u00e1 8 dias sem \u00e1gua. N\u00e3o sab\u00edamos que havia um cano quebrado aqui embaixo. No ano passado, a prefeitura jogou terra achando que ia resolver, veio outra chuva e n\u00e3o resolveu. A\u00ed eles jogaram mais terra e pedras. Devido a isso, toda vez que chove, alaga o buraco e as pedras quebram os canos\u201d, disse Ferreira.<\/p>\n<figure class=\"wp-block-image size-large\"><img data-dominant-color=\"888b7c\" data-has-transparency=\"false\" style=\"--dominant-color: #888b7c;\" decoding=\"async\" width=\"1024\" height=\"768\" sizes=\"(max-width: 1024px) 100vw, 1024px\" src=\"http:\/\/noticiasbahia360.com.br\/wp-content\/uploads\/2025\/05\/wO4yI3KW-buraco-na-avenida-sergio-carneiro-bairro-santo-antonio-dos-prazeres-feira-de-santana-foto-ed-santos-acorda-cidade-1024x768-1.webp\" alt=\"buraco na Avenida Sergio carneiro em Feira de Santana\" class=\"wp-image-551001 not-transparent\" srcset=\"https:\/\/uploads.acordacidade.com.br\/2025\/05\/wO4yI3KW-buraco-na-avenida-sergio-carneiro-bairro-santo-antonio-dos-prazeres-feira-de-santana-foto-ed-santos-acorda-cidade-300x225.webp 300w, http:\/\/noticiasbahia360.com.br\/wp-content\/uploads\/2025\/05\/wO4yI3KW-buraco-na-avenida-sergio-carneiro-bairro-santo-antonio-dos-prazeres-feira-de-santana-foto-ed-santos-acorda-cidade-1024x768-1.webp 1024w, https:\/\/uploads.acordacidade.com.br\/2025\/05\/wO4yI3KW-buraco-na-avenida-sergio-carneiro-bairro-santo-antonio-dos-prazeres-feira-de-santana-foto-ed-santos-acorda-cidade-768x576.webp 768w, https:\/\/uploads.acordacidade.com.br\/2025\/05\/wO4yI3KW-buraco-na-avenida-sergio-carneiro-bairro-santo-antonio-dos-prazeres-feira-de-santana-foto-ed-santos-acorda-cidade-150x113.webp 150w, https:\/\/uploads.acordacidade.com.br\/2025\/05\/wO4yI3KW-buraco-na-avenida-sergio-carneiro-bairro-santo-antonio-dos-prazeres-feira-de-santana-foto-ed-santos-acorda-cidade.webp 1200w\"><figcaption class=\"wp-element-caption\">Foto: Ed Santos \/ Acorda Cidade <\/figcaption><\/figure>\n<p>A cabeleireira acredita que tanto a exist\u00eancia como a perman\u00eancia da cratera no local s\u00e3o resultado da soma de v\u00e1rios erros de planejamento. O buraco fica pr\u00f3ximo de um c\u00f3rrego que corta o bairro e des\u00e1gua em uma regi\u00e3o no Distrito de Ja\u00edba, e o solo naturalmente \u00famido favorece deslizamentos de terra.<\/p>\n<figure class=\"wp-block-image size-large\"><img data-dominant-color=\"7a806e\" data-has-transparency=\"false\" style=\"--dominant-color: #7a806e;\" decoding=\"async\" width=\"1024\" height=\"768\" sizes=\"(max-width: 1024px) 100vw, 1024px\" src=\"http:\/\/noticiasbahia360.com.br\/wp-content\/uploads\/2025\/05\/79ASXr0C-buraco-na-avenida-sergio-carneiro-bairro-santo-antonio-dos-prazeres-feira-de-santana-foto-ed-santos-acorda-cidade-02-1024x768-1.webp\" alt=\"cratera \" class=\"wp-image-550998 not-transparent\" srcset=\"https:\/\/uploads.acordacidade.com.br\/2025\/05\/79ASXr0C-buraco-na-avenida-sergio-carneiro-bairro-santo-antonio-dos-prazeres-feira-de-santana-foto-ed-santos-acorda-cidade-02-300x225.webp 300w, http:\/\/noticiasbahia360.com.br\/wp-content\/uploads\/2025\/05\/79ASXr0C-buraco-na-avenida-sergio-carneiro-bairro-santo-antonio-dos-prazeres-feira-de-santana-foto-ed-santos-acorda-cidade-02-1024x768-1.webp 1024w, https:\/\/uploads.acordacidade.com.br\/2025\/05\/79ASXr0C-buraco-na-avenida-sergio-carneiro-bairro-santo-antonio-dos-prazeres-feira-de-santana-foto-ed-santos-acorda-cidade-02-768x576.webp 768w, https:\/\/uploads.acordacidade.com.br\/2025\/05\/79ASXr0C-buraco-na-avenida-sergio-carneiro-bairro-santo-antonio-dos-prazeres-feira-de-santana-foto-ed-santos-acorda-cidade-02-150x113.webp 150w, https:\/\/uploads.acordacidade.com.br\/2025\/05\/79ASXr0C-buraco-na-avenida-sergio-carneiro-bairro-santo-antonio-dos-prazeres-feira-de-santana-foto-ed-santos-acorda-cidade-02.webp 1200w\"><figcaption class=\"wp-element-caption\">Foto: Ed Santos \/ Acorda Cidade <\/figcaption><\/figure>\n<\/div>\n<\/div>\n<div class=\"wp-block-group\">\n<div class=\"wp-block-group__inner-container is-layout-constrained wp-block-group-is-layout-constrained\">\n<h2 class=\"wp-block-heading\" id=\"h-quem-e-o-pai-da-crianca\">Quem \u00e9 o pai da crian\u00e7a?<\/h2>\n<p>A moradora tamb\u00e9m explicou que o problema virou alvo de um jogo de \u201cempurra-empurra\u201d entre o governo do estado da Bahia e a prefeitura de Feira de Santana, pois a Avenida S\u00e9rgio Carneiro faz parte da BA-503, uma rodovia estadual. Para Ariane Santos, n\u00e3o importa de quem \u00e9 a responsabilidade, os moradores querem uma solu\u00e7\u00e3o.<\/p>\n<figure class=\"wp-block-image size-large\"><img loading=\"lazy\" data-dominant-color=\"868870\" data-has-transparency=\"false\" style=\"--dominant-color: #868870;\" decoding=\"async\" width=\"1024\" height=\"768\" sizes=\"(max-width: 1024px) 100vw, 1024px\" src=\"http:\/\/noticiasbahia360.com.br\/wp-content\/uploads\/2025\/05\/DwwrDG32-buraco-na-avenida-sergio-carneiro-bairro-santo-antonio-dos-prazeres-feira-de-santana-foto-ed-santos-acorda-cidade-04-1024x768-1.webp\" alt=\"Ariane Santos\" class=\"wp-image-550996 not-transparent\" srcset=\"https:\/\/uploads.acordacidade.com.br\/2025\/05\/DwwrDG32-buraco-na-avenida-sergio-carneiro-bairro-santo-antonio-dos-prazeres-feira-de-santana-foto-ed-santos-acorda-cidade-04-300x225.webp 300w, http:\/\/noticiasbahia360.com.br\/wp-content\/uploads\/2025\/05\/DwwrDG32-buraco-na-avenida-sergio-carneiro-bairro-santo-antonio-dos-prazeres-feira-de-santana-foto-ed-santos-acorda-cidade-04-1024x768-1.webp 1024w, https:\/\/uploads.acordacidade.com.br\/2025\/05\/DwwrDG32-buraco-na-avenida-sergio-carneiro-bairro-santo-antonio-dos-prazeres-feira-de-santana-foto-ed-santos-acorda-cidade-04-768x576.webp 768w, https:\/\/uploads.acordacidade.com.br\/2025\/05\/DwwrDG32-buraco-na-avenida-sergio-carneiro-bairro-santo-antonio-dos-prazeres-feira-de-santana-foto-ed-santos-acorda-cidade-04-150x113.webp 150w, https:\/\/uploads.acordacidade.com.br\/2025\/05\/DwwrDG32-buraco-na-avenida-sergio-carneiro-bairro-santo-antonio-dos-prazeres-feira-de-santana-foto-ed-santos-acorda-cidade-04.webp 1200w\"><figcaption class=\"wp-element-caption\">Ariane Santos,  moradora do bairro Santo Ant\u00f4nio dos Prazeres, em Feira de Santana | Foto: Ed Santos \/ Acorda Cidade  <\/figcaption><\/figure>\n<p>\u201cEu acho que isso aqui tinha de ser interditado e refeito tudo, porque n\u00e3o h\u00e1 condi\u00e7\u00f5es de andar por aqui. Outro dia, um carro caiu e ficou preso. E o perigo \u00e9 que fica bem pr\u00f3ximo a uma curva, \u00e9 um perigo, h\u00e1 carros toda hora, os carros passam correndo, e no hor\u00e1rio de pico fica pior\u201d, concluiu a moradora Ariane.<\/p>\n<figure class=\"wp-block-image size-large\"><img loading=\"lazy\" data-dominant-color=\"77816b\" data-has-transparency=\"false\" style=\"--dominant-color: #77816b;\" decoding=\"async\" width=\"1024\" height=\"768\" sizes=\"(max-width: 1024px) 100vw, 1024px\" src=\"http:\/\/noticiasbahia360.com.br\/wp-content\/uploads\/2025\/05\/1De3sJC4-buraco-na-avenida-sergio-carneiro-bairro-santo-antonio-dos-prazeres-feira-de-santana-foto-ed-santos-acorda-cidade-00-1024x768-1.webp\" alt=\"buraco na Avenida Sergio carneiro em Feira de Santana\" class=\"wp-image-551000 not-transparent\" srcset=\"https:\/\/uploads.acordacidade.com.br\/2025\/05\/1De3sJC4-buraco-na-avenida-sergio-carneiro-bairro-santo-antonio-dos-prazeres-feira-de-santana-foto-ed-santos-acorda-cidade-00-300x225.webp 300w, http:\/\/noticiasbahia360.com.br\/wp-content\/uploads\/2025\/05\/1De3sJC4-buraco-na-avenida-sergio-carneiro-bairro-santo-antonio-dos-prazeres-feira-de-santana-foto-ed-santos-acorda-cidade-00-1024x768-1.webp 1024w, https:\/\/uploads.acordacidade.com.br\/2025\/05\/1De3sJC4-buraco-na-avenida-sergio-carneiro-bairro-santo-antonio-dos-prazeres-feira-de-santana-foto-ed-santos-acorda-cidade-00-768x576.webp 768w, https:\/\/uploads.acordacidade.com.br\/2025\/05\/1De3sJC4-buraco-na-avenida-sergio-carneiro-bairro-santo-antonio-dos-prazeres-feira-de-santana-foto-ed-santos-acorda-cidade-00-150x113.webp 150w, https:\/\/uploads.acordacidade.com.br\/2025\/05\/1De3sJC4-buraco-na-avenida-sergio-carneiro-bairro-santo-antonio-dos-prazeres-feira-de-santana-foto-ed-santos-acorda-cidade-00.webp 1200w\"><figcaption class=\"wp-element-caption\">Foto: Ed Santos \/ Acorda Cidade <\/figcaption><\/figure>\n<h2 class=\"wp-block-heading\" id=\"h-o-que-dizem-os-envolvidos\">O que dizem os envolvidos<\/h2>\n<p>A produ\u00e7\u00e3o do Acorda Cidade ir\u00e1 entrar em contato com representantes dos governos estadual e municipal solicitando um retorno para a quest\u00e3o.<\/p>\n<\/div>\n<\/div>\n<div class=\"wp-block-group\">\n<div class=\"wp-block-group__inner-container is-layout-constrained wp-block-group-is-layout-constrained\">\n<p><em>Com informa\u00e7\u00f5es do rep\u00f3rter Ed Santos do Acorda Cidade <\/em><\/p>\n<p><em>Reportagem escrita pelo estagi\u00e1rio de jornalismo Jefferson Ara\u00fajo sob supervis\u00e3o <\/em><\/p>\n<p><em>Siga o Acorda Cidade no<\/em><a href=\"https:\/\/news.google.com\/search?q=acorda%20cidade&amp;hl=pt-BR&amp;gl=BR&amp;ceid=BR%3Apt-419\"><strong><em>\u00a0Google Not\u00edcias<\/em><\/strong><\/a><em>\u00a0e receba os principais destaques do dia. Participe tamb\u00e9m dos nossos canais no\u00a0<\/em><a href=\"https:\/\/www.whatsapp.com\/channel\/0029Va6Rb4v3WHTNnsh8WI3N\"><strong><em>WhatsApp<\/em><\/strong><\/a><em>\u00a0e\u00a0<\/em><a href=\"https:\/\/www.youtube.com\/@acordacidadenoticias\/videos\"><strong>YouTube<\/strong><\/a><em>\u00a0e do grupo no\u00a0<\/em><a href=\"https:\/\/t.me\/+sSz0khrgARA0ZmRh\"><strong><em>Telegram<\/em><\/strong><\/a><\/p>\n<\/div>\n<\/div>\n<\/div>\n","protected":false},"excerpt":{"rendered":"<div>\n<div>\n<figure><img decoding=\"async\" src=\"https:\/\/uploads.acordacidade.com.br\/2025\/05\/buraco-na-avenida-sergio-carneiro-bairro-santo-antonio-dos-prazeres-feira-de-santana-foto-ed-santos-acorda-cidade01.jpg\" alt=\"cratera\"><figcaption>Foto: Ed Santos \/ Acorda Cidade <\/figcaption><\/figure>\n<\/div>\n<p>Alguns moradores confessaram em entrevista ao Acorda Cidade que convivem com longos per\u00edodos sem abastecimento de \u00e1gua.<\/p><\/div>\n","protected":false},"author":1,"featured_media":85517,"comment_status":"closed","ping_status":"closed","sticky":false,"template":"","format":"gallery","meta":{"footnotes":""},"categories":[8,9,6,57,56,10],"tags":[],"class_list":["post-85516","post","type-post","status-publish","format-gallery","has-post-thumbnail","hentry","category-bahia","category-brasil","category-feira-de-santana","category-mundo","category-policia","category-politica","post_format-post-format-gallery"],"featured_image_urls":{"full":["https:\/\/noticiasbahia360.com.br\/wp-content\/uploads\/2025\/05\/buraco-na-avenida-sergio-carneiro-bairro-santo-antonio-dos-prazeres-feira-de-santana-foto-ed-santos-acorda-cidade01.jpg",1200,900,false],"thumbnail":["https:\/\/noticiasbahia360.com.br\/wp-content\/uploads\/2025\/05\/buraco-na-avenida-sergio-carneiro-bairro-santo-antonio-dos-prazeres-feira-de-santana-foto-ed-santos-acorda-cidade01-150x150.jpg",150,150,true],"medium":["https:\/\/noticiasbahia360.com.br\/wp-content\/uploads\/2025\/05\/buraco-na-avenida-sergio-carneiro-bairro-santo-antonio-dos-prazeres-feira-de-santana-foto-ed-santos-acorda-cidade01-300x225.jpg",300,225,true],"medium_large":["https:\/\/noticiasbahia360.com.br\/wp-content\/uploads\/2025\/05\/buraco-na-avenida-sergio-carneiro-bairro-santo-antonio-dos-prazeres-feira-de-santana-foto-ed-santos-acorda-cidade01-768x576.jpg",640,480,true],"large":["https:\/\/noticiasbahia360.com.br\/wp-content\/uploads\/2025\/05\/buraco-na-avenida-sergio-carneiro-bairro-santo-antonio-dos-prazeres-feira-de-santana-foto-ed-santos-acorda-cidade01-1024x768.jpg",640,480,true],"1536x1536":["https:\/\/noticiasbahia360.com.br\/wp-content\/uploads\/2025\/05\/buraco-na-avenida-sergio-carneiro-bairro-santo-antonio-dos-prazeres-feira-de-santana-foto-ed-santos-acorda-cidade01.jpg",1200,900,false],"2048x2048":["https:\/\/noticiasbahia360.com.br\/wp-content\/uploads\/2025\/05\/buraco-na-avenida-sergio-carneiro-bairro-santo-antonio-dos-prazeres-feira-de-santana-foto-ed-santos-acorda-cidade01.jpg",1200,900,false],"chromenews-featured":["https:\/\/noticiasbahia360.com.br\/wp-content\/uploads\/2025\/05\/buraco-na-avenida-sergio-carneiro-bairro-santo-antonio-dos-prazeres-feira-de-santana-foto-ed-santos-acorda-cidade01-1024x768.jpg",1024,768,true],"chromenews-large":["https:\/\/noticiasbahia360.com.br\/wp-content\/uploads\/2025\/05\/buraco-na-avenida-sergio-carneiro-bairro-santo-antonio-dos-prazeres-feira-de-santana-foto-ed-santos-acorda-cidade01-825x575.jpg",825,575,true],"chromenews-medium":["https:\/\/noticiasbahia360.com.br\/wp-content\/uploads\/2025\/05\/buraco-na-avenida-sergio-carneiro-bairro-santo-antonio-dos-prazeres-feira-de-santana-foto-ed-santos-acorda-cidade01-590x410.jpg",590,410,true]},"author_info":{"display_name":"noticiasbahia360.com.br","author_link":"https:\/\/noticiasbahia360.com.br\/?author=1"},"category_info":"<a href=\"https:\/\/noticiasbahia360.com.br\/?cat=8\" rel=\"category\">Bahia<\/a> <a href=\"https:\/\/noticiasbahia360.com.br\/?cat=9\" rel=\"category\">Brasil<\/a> <a href=\"https:\/\/noticiasbahia360.com.br\/?cat=6\" rel=\"category\">Feira de Santana<\/a> <a href=\"https:\/\/noticiasbahia360.com.br\/?cat=57\" rel=\"category\">Mundo<\/a> <a href=\"https:\/\/noticiasbahia360.com.br\/?cat=56\" rel=\"category\">Pol\u00edcia<\/a> <a href=\"https:\/\/noticiasbahia360.com.br\/?cat=10\" rel=\"category\">Pol\u00edtica<\/a>","tag_info":"Pol\u00edtica","comment_count":"0","_links":{"self":[{"href":"https:\/\/noticiasbahia360.com.br\/index.php?rest_route=\/wp\/v2\/posts\/85516","targetHints":{"allow":["GET"]}}],"collection":[{"href":"https:\/\/noticiasbahia360.com.br\/index.php?rest_route=\/wp\/v2\/posts"}],"about":[{"href":"https:\/\/noticiasbahia360.com.br\/index.php?rest_route=\/wp\/v2\/types\/post"}],"author":[{"embeddable":true,"href":"https:\/\/noticiasbahia360.com.br\/index.php?rest_route=\/wp\/v2\/users\/1"}],"replies":[{"embeddable":true,"href":"https:\/\/noticiasbahia360.com.br\/index.php?rest_route=%2Fwp%2Fv2%2Fcomments&post=85516"}],"version-history":[{"count":0,"href":"https:\/\/noticiasbahia360.com.br\/index.php?rest_route=\/wp\/v2\/posts\/85516\/revisions"}],"wp:featuredmedia":[{"embeddable":true,"href":"https:\/\/noticiasbahia360.com.br\/index.php?rest_route=\/wp\/v2\/media\/85517"}],"wp:attachment":[{"href":"https:\/\/noticiasbahia360.com.br\/index.php?rest_route=%2Fwp%2Fv2%2Fmedia&parent=85516"}],"wp:term":[{"taxonomy":"category","embeddable":true,"href":"https:\/\/noticiasbahia360.com.br\/index.php?rest_route=%2Fwp%2Fv2%2Fcategories&post=85516"},{"taxonomy":"post_tag","embeddable":true,"href":"https:\/\/noticiasbahia360.com.br\/index.php?rest_route=%2Fwp%2Fv2%2Ftags&post=85516"}],"curies":[{"name":"wp","href":"https:\/\/api.w.org\/{rel}","templated":true}]}}