{"id":85523,"date":"2025-05-09T10:06:19","date_gmt":"2025-05-09T13:06:19","guid":{"rendered":"https:\/\/noticiasbahia360.com.br\/?p=85523"},"modified":"2025-05-09T10:06:19","modified_gmt":"2025-05-09T13:06:19","slug":"preco-do-maracuja-tomate-e-hortalicas-sofre-reajuste-na-feirinha-da-estacao-nova","status":"publish","type":"post","link":"https:\/\/noticiasbahia360.com.br\/?p=85523","title":{"rendered":"Pre\u00e7o do maracuj\u00e1, tomate e hortali\u00e7as sofre reajuste na Feirinha da Esta\u00e7\u00e3o Nova"},"content":{"rendered":"<div>\n<div>\n<figure><img decoding=\"async\" src=\"http:\/\/noticiasbahia360.com.br\/wp-content\/uploads\/2025\/05\/Preco-do-maracuja-tomate-e-hortalicas-sofre-reajuste-na-Feirinha-da-Estacao-Nova1.jpg\" alt=\"Pre\u00e7o do maracuj\u00e1, tomate e hortali\u00e7as sofre reajuste na Feirinha da Esta\u00e7\u00e3o Nova\"><figcaption>Foto: Paulo Jos\u00e9\/Acorda Cidade<\/figcaption><\/figure>\n<\/div>\n<p>Consumidores que est\u00e3o indo a Feirinha da Esta\u00e7\u00e3o Nova, em <a href=\"https:\/\/www.acordacidade.com.br\/tag\/feira-de-santana\/\">Feira de Santana<\/a>, comprar frutas, verduras e hortali\u00e7as, est\u00e3o sentindo o reajuste dos pre\u00e7os. De acordo com os comerciantes, o principal fator que fez os pre\u00e7os aumentarem \u00e9 a <a href=\"https:\/\/www.acordacidade.com.br\/tag\/chuva\/\">chuva<\/a>.<\/p>\n<p>\u201cO reajuste \u00e9 de acordo com a chuva. Se chover antes, n\u00e3o consegue colher, se chover no momento da colheita, tem que suspender, ent\u00e3o falta produto no mercado e sobe o pre\u00e7o\u201d, explicou o feirante Eval Ara\u00fajo.<\/p>\n<figure class=\"wp-block-image size-large\"><img fetchpriority=\"high\" data-dominant-color=\"a92833\" data-has-transparency=\"false\" style=\"--dominant-color: #a92833;\" fetchpriority=\"high\" decoding=\"async\" width=\"1024\" height=\"473\" sizes=\"(max-width: 1024px) 100vw, 1024px\" src=\"http:\/\/noticiasbahia360.com.br\/wp-content\/uploads\/2025\/05\/qORxQo6x-Preco-do-maracuja-tomate-e-hortalicas-sofre-reajuste-na-Feirinha-da-Estacao-Nova2-1024x473-1.webp\" alt=\"Pre\u00e7o do maracuj\u00e1, tomate e hortali\u00e7as sofre reajuste na Feirinha da Esta\u00e7\u00e3o Nova\" class=\"wp-image-551430 not-transparent\" srcset=\"https:\/\/uploads.acordacidade.com.br\/2025\/05\/qORxQo6x-Preco-do-maracuja-tomate-e-hortalicas-sofre-reajuste-na-Feirinha-da-Estacao-Nova2-300x139.webp 300w, http:\/\/noticiasbahia360.com.br\/wp-content\/uploads\/2025\/05\/qORxQo6x-Preco-do-maracuja-tomate-e-hortalicas-sofre-reajuste-na-Feirinha-da-Estacao-Nova2-1024x473-1.webp 1024w, https:\/\/uploads.acordacidade.com.br\/2025\/05\/qORxQo6x-Preco-do-maracuja-tomate-e-hortalicas-sofre-reajuste-na-Feirinha-da-Estacao-Nova2-768x355.webp 768w, https:\/\/uploads.acordacidade.com.br\/2025\/05\/qORxQo6x-Preco-do-maracuja-tomate-e-hortalicas-sofre-reajuste-na-Feirinha-da-Estacao-Nova2-150x69.webp 150w, https:\/\/uploads.acordacidade.com.br\/2025\/05\/qORxQo6x-Preco-do-maracuja-tomate-e-hortalicas-sofre-reajuste-na-Feirinha-da-Estacao-Nova2.webp 1200w\"><figcaption class=\"wp-element-caption\">Foto: Paulo Jos\u00e9\/Acorda Cidade<\/figcaption><\/figure>\n<p>Entre os produtos que teve aumento de pre\u00e7o, est\u00e1 o tomate, que passou de 5 reais para 7, e o maracuj\u00e1 que est\u00e1 sendo vendido por cerca de 8 reais o quilo.<\/p>\n<figure class=\"wp-block-image size-large\"><img data-dominant-color=\"877958\" data-has-transparency=\"false\" style=\"--dominant-color: #877958;\" decoding=\"async\" width=\"1024\" height=\"473\" sizes=\"(max-width: 1024px) 100vw, 1024px\" src=\"http:\/\/noticiasbahia360.com.br\/wp-content\/uploads\/2025\/05\/DFrOFiFY-Preco-do-maracuja-tomate-e-hortalicas-sofre-reajuste-na-Feirinha-da-Estacao-Nova3-1024x473-1.webp\" alt=\"Pre\u00e7o do maracuj\u00e1, tomate e hortali\u00e7as sofre reajuste na Feirinha da Esta\u00e7\u00e3o Nova\" class=\"wp-image-551429 not-transparent\" srcset=\"https:\/\/uploads.acordacidade.com.br\/2025\/05\/DFrOFiFY-Preco-do-maracuja-tomate-e-hortalicas-sofre-reajuste-na-Feirinha-da-Estacao-Nova3-300x139.webp 300w, http:\/\/noticiasbahia360.com.br\/wp-content\/uploads\/2025\/05\/DFrOFiFY-Preco-do-maracuja-tomate-e-hortalicas-sofre-reajuste-na-Feirinha-da-Estacao-Nova3-1024x473-1.webp 1024w, https:\/\/uploads.acordacidade.com.br\/2025\/05\/DFrOFiFY-Preco-do-maracuja-tomate-e-hortalicas-sofre-reajuste-na-Feirinha-da-Estacao-Nova3-768x355.webp 768w, https:\/\/uploads.acordacidade.com.br\/2025\/05\/DFrOFiFY-Preco-do-maracuja-tomate-e-hortalicas-sofre-reajuste-na-Feirinha-da-Estacao-Nova3-150x69.webp 150w, https:\/\/uploads.acordacidade.com.br\/2025\/05\/DFrOFiFY-Preco-do-maracuja-tomate-e-hortalicas-sofre-reajuste-na-Feirinha-da-Estacao-Nova3.webp 1200w\"><figcaption class=\"wp-element-caption\">Foto: Paulo Jos\u00e9\/Acorda Cidade<\/figcaption><\/figure>\n<p>As <a href=\"https:\/\/www.acordacidade.com.br\/tag\/hortalicas\/\">hortali\u00e7as <\/a>tamb\u00e9m sofreram reajuste de pre\u00e7o. A feirante Maria Paulina, tamb\u00e9m destacou que o fator que influenciou o aumento foi a chuva.<\/p>\n<p>\u201cA chuva prejudicou e teve altera\u00e7\u00e3o de pre\u00e7o. O solo est\u00e1 muito encharcado e prejudica as hortali\u00e7as\u201d, afirmou. Segundo ela, a alface subiu de 5 para 7 reais e o coentro de 3 para 5 reais.<\/p>\n<figure class=\"wp-block-image size-large\"><img data-dominant-color=\"8d962e\" data-has-transparency=\"false\" style=\"--dominant-color: #8d962e;\" decoding=\"async\" width=\"1024\" height=\"473\" sizes=\"(max-width: 1024px) 100vw, 1024px\" src=\"http:\/\/noticiasbahia360.com.br\/wp-content\/uploads\/2025\/05\/ti2Pe9e9-Preco-do-maracuja-tomate-e-hortalicas-sofre-reajuste-na-Feirinha-da-Estacao-Nova-1024x473-1.webp\" alt=\"Pre\u00e7o do maracuj\u00e1, tomate e hortali\u00e7as sofre reajuste na Feirinha da Esta\u00e7\u00e3o Nova\" class=\"wp-image-551432 not-transparent\" srcset=\"https:\/\/uploads.acordacidade.com.br\/2025\/05\/ti2Pe9e9-Preco-do-maracuja-tomate-e-hortalicas-sofre-reajuste-na-Feirinha-da-Estacao-Nova-300x139.webp 300w, http:\/\/noticiasbahia360.com.br\/wp-content\/uploads\/2025\/05\/ti2Pe9e9-Preco-do-maracuja-tomate-e-hortalicas-sofre-reajuste-na-Feirinha-da-Estacao-Nova-1024x473-1.webp 1024w, https:\/\/uploads.acordacidade.com.br\/2025\/05\/ti2Pe9e9-Preco-do-maracuja-tomate-e-hortalicas-sofre-reajuste-na-Feirinha-da-Estacao-Nova-768x355.webp 768w, https:\/\/uploads.acordacidade.com.br\/2025\/05\/ti2Pe9e9-Preco-do-maracuja-tomate-e-hortalicas-sofre-reajuste-na-Feirinha-da-Estacao-Nova-150x69.webp 150w, https:\/\/uploads.acordacidade.com.br\/2025\/05\/ti2Pe9e9-Preco-do-maracuja-tomate-e-hortalicas-sofre-reajuste-na-Feirinha-da-Estacao-Nova.webp 1200w\"><figcaption class=\"wp-element-caption\">Foto: Paulo Jos\u00e9\/Acorda Cidade<\/figcaption><\/figure>\n<p>\u201cOs clientes s\u00e3o fies, n\u00e3o deixam de comprar. As vezes reclamam, mas compram e a gente tem que repassar o pre\u00e7o sen\u00e3o n\u00e3o paga o fornecedor\u201d, afirmou.<\/p>\n<p><em>Com informa\u00e7\u00f5es do rep\u00f3rter Paulo Jos\u00e9 do Acorda Cidade<\/em><\/p>\n<p><em>Siga o Acorda Cidade no<\/em><a href=\"https:\/\/news.google.com\/search?q=acorda%20cidade&amp;hl=pt-BR&amp;gl=BR&amp;ceid=BR%3Apt-419\"><strong><em>\u00a0Google Not\u00edcias<\/em><\/strong><\/a><em>\u00a0e receba os principais destaques do dia. Participe tamb\u00e9m dos nossos canais no\u00a0<\/em><a href=\"https:\/\/www.whatsapp.com\/channel\/0029Va6Rb4v3WHTNnsh8WI3N\"><strong><em>WhatsApp<\/em><\/strong><\/a><em>\u00a0e\u00a0<\/em><a href=\"https:\/\/www.youtube.com\/@acordacidadenoticias\/videos\"><strong>YouTube<\/strong><\/a><em>\u00a0e do grupo no\u00a0<\/em><a href=\"https:\/\/t.me\/+sSz0khrgARA0ZmRh\"><strong><em>Telegram<\/em><\/strong><\/a><em>.<\/em><\/p>\n<\/div>\n","protected":false},"excerpt":{"rendered":"<div>\n<div>\n<figure><img decoding=\"async\" src=\"https:\/\/uploads.acordacidade.com.br\/2025\/05\/Preco-do-maracuja-tomate-e-hortalicas-sofre-reajuste-na-Feirinha-da-Estacao-Nova1.jpg\" alt=\"Pre\u00e7o do maracuj\u00e1, tomate e hortali\u00e7as sofre reajuste na Feirinha da Esta\u00e7\u00e3o Nova\"><figcaption>Foto: Paulo Jos\u00e9\/Acorda Cidade<\/figcaption><\/figure>\n<\/div>\n<p>O principal fator que fez os pre\u00e7os aumentarem \u00e9 a chuva.<\/p><\/div>\n","protected":false},"author":1,"featured_media":85524,"comment_status":"closed","ping_status":"closed","sticky":false,"template":"","format":"gallery","meta":{"footnotes":""},"categories":[8,9,6,57,56,10],"tags":[],"class_list":["post-85523","post","type-post","status-publish","format-gallery","has-post-thumbnail","hentry","category-bahia","category-brasil","category-feira-de-santana","category-mundo","category-policia","category-politica","post_format-post-format-gallery"],"featured_image_urls":{"full":["https:\/\/noticiasbahia360.com.br\/wp-content\/uploads\/2025\/05\/Preco-do-maracuja-tomate-e-hortalicas-sofre-reajuste-na-Feirinha-da-Estacao-Nova1.jpg",1200,784,false],"thumbnail":["https:\/\/noticiasbahia360.com.br\/wp-content\/uploads\/2025\/05\/Preco-do-maracuja-tomate-e-hortalicas-sofre-reajuste-na-Feirinha-da-Estacao-Nova1-150x150.jpg",150,150,true],"medium":["https:\/\/noticiasbahia360.com.br\/wp-content\/uploads\/2025\/05\/Preco-do-maracuja-tomate-e-hortalicas-sofre-reajuste-na-Feirinha-da-Estacao-Nova1-300x196.jpg",300,196,true],"medium_large":["https:\/\/noticiasbahia360.com.br\/wp-content\/uploads\/2025\/05\/Preco-do-maracuja-tomate-e-hortalicas-sofre-reajuste-na-Feirinha-da-Estacao-Nova1-768x502.jpg",640,418,true],"large":["https:\/\/noticiasbahia360.com.br\/wp-content\/uploads\/2025\/05\/Preco-do-maracuja-tomate-e-hortalicas-sofre-reajuste-na-Feirinha-da-Estacao-Nova1-1024x669.jpg",640,418,true],"1536x1536":["https:\/\/noticiasbahia360.com.br\/wp-content\/uploads\/2025\/05\/Preco-do-maracuja-tomate-e-hortalicas-sofre-reajuste-na-Feirinha-da-Estacao-Nova1.jpg",1200,784,false],"2048x2048":["https:\/\/noticiasbahia360.com.br\/wp-content\/uploads\/2025\/05\/Preco-do-maracuja-tomate-e-hortalicas-sofre-reajuste-na-Feirinha-da-Estacao-Nova1.jpg",1200,784,false],"chromenews-featured":["https:\/\/noticiasbahia360.com.br\/wp-content\/uploads\/2025\/05\/Preco-do-maracuja-tomate-e-hortalicas-sofre-reajuste-na-Feirinha-da-Estacao-Nova1-1024x669.jpg",1024,669,true],"chromenews-large":["https:\/\/noticiasbahia360.com.br\/wp-content\/uploads\/2025\/05\/Preco-do-maracuja-tomate-e-hortalicas-sofre-reajuste-na-Feirinha-da-Estacao-Nova1-825x575.jpg",825,575,true],"chromenews-medium":["https:\/\/noticiasbahia360.com.br\/wp-content\/uploads\/2025\/05\/Preco-do-maracuja-tomate-e-hortalicas-sofre-reajuste-na-Feirinha-da-Estacao-Nova1-590x410.jpg",590,410,true]},"author_info":{"display_name":"noticiasbahia360.com.br","author_link":"https:\/\/noticiasbahia360.com.br\/?author=1"},"category_info":"<a href=\"https:\/\/noticiasbahia360.com.br\/?cat=8\" rel=\"category\">Bahia<\/a> <a href=\"https:\/\/noticiasbahia360.com.br\/?cat=9\" rel=\"category\">Brasil<\/a> <a href=\"https:\/\/noticiasbahia360.com.br\/?cat=6\" rel=\"category\">Feira de Santana<\/a> <a href=\"https:\/\/noticiasbahia360.com.br\/?cat=57\" rel=\"category\">Mundo<\/a> <a href=\"https:\/\/noticiasbahia360.com.br\/?cat=56\" rel=\"category\">Pol\u00edcia<\/a> <a href=\"https:\/\/noticiasbahia360.com.br\/?cat=10\" rel=\"category\">Pol\u00edtica<\/a>","tag_info":"Pol\u00edtica","comment_count":"0","_links":{"self":[{"href":"https:\/\/noticiasbahia360.com.br\/index.php?rest_route=\/wp\/v2\/posts\/85523","targetHints":{"allow":["GET"]}}],"collection":[{"href":"https:\/\/noticiasbahia360.com.br\/index.php?rest_route=\/wp\/v2\/posts"}],"about":[{"href":"https:\/\/noticiasbahia360.com.br\/index.php?rest_route=\/wp\/v2\/types\/post"}],"author":[{"embeddable":true,"href":"https:\/\/noticiasbahia360.com.br\/index.php?rest_route=\/wp\/v2\/users\/1"}],"replies":[{"embeddable":true,"href":"https:\/\/noticiasbahia360.com.br\/index.php?rest_route=%2Fwp%2Fv2%2Fcomments&post=85523"}],"version-history":[{"count":0,"href":"https:\/\/noticiasbahia360.com.br\/index.php?rest_route=\/wp\/v2\/posts\/85523\/revisions"}],"wp:featuredmedia":[{"embeddable":true,"href":"https:\/\/noticiasbahia360.com.br\/index.php?rest_route=\/wp\/v2\/media\/85524"}],"wp:attachment":[{"href":"https:\/\/noticiasbahia360.com.br\/index.php?rest_route=%2Fwp%2Fv2%2Fmedia&parent=85523"}],"wp:term":[{"taxonomy":"category","embeddable":true,"href":"https:\/\/noticiasbahia360.com.br\/index.php?rest_route=%2Fwp%2Fv2%2Fcategories&post=85523"},{"taxonomy":"post_tag","embeddable":true,"href":"https:\/\/noticiasbahia360.com.br\/index.php?rest_route=%2Fwp%2Fv2%2Ftags&post=85523"}],"curies":[{"name":"wp","href":"https:\/\/api.w.org\/{rel}","templated":true}]}}