{"id":85530,"date":"2025-05-09T10:59:46","date_gmt":"2025-05-09T13:59:46","guid":{"rendered":"https:\/\/noticiasbahia360.com.br\/?p=85530"},"modified":"2025-05-09T10:59:46","modified_gmt":"2025-05-09T13:59:46","slug":"influenciador-digital-ney-lima-se-envolve-em-acidente-na-br-116","status":"publish","type":"post","link":"https:\/\/noticiasbahia360.com.br\/?p=85530","title":{"rendered":"Influenciador digital Ney Lima se envolve em acidente na BR-116"},"content":{"rendered":"<div>\n<div>\n<figure><img decoding=\"async\" src=\"http:\/\/noticiasbahia360.com.br\/wp-content\/uploads\/2025\/05\/Influenciador-digital-Ney-Lima-se-envolve-em-acidente-na-BR-116.jpg\" alt=\"Influenciador digital Ney Lima se envolve em acidente na BR-116\"><figcaption>Foto: Instagram<br \/>\n<\/figcaption><\/figure>\n<\/div>\n<p>O <a href=\"https:\/\/www.acordacidade.com.br\/tag\/influenciador-digital\/\">influenciador <\/a>digital baiano Ney Lima, de 28 anos, se envolveu em um <a href=\"https:\/\/www.acordacidade.com.br\/tag\/acidente\/\">acidente <\/a>de carro na noite da \u00faltima quinta-feira (8), na BR-116, pr\u00f3ximo ao povoado de Bom Jardim, em <a href=\"https:\/\/www.acordacidade.com.br\/tag\/serrinha\/\">Serrinha<\/a>, no interior da Bahia.<\/p>\n<p>De acordo com informa\u00e7\u00f5es de ve\u00edculos da regi\u00e3o, o blogueiro era um dos ocupantes do carro modelo Hilux, que colidiu na traseira de um autom\u00f3vel de grande porte, o que causou a destrui\u00e7\u00e3o da frente da Hilux.<\/p>\n<p>N\u00e3o h\u00e1 informa\u00e7\u00f5es sobre o estado de sa\u00fade de Ney, nem dos outros ocupantes do ve\u00edculo, no entanto, o site Caldeir\u00e3o do Paul\u00e3o, indicou que n\u00e3o houve feridos graves no acidente.<\/p>\n<p>Nas redes sociais, Ney Lima n\u00e3o se pronunciou sobre o acidente.<\/p>\n<p>Fonte: <a href=\"https:\/\/www.bahianoticias.com.br\/holofote\/noticia\/79002-influenciador-digital-ney-lima-se-envolve-em-acidente-na-br-116\">Bahia Not\u00edcias<\/a>, parceiro do Acorda Cidade <\/p>\n<p><em>Siga o Acorda Cidade no<\/em><a href=\"https:\/\/news.google.com\/search?q=acorda%20cidade&amp;hl=pt-BR&amp;gl=BR&amp;ceid=BR%3Apt-419\"><strong><em>\u00a0Google Not\u00edcias<\/em><\/strong><\/a><em>\u00a0e receba os principais destaques do dia. Participe tamb\u00e9m dos nossos canais no\u00a0<\/em><a href=\"https:\/\/www.whatsapp.com\/channel\/0029Va6Rb4v3WHTNnsh8WI3N\"><strong><em>WhatsApp<\/em><\/strong><\/a><em>\u00a0e\u00a0<\/em><a href=\"https:\/\/www.youtube.com\/@acordacidadenoticias\/videos\"><strong>YouTube<\/strong><\/a><em>\u00a0e do grupo no\u00a0<\/em><a href=\"https:\/\/t.me\/+sSz0khrgARA0ZmRh\"><strong><em>Telegram<\/em><\/strong><\/a><em>.<\/em><\/p>\n<\/div>\n","protected":false},"excerpt":{"rendered":"<div>\n<div>\n<figure><img decoding=\"async\" src=\"https:\/\/uploads.acordacidade.com.br\/2025\/05\/Influenciador-digital-Ney-Lima-se-envolve-em-acidente-na-BR-116.jpg\" alt=\"Influenciador digital Ney Lima se envolve em acidente na BR-116\"><figcaption>Foto: Instagram<br \/>\n<\/figcaption><\/figure>\n<\/div>\n<p>Nas redes sociais, Ney Lima n\u00e3o se pronunciou sobre o acidente.<\/p><\/div>\n","protected":false},"author":1,"featured_media":85531,"comment_status":"closed","ping_status":"closed","sticky":false,"template":"","format":"gallery","meta":{"footnotes":""},"categories":[8,9,6,57,56,10],"tags":[],"class_list":["post-85530","post","type-post","status-publish","format-gallery","has-post-thumbnail","hentry","category-bahia","category-brasil","category-feira-de-santana","category-mundo","category-policia","category-politica","post_format-post-format-gallery"],"featured_image_urls":{"full":["https:\/\/noticiasbahia360.com.br\/wp-content\/uploads\/2025\/05\/Influenciador-digital-Ney-Lima-se-envolve-em-acidente-na-BR-116.jpg",1200,630,false],"thumbnail":["https:\/\/noticiasbahia360.com.br\/wp-content\/uploads\/2025\/05\/Influenciador-digital-Ney-Lima-se-envolve-em-acidente-na-BR-116-150x150.jpg",150,150,true],"medium":["https:\/\/noticiasbahia360.com.br\/wp-content\/uploads\/2025\/05\/Influenciador-digital-Ney-Lima-se-envolve-em-acidente-na-BR-116-300x158.jpg",300,158,true],"medium_large":["https:\/\/noticiasbahia360.com.br\/wp-content\/uploads\/2025\/05\/Influenciador-digital-Ney-Lima-se-envolve-em-acidente-na-BR-116-768x403.jpg",640,336,true],"large":["https:\/\/noticiasbahia360.com.br\/wp-content\/uploads\/2025\/05\/Influenciador-digital-Ney-Lima-se-envolve-em-acidente-na-BR-116-1024x538.jpg",640,336,true],"1536x1536":["https:\/\/noticiasbahia360.com.br\/wp-content\/uploads\/2025\/05\/Influenciador-digital-Ney-Lima-se-envolve-em-acidente-na-BR-116.jpg",1200,630,false],"2048x2048":["https:\/\/noticiasbahia360.com.br\/wp-content\/uploads\/2025\/05\/Influenciador-digital-Ney-Lima-se-envolve-em-acidente-na-BR-116.jpg",1200,630,false],"chromenews-featured":["https:\/\/noticiasbahia360.com.br\/wp-content\/uploads\/2025\/05\/Influenciador-digital-Ney-Lima-se-envolve-em-acidente-na-BR-116-1024x538.jpg",1024,538,true],"chromenews-large":["https:\/\/noticiasbahia360.com.br\/wp-content\/uploads\/2025\/05\/Influenciador-digital-Ney-Lima-se-envolve-em-acidente-na-BR-116-825x575.jpg",825,575,true],"chromenews-medium":["https:\/\/noticiasbahia360.com.br\/wp-content\/uploads\/2025\/05\/Influenciador-digital-Ney-Lima-se-envolve-em-acidente-na-BR-116-590x410.jpg",590,410,true]},"author_info":{"display_name":"noticiasbahia360.com.br","author_link":"https:\/\/noticiasbahia360.com.br\/?author=1"},"category_info":"<a href=\"https:\/\/noticiasbahia360.com.br\/?cat=8\" rel=\"category\">Bahia<\/a> <a href=\"https:\/\/noticiasbahia360.com.br\/?cat=9\" rel=\"category\">Brasil<\/a> <a href=\"https:\/\/noticiasbahia360.com.br\/?cat=6\" rel=\"category\">Feira de Santana<\/a> <a href=\"https:\/\/noticiasbahia360.com.br\/?cat=57\" rel=\"category\">Mundo<\/a> <a href=\"https:\/\/noticiasbahia360.com.br\/?cat=56\" rel=\"category\">Pol\u00edcia<\/a> <a href=\"https:\/\/noticiasbahia360.com.br\/?cat=10\" rel=\"category\">Pol\u00edtica<\/a>","tag_info":"Pol\u00edtica","comment_count":"0","_links":{"self":[{"href":"https:\/\/noticiasbahia360.com.br\/index.php?rest_route=\/wp\/v2\/posts\/85530","targetHints":{"allow":["GET"]}}],"collection":[{"href":"https:\/\/noticiasbahia360.com.br\/index.php?rest_route=\/wp\/v2\/posts"}],"about":[{"href":"https:\/\/noticiasbahia360.com.br\/index.php?rest_route=\/wp\/v2\/types\/post"}],"author":[{"embeddable":true,"href":"https:\/\/noticiasbahia360.com.br\/index.php?rest_route=\/wp\/v2\/users\/1"}],"replies":[{"embeddable":true,"href":"https:\/\/noticiasbahia360.com.br\/index.php?rest_route=%2Fwp%2Fv2%2Fcomments&post=85530"}],"version-history":[{"count":0,"href":"https:\/\/noticiasbahia360.com.br\/index.php?rest_route=\/wp\/v2\/posts\/85530\/revisions"}],"wp:featuredmedia":[{"embeddable":true,"href":"https:\/\/noticiasbahia360.com.br\/index.php?rest_route=\/wp\/v2\/media\/85531"}],"wp:attachment":[{"href":"https:\/\/noticiasbahia360.com.br\/index.php?rest_route=%2Fwp%2Fv2%2Fmedia&parent=85530"}],"wp:term":[{"taxonomy":"category","embeddable":true,"href":"https:\/\/noticiasbahia360.com.br\/index.php?rest_route=%2Fwp%2Fv2%2Fcategories&post=85530"},{"taxonomy":"post_tag","embeddable":true,"href":"https:\/\/noticiasbahia360.com.br\/index.php?rest_route=%2Fwp%2Fv2%2Ftags&post=85530"}],"curies":[{"name":"wp","href":"https:\/\/api.w.org\/{rel}","templated":true}]}}