{"id":85532,"date":"2025-05-09T11:08:07","date_gmt":"2025-05-09T14:08:07","guid":{"rendered":"https:\/\/noticiasbahia360.com.br\/?p=85532"},"modified":"2025-05-09T11:08:07","modified_gmt":"2025-05-09T14:08:07","slug":"ribeira-do-amparo-tem-mais-de-1-000-dias-consecutivos-sem-registro-de-homicidios","status":"publish","type":"post","link":"https:\/\/noticiasbahia360.com.br\/?p=85532","title":{"rendered":"Ribeira do Amparo tem mais de 1.000 dias consecutivos sem registro de homic\u00eddios"},"content":{"rendered":"<div>\n<div>\n<figure><img decoding=\"async\" src=\"http:\/\/noticiasbahia360.com.br\/wp-content\/uploads\/2025\/05\/Ribeira-do-Amparo-tem-mais-de-1000-dias-consecutivos-sem-registro-de-homicidios.jpg\" alt=\"Ribeira do Amparo tem mais de 1.000 dias consecutivos sem registro de homic\u00eddios\"><figcaption>Foto: Divulga\u00e7\u00e3o SSP<\/figcaption><\/figure>\n<\/div>\n<p>O munic\u00edpio de <strong>Ribeira do Amparo<\/strong> alcan\u00e7a a marca de 1081 dias consecutivos sem registro de <strong>homic\u00eddios<\/strong> e demais Crimes Violentos Letais Intencionais (CVLI). O \u00faltimo caso dessa natureza ocorreu em 22 de maio de 2022, cujo inqu\u00e9rito policial foi conclu\u00eddo e remetido para a Justi\u00e7a h\u00e1 quatro meses, ap\u00f3s a pris\u00e3o do autor.<\/p>\n<p>A <strong>Delegacia Territorial de Ribeira do Amparo<\/strong>, vinculada \u00e0 25\u00aa Coordenadoria Regional de Pol\u00edcia do Interior (Coorpin\/Euclides da Cunha), vem intensificando a\u00e7\u00f5es contra o <strong><a href=\"https:\/\/www.acordacidade.com.br\/tag\/trafico-de-drogas\/\">tr\u00e1fico de drogas<\/a><\/strong> e crimes patrimoniais, o que contribui para o combate \u00e0 criminalidade na regi\u00e3o.<\/p>\n<p>Entre os meses de janeiro e abril de 2025, 18 inqu\u00e9ritos policiais foram instaurados na unidade, dos quais 16 j\u00e1 foram remetidos \u00e0 Justi\u00e7a. No mesmo per\u00edodo, a delegacia instaurou 20 Termos Circunstanciados de Ocorr\u00eancia (TCO), com 19 j\u00e1 encaminhados ao Poder Judici\u00e1rio.<\/p>\n<p><em>Siga o Acorda Cidade no<\/em><a href=\"https:\/\/news.google.com\/search?q=acorda%20cidade&amp;hl=pt-BR&amp;gl=BR&amp;ceid=BR%3Apt-419\"><strong><em>\u00a0Google Not\u00edcias<\/em><\/strong><\/a><em>\u00a0e receba os principais destaques do dia. Participe tamb\u00e9m dos nossos canais no\u00a0<\/em><a href=\"https:\/\/www.whatsapp.com\/channel\/0029Va6Rb4v3WHTNnsh8WI3N\"><strong><em>WhatsApp<\/em><\/strong><\/a><em>\u00a0e\u00a0<\/em><a href=\"https:\/\/www.youtube.com\/@acordacidadenoticias\/videos\"><strong>YouTube<\/strong><\/a><em>\u00a0e do grupo no\u00a0<\/em><a href=\"https:\/\/t.me\/+sSz0khrgARA0ZmRh\"><strong><em>Telegram<\/em><\/strong><\/a><em>.<\/em><\/p>\n<\/div>\n","protected":false},"excerpt":{"rendered":"<div>\n<div>\n<figure><img decoding=\"async\" src=\"https:\/\/uploads.acordacidade.com.br\/2025\/05\/Ribeira-do-Amparo-tem-mais-de-1.000-dias-consecutivos-sem-registro-de-homicidios.jpg\" alt=\"Ribeira do Amparo tem mais de 1.000 dias consecutivos sem registro de homic\u00eddios\"><figcaption>Foto: Divulga\u00e7\u00e3o SSP<\/figcaption><\/figure>\n<\/div>\n<p>Resultado \u00e9 atribu\u00eddo ao trabalho integrado entre For\u00e7as da Seguran\u00e7a P\u00fablica da Bahia.<\/p><\/div>\n","protected":false},"author":1,"featured_media":85533,"comment_status":"closed","ping_status":"closed","sticky":false,"template":"","format":"gallery","meta":{"footnotes":""},"categories":[8,9,6,57,56,10],"tags":[],"class_list":["post-85532","post","type-post","status-publish","format-gallery","has-post-thumbnail","hentry","category-bahia","category-brasil","category-feira-de-santana","category-mundo","category-policia","category-politica","post_format-post-format-gallery"],"featured_image_urls":{"full":["https:\/\/noticiasbahia360.com.br\/wp-content\/uploads\/2025\/05\/Ribeira-do-Amparo-tem-mais-de-1000-dias-consecutivos-sem-registro-de-homicidios.jpg",1200,799,false],"thumbnail":["https:\/\/noticiasbahia360.com.br\/wp-content\/uploads\/2025\/05\/Ribeira-do-Amparo-tem-mais-de-1000-dias-consecutivos-sem-registro-de-homicidios-150x150.jpg",150,150,true],"medium":["https:\/\/noticiasbahia360.com.br\/wp-content\/uploads\/2025\/05\/Ribeira-do-Amparo-tem-mais-de-1000-dias-consecutivos-sem-registro-de-homicidios-300x200.jpg",300,200,true],"medium_large":["https:\/\/noticiasbahia360.com.br\/wp-content\/uploads\/2025\/05\/Ribeira-do-Amparo-tem-mais-de-1000-dias-consecutivos-sem-registro-de-homicidios-768x511.jpg",640,426,true],"large":["https:\/\/noticiasbahia360.com.br\/wp-content\/uploads\/2025\/05\/Ribeira-do-Amparo-tem-mais-de-1000-dias-consecutivos-sem-registro-de-homicidios-1024x682.jpg",640,426,true],"1536x1536":["https:\/\/noticiasbahia360.com.br\/wp-content\/uploads\/2025\/05\/Ribeira-do-Amparo-tem-mais-de-1000-dias-consecutivos-sem-registro-de-homicidios.jpg",1200,799,false],"2048x2048":["https:\/\/noticiasbahia360.com.br\/wp-content\/uploads\/2025\/05\/Ribeira-do-Amparo-tem-mais-de-1000-dias-consecutivos-sem-registro-de-homicidios.jpg",1200,799,false],"chromenews-featured":["https:\/\/noticiasbahia360.com.br\/wp-content\/uploads\/2025\/05\/Ribeira-do-Amparo-tem-mais-de-1000-dias-consecutivos-sem-registro-de-homicidios-1024x682.jpg",1024,682,true],"chromenews-large":["https:\/\/noticiasbahia360.com.br\/wp-content\/uploads\/2025\/05\/Ribeira-do-Amparo-tem-mais-de-1000-dias-consecutivos-sem-registro-de-homicidios-825x575.jpg",825,575,true],"chromenews-medium":["https:\/\/noticiasbahia360.com.br\/wp-content\/uploads\/2025\/05\/Ribeira-do-Amparo-tem-mais-de-1000-dias-consecutivos-sem-registro-de-homicidios-590x410.jpg",590,410,true]},"author_info":{"display_name":"noticiasbahia360.com.br","author_link":"https:\/\/noticiasbahia360.com.br\/?author=1"},"category_info":"<a href=\"https:\/\/noticiasbahia360.com.br\/?cat=8\" rel=\"category\">Bahia<\/a> <a href=\"https:\/\/noticiasbahia360.com.br\/?cat=9\" rel=\"category\">Brasil<\/a> <a href=\"https:\/\/noticiasbahia360.com.br\/?cat=6\" rel=\"category\">Feira de Santana<\/a> <a href=\"https:\/\/noticiasbahia360.com.br\/?cat=57\" rel=\"category\">Mundo<\/a> <a href=\"https:\/\/noticiasbahia360.com.br\/?cat=56\" rel=\"category\">Pol\u00edcia<\/a> <a href=\"https:\/\/noticiasbahia360.com.br\/?cat=10\" rel=\"category\">Pol\u00edtica<\/a>","tag_info":"Pol\u00edtica","comment_count":"0","_links":{"self":[{"href":"https:\/\/noticiasbahia360.com.br\/index.php?rest_route=\/wp\/v2\/posts\/85532","targetHints":{"allow":["GET"]}}],"collection":[{"href":"https:\/\/noticiasbahia360.com.br\/index.php?rest_route=\/wp\/v2\/posts"}],"about":[{"href":"https:\/\/noticiasbahia360.com.br\/index.php?rest_route=\/wp\/v2\/types\/post"}],"author":[{"embeddable":true,"href":"https:\/\/noticiasbahia360.com.br\/index.php?rest_route=\/wp\/v2\/users\/1"}],"replies":[{"embeddable":true,"href":"https:\/\/noticiasbahia360.com.br\/index.php?rest_route=%2Fwp%2Fv2%2Fcomments&post=85532"}],"version-history":[{"count":0,"href":"https:\/\/noticiasbahia360.com.br\/index.php?rest_route=\/wp\/v2\/posts\/85532\/revisions"}],"wp:featuredmedia":[{"embeddable":true,"href":"https:\/\/noticiasbahia360.com.br\/index.php?rest_route=\/wp\/v2\/media\/85533"}],"wp:attachment":[{"href":"https:\/\/noticiasbahia360.com.br\/index.php?rest_route=%2Fwp%2Fv2%2Fmedia&parent=85532"}],"wp:term":[{"taxonomy":"category","embeddable":true,"href":"https:\/\/noticiasbahia360.com.br\/index.php?rest_route=%2Fwp%2Fv2%2Fcategories&post=85532"},{"taxonomy":"post_tag","embeddable":true,"href":"https:\/\/noticiasbahia360.com.br\/index.php?rest_route=%2Fwp%2Fv2%2Ftags&post=85532"}],"curies":[{"name":"wp","href":"https:\/\/api.w.org\/{rel}","templated":true}]}}