{"id":85534,"date":"2025-05-09T11:08:11","date_gmt":"2025-05-09T14:08:11","guid":{"rendered":"https:\/\/noticiasbahia360.com.br\/?p=85534"},"modified":"2025-05-09T11:08:11","modified_gmt":"2025-05-09T14:08:11","slug":"acm-neto-fala-sobre-o-nao-a-jose-ronaldo-nas-eleicoes-de-2022-trabalhei-ate-o-ultimo-minuto-para-que-ele-pudesse-ser-meu-vice","status":"publish","type":"post","link":"https:\/\/noticiasbahia360.com.br\/?p=85534","title":{"rendered":"ACM Neto fala sobre o \u2018n\u00e3o\u2019 a Jos\u00e9 Ronaldo nas Elei\u00e7\u00f5es de 2022: \u201cTrabalhei at\u00e9 o \u00faltimo minuto para que ele pudesse ser meu vice\u201d"},"content":{"rendered":"<div>\n<div>\n<figure><img decoding=\"async\" src=\"http:\/\/noticiasbahia360.com.br\/wp-content\/uploads\/2025\/05\/acm-neto-cidadao-feirense-foto-jefferson-araujo-acorda-cidade.jpg\" alt=\"ACM Neto\"><figcaption>ACM Neto, ex-prefeito de Salvador | Foto: Jefferson Ara\u00fajo \/ Acorda Cidade <\/figcaption><\/figure>\n<\/div>\n<div class=\"wp-block-group\">\n<div class=\"wp-block-group__inner-container is-layout-constrained wp-block-group-is-layout-constrained\">\n<p>ACM Neto, ex-prefeito de Salvador e atual vice-presidente nacional do Uni\u00e3o Brasil, falou que trabalhou at\u00e9 o \u00faltimo minuto nas Elei\u00e7\u00f5es de 2022 para ter Jos\u00e9 Ronaldo, tamb\u00e9m do Uni\u00e3o Brasil, como seu vice na chapa para a disputa ao governo do Estado da Bahia. A afirma\u00e7\u00e3o foi feita na noite de quinta-feira (8), <a href=\"https:\/\/www.acordacidade.com.br\/politica\/camara-de-feira-de-santana-homenageia-familia-magalhaes-com-titulos-de-cidadania-feirense-e-comenda-maria-quiteria\/\">durante uma sess\u00e3o solene na C\u00e2mara de Vereadores de Feira de Santana<\/a>, que concedeu a Neto o t\u00edtulo de cidad\u00e3o feirense e a comenda Maria Quit\u00e9ria.<\/p>\n<p>\u201cJos\u00e9 Ronaldo era o vice que eu desejava ter e eu trabalhei at\u00e9 o \u00faltimo minuto para que ele pudesse ser o vice ao meu lado e n\u00e3o tenho d\u00favida, era o melhor nome, o nome natural para ser o vice na minha chapa, entretanto, a conjuntura pol\u00edtica de articula\u00e7\u00e3o com os partidos pol\u00edticos impediu que isso acontecesse\u201d, disse <a href=\"https:\/\/www.acordacidade.com.br\/tag\/acm-neto\/\">Neto<\/a>.<\/p>\n<figure class=\"wp-block-image size-full is-resized\"><img fetchpriority=\"high\" data-dominant-color=\"716a64\" data-has-transparency=\"false\" fetchpriority=\"high\" decoding=\"async\" width=\"1200\" height=\"800\" sizes=\"(max-width: 1200px) 100vw, 1200px\" src=\"http:\/\/noticiasbahia360.com.br\/wp-content\/uploads\/2025\/05\/iRyoCf47-ACM-neto-recebe-cidadania-feirense-e-comenda-maria-quiteria.webp\" alt=\"ACM neto recebe cidadania feirense e comenda maria Quit\u00e9ria\" class=\"wp-image-551298 not-transparent\" style=\"--dominant-color: #716a64; width:840px;height:auto\" srcset=\"https:\/\/uploads.acordacidade.com.br\/2025\/05\/iRyoCf47-ACM-neto-recebe-cidadania-feirense-e-comenda-maria-quiteria-300x200.webp 300w, https:\/\/uploads.acordacidade.com.br\/2025\/05\/iRyoCf47-ACM-neto-recebe-cidadania-feirense-e-comenda-maria-quiteria-1024x683.webp 1024w, https:\/\/uploads.acordacidade.com.br\/2025\/05\/iRyoCf47-ACM-neto-recebe-cidadania-feirense-e-comenda-maria-quiteria-768x512.webp 768w, https:\/\/uploads.acordacidade.com.br\/2025\/05\/iRyoCf47-ACM-neto-recebe-cidadania-feirense-e-comenda-maria-quiteria-150x100.webp 150w, http:\/\/noticiasbahia360.com.br\/wp-content\/uploads\/2025\/05\/iRyoCf47-ACM-neto-recebe-cidadania-feirense-e-comenda-maria-quiteria.webp 1200w\"><figcaption class=\"wp-element-caption\">Foto: Jefferson Ara\u00fajo\/Acorda Cidade<\/figcaption><\/figure>\n<h2 class=\"wp-block-heading\" id=\"h-recalculando-a-rota\">Recalculando a rota <\/h2>\n<p>Utilizando uma linguagem figurada para rebater cr\u00edticas sobre o \u201cN\u00e3o\u201d a Jos\u00e9 Ronaldo em 2022, Neto afirmou que n\u00e3o \u00e9 \u201cengenheiro de obra pronta\u201d nem \u201cpadre de missa realizada\u201d. Para o pol\u00edtico, \u00e9 muito f\u00e1cil questionar agora e, sem conhecimento das adversidades da \u00e9poca, se ele faria uma escolha diferente naquela elei\u00e7\u00e3o.<\/p>\n<p>\u201c<em>Ah Neto, voc\u00ea faria diferente? <\/em>Sem d\u00favida, e pretendo fazer diferente. Acho que um ponto, por exemplo, \u00e9 que n\u00e3o d\u00e1 para deixar para anunciar a chapa na \u00faltima hora. A gente tem que tentar antecipar essas decis\u00f5es. Se depender de mim, sendo eu o n\u00e3o candidato, a gente vai virar o ano com um desenho pronto para, de mar\u00e7o para abril, ter um an\u00fancio de quem \u00e9 o candidato a governador, a vice e os dois senadores. O que n\u00e3o aconteceu em 2022\u201d, disse.<\/p>\n<p>ACM Neto afirmou, em entrevista ao Acorda Cidade, que tira do epis\u00f3dio espinhoso, assim como de muitos outros vivenciados na vida pol\u00edtica, uma li\u00e7\u00e3o de aprendizado e valoriza\u00e7\u00e3o da import\u00e2ncia de corrigir os rumos norteados pelo sentimento de sempre procurar fazer o melhor.<\/p>\n<p>\u201cA vida \u00e9 assim. Agora, n\u00e3o que eu olhe para tr\u00e1s e desmere\u00e7a o passado, ou mesmo a Ana, que foi naquele momento a candidata a vice ao meu lado. Eu acho que houve aquela circunst\u00e2ncia da elei\u00e7\u00e3o e cada elei\u00e7\u00e3o \u00e9 a sua circunst\u00e2ncia, \u00e9 o seu momento. E \u00e9 o que eu lhe disse, engenheiro de obra pronta \u00e9 f\u00e1cil a pessoa ser e eu n\u00e3o gosto de me colocar nessa posi\u00e7\u00e3o\u201d, concluiu Neto.<\/p>\n<\/div>\n<\/div>\n<div class=\"wp-block-group\">\n<div class=\"wp-block-group__inner-container is-layout-constrained wp-block-group-is-layout-constrained\">\n<p><em>Reportagem escrita pelo estagi\u00e1rio de jornalismo Jefferson Ara\u00fajo sob supervis\u00e3o <\/em><\/p>\n<p><em>Siga o Acorda Cidade no<\/em><a href=\"https:\/\/news.google.com\/search?q=acorda%20cidade&amp;hl=pt-BR&amp;gl=BR&amp;ceid=BR%3Apt-419\"><strong><em>\u00a0Google Not\u00edcias<\/em><\/strong><\/a><em>\u00a0e receba os principais destaques do dia. Participe tamb\u00e9m dos nossos canais no\u00a0<\/em><a href=\"https:\/\/www.whatsapp.com\/channel\/0029Va6Rb4v3WHTNnsh8WI3N\"><strong><em>WhatsApp<\/em><\/strong><\/a><em>\u00a0e\u00a0<\/em><a href=\"https:\/\/www.youtube.com\/@acordacidadenoticias\/videos\"><strong>YouTube<\/strong><\/a><em>\u00a0e do grupo no\u00a0<\/em><a href=\"https:\/\/t.me\/+sSz0khrgARA0ZmRh\"><strong><em>Telegram<\/em><\/strong><\/a><\/p>\n<\/div>\n<\/div>\n<\/div>\n","protected":false},"excerpt":{"rendered":"<div>\n<div>\n<figure><img decoding=\"async\" src=\"https:\/\/uploads.acordacidade.com.br\/2025\/05\/acm-neto-cidadao-feirense-foto-jefferson-araujo-acorda-cidade.jpg\" alt=\"ACM Neto\"><figcaption>ACM Neto, ex-prefeito de Salvador | Foto: Jefferson Ara\u00fajo \/ Acorda Cidade <\/figcaption><\/figure>\n<\/div>\n<p>O pol\u00edtico falou sobre o assunto na noite de quinta-feira (8), durante uma sess\u00e3o solene na C\u00e2mara de Vereadores de Feira de Santana.<\/p><\/div>\n","protected":false},"author":1,"featured_media":85535,"comment_status":"closed","ping_status":"closed","sticky":false,"template":"","format":"gallery","meta":{"footnotes":""},"categories":[8,9,6,57,56,10],"tags":[],"class_list":["post-85534","post","type-post","status-publish","format-gallery","has-post-thumbnail","hentry","category-bahia","category-brasil","category-feira-de-santana","category-mundo","category-policia","category-politica","post_format-post-format-gallery"],"featured_image_urls":{"full":["https:\/\/noticiasbahia360.com.br\/wp-content\/uploads\/2025\/05\/acm-neto-cidadao-feirense-foto-jefferson-araujo-acorda-cidade.jpg",1200,800,false],"thumbnail":["https:\/\/noticiasbahia360.com.br\/wp-content\/uploads\/2025\/05\/acm-neto-cidadao-feirense-foto-jefferson-araujo-acorda-cidade-150x150.jpg",150,150,true],"medium":["https:\/\/noticiasbahia360.com.br\/wp-content\/uploads\/2025\/05\/acm-neto-cidadao-feirense-foto-jefferson-araujo-acorda-cidade-300x200.jpg",300,200,true],"medium_large":["https:\/\/noticiasbahia360.com.br\/wp-content\/uploads\/2025\/05\/acm-neto-cidadao-feirense-foto-jefferson-araujo-acorda-cidade-768x512.jpg",640,427,true],"large":["https:\/\/noticiasbahia360.com.br\/wp-content\/uploads\/2025\/05\/acm-neto-cidadao-feirense-foto-jefferson-araujo-acorda-cidade-1024x683.jpg",640,427,true],"1536x1536":["https:\/\/noticiasbahia360.com.br\/wp-content\/uploads\/2025\/05\/acm-neto-cidadao-feirense-foto-jefferson-araujo-acorda-cidade.jpg",1200,800,false],"2048x2048":["https:\/\/noticiasbahia360.com.br\/wp-content\/uploads\/2025\/05\/acm-neto-cidadao-feirense-foto-jefferson-araujo-acorda-cidade.jpg",1200,800,false],"chromenews-featured":["https:\/\/noticiasbahia360.com.br\/wp-content\/uploads\/2025\/05\/acm-neto-cidadao-feirense-foto-jefferson-araujo-acorda-cidade-1024x683.jpg",1024,683,true],"chromenews-large":["https:\/\/noticiasbahia360.com.br\/wp-content\/uploads\/2025\/05\/acm-neto-cidadao-feirense-foto-jefferson-araujo-acorda-cidade-825x575.jpg",825,575,true],"chromenews-medium":["https:\/\/noticiasbahia360.com.br\/wp-content\/uploads\/2025\/05\/acm-neto-cidadao-feirense-foto-jefferson-araujo-acorda-cidade-590x410.jpg",590,410,true]},"author_info":{"display_name":"noticiasbahia360.com.br","author_link":"https:\/\/noticiasbahia360.com.br\/?author=1"},"category_info":"<a href=\"https:\/\/noticiasbahia360.com.br\/?cat=8\" rel=\"category\">Bahia<\/a> <a href=\"https:\/\/noticiasbahia360.com.br\/?cat=9\" rel=\"category\">Brasil<\/a> <a href=\"https:\/\/noticiasbahia360.com.br\/?cat=6\" rel=\"category\">Feira de Santana<\/a> <a href=\"https:\/\/noticiasbahia360.com.br\/?cat=57\" rel=\"category\">Mundo<\/a> <a href=\"https:\/\/noticiasbahia360.com.br\/?cat=56\" rel=\"category\">Pol\u00edcia<\/a> <a href=\"https:\/\/noticiasbahia360.com.br\/?cat=10\" rel=\"category\">Pol\u00edtica<\/a>","tag_info":"Pol\u00edtica","comment_count":"0","_links":{"self":[{"href":"https:\/\/noticiasbahia360.com.br\/index.php?rest_route=\/wp\/v2\/posts\/85534","targetHints":{"allow":["GET"]}}],"collection":[{"href":"https:\/\/noticiasbahia360.com.br\/index.php?rest_route=\/wp\/v2\/posts"}],"about":[{"href":"https:\/\/noticiasbahia360.com.br\/index.php?rest_route=\/wp\/v2\/types\/post"}],"author":[{"embeddable":true,"href":"https:\/\/noticiasbahia360.com.br\/index.php?rest_route=\/wp\/v2\/users\/1"}],"replies":[{"embeddable":true,"href":"https:\/\/noticiasbahia360.com.br\/index.php?rest_route=%2Fwp%2Fv2%2Fcomments&post=85534"}],"version-history":[{"count":0,"href":"https:\/\/noticiasbahia360.com.br\/index.php?rest_route=\/wp\/v2\/posts\/85534\/revisions"}],"wp:featuredmedia":[{"embeddable":true,"href":"https:\/\/noticiasbahia360.com.br\/index.php?rest_route=\/wp\/v2\/media\/85535"}],"wp:attachment":[{"href":"https:\/\/noticiasbahia360.com.br\/index.php?rest_route=%2Fwp%2Fv2%2Fmedia&parent=85534"}],"wp:term":[{"taxonomy":"category","embeddable":true,"href":"https:\/\/noticiasbahia360.com.br\/index.php?rest_route=%2Fwp%2Fv2%2Fcategories&post=85534"},{"taxonomy":"post_tag","embeddable":true,"href":"https:\/\/noticiasbahia360.com.br\/index.php?rest_route=%2Fwp%2Fv2%2Ftags&post=85534"}],"curies":[{"name":"wp","href":"https:\/\/api.w.org\/{rel}","templated":true}]}}