{"id":85537,"date":"2025-05-09T11:22:11","date_gmt":"2025-05-09T14:22:11","guid":{"rendered":"https:\/\/noticiasbahia360.com.br\/?p=85537"},"modified":"2025-05-09T11:22:11","modified_gmt":"2025-05-09T14:22:11","slug":"policial-e-baleado-na-cabeca-e-suspeito-morre-em-perseguicao-em-salvador","status":"publish","type":"post","link":"https:\/\/noticiasbahia360.com.br\/?p=85537","title":{"rendered":"Policial \u00e9 baleado na cabe\u00e7a e suspeito morre em persegui\u00e7\u00e3o em Salvador"},"content":{"rendered":"<div>\n<div>\n<figure><img decoding=\"async\" src=\"http:\/\/noticiasbahia360.com.br\/wp-content\/uploads\/2025\/05\/policialmilitarbaleado_redessociais.png\" alt=\"Policial Militar\"><figcaption>Foto: Redes Sociais<\/figcaption><\/figure>\n<\/div>\n<p>Um homem foi morto e um policial militar foi baleado na manh\u00e3 desta sexta-feira (9), durante uma persegui\u00e7\u00e3o policial no bairro de Patamares, em Salvador. A <a href=\"https:\/\/www.acordacidade.com.br\/tag\/perseguicao\/\">persegui\u00e7\u00e3o<\/a> come\u00e7ou ap\u00f3s uma tentativa de assalto em uma rua movimentada, pr\u00f3ximo a um supermercado, e foi filmada por moradores da regi\u00e3o.<\/p>\n<p>De acordo com informa\u00e7\u00f5es apuradas pela TV Bahia, os suspeitos faziam assaltos na regi\u00e3o, quando policiais militares que estavam de bicicleta passaram pelo local e tentaram impedir a a\u00e7\u00e3o.<\/p>\n<p>Um v\u00eddeo feito por um morador da regi\u00e3o mostra que o suspeito fez uma mulher ref\u00e9m no meio da rua, pr\u00f3ximo a orla. A v\u00edtima estava dentro de uma farm\u00e1cia e foi puxada para fora do estabelecimento.<\/p>\n<p>Enquanto arrastava a v\u00edtima pela cal\u00e7ada, o suspeito iniciou a troca de tiros contra os PMs. Ap\u00f3s puxar a v\u00edtima por alguns metros, ela foi derrubada no ch\u00e3o e o suspeito fugiu em dire\u00e7\u00e3o a orla enquanto atirava. No v\u00eddeo, \u00e9 poss\u00edvel ouvir o barulho de v\u00e1rios tiros. Segundo a pol\u00edcia, a v\u00edtima n\u00e3o ficou ferida.<\/p>\n<p>Durante a persegui\u00e7\u00e3o, o policial militar foi baleado de rasp\u00e3o na cabe\u00e7a, e atingido por estilha\u00e7os no p\u00e9 e no abd\u00f4men. Ele foi socorrido para o Hospital Roberto Santos e n\u00e3o h\u00e1 informa\u00e7\u00f5es sobre o estado de sa\u00fade dele.<\/p>\n<p>Um dos suspeitos de envolvimento no assalto foi baleado e morreu, enquanto os outros est\u00e3o sendo procurados pela pol\u00edcia. Ainda n\u00e3o h\u00e1 informa\u00e7\u00f5es sobre as identidades dos suspeitos envolvidos no caso.<\/p>\n<p><em>Fonte: g1 Bahia<\/em><\/p>\n<p><em>Siga o Acorda Cidade no<\/em><a href=\"https:\/\/news.google.com\/search?q=acorda%20cidade&amp;hl=pt-BR&amp;gl=BR&amp;ceid=BR%3Apt-419\"><strong><em> Google Not\u00edcias<\/em><\/strong><\/a><em> e receba os principais destaques do dia. Participe tamb\u00e9m dos nossos canais no <\/em><a href=\"https:\/\/whatsapp.com\/channel\/0029Va6Rb4v3WHTNnsh8WI3N\"><strong><em>WhatsApp<\/em><\/strong><\/a><em> e <\/em><a href=\"https:\/\/www.youtube.com\/@acordacidadenoticias\/videos\"><strong>Youtube<\/strong><\/a><em> e grupo de <\/em><a href=\"https:\/\/t.me\/+sSz0khrgARA0ZmRh\"><strong><em>Telegram<\/em><\/strong><\/a><em>.<\/em><\/p>\n<\/div>\n","protected":false},"excerpt":{"rendered":"<div>\n<div>\n<figure><img decoding=\"async\" src=\"https:\/\/uploads.acordacidade.com.br\/2025\/05\/policialmilitarbaleado_redessociais.png\" alt=\"Policial Militar\"><figcaption>Foto: Redes Sociais<\/figcaption><\/figure>\n<\/div>\n<p>Troca de tiros aconteceu no bairro de Patamares, em Salvador, por volta de 8h30 desta sexta-feira (9). Mulher foi feita ref\u00e9m pelo suspeito.<\/p><\/div>\n","protected":false},"author":1,"featured_media":85538,"comment_status":"closed","ping_status":"closed","sticky":false,"template":"","format":"gallery","meta":{"footnotes":""},"categories":[8,9,6,57,56,10],"tags":[],"class_list":["post-85537","post","type-post","status-publish","format-gallery","has-post-thumbnail","hentry","category-bahia","category-brasil","category-feira-de-santana","category-mundo","category-policia","category-politica","post_format-post-format-gallery"],"featured_image_urls":{"full":["https:\/\/noticiasbahia360.com.br\/wp-content\/uploads\/2025\/05\/policialmilitarbaleado_redessociais.png",459,283,false],"thumbnail":["https:\/\/noticiasbahia360.com.br\/wp-content\/uploads\/2025\/05\/policialmilitarbaleado_redessociais-150x150.png",150,150,true],"medium":["https:\/\/noticiasbahia360.com.br\/wp-content\/uploads\/2025\/05\/policialmilitarbaleado_redessociais-300x185.png",300,185,true],"medium_large":["https:\/\/noticiasbahia360.com.br\/wp-content\/uploads\/2025\/05\/policialmilitarbaleado_redessociais.png",459,283,false],"large":["https:\/\/noticiasbahia360.com.br\/wp-content\/uploads\/2025\/05\/policialmilitarbaleado_redessociais.png",459,283,false],"1536x1536":["https:\/\/noticiasbahia360.com.br\/wp-content\/uploads\/2025\/05\/policialmilitarbaleado_redessociais.png",459,283,false],"2048x2048":["https:\/\/noticiasbahia360.com.br\/wp-content\/uploads\/2025\/05\/policialmilitarbaleado_redessociais.png",459,283,false],"chromenews-featured":["https:\/\/noticiasbahia360.com.br\/wp-content\/uploads\/2025\/05\/policialmilitarbaleado_redessociais.png",459,283,false],"chromenews-large":["https:\/\/noticiasbahia360.com.br\/wp-content\/uploads\/2025\/05\/policialmilitarbaleado_redessociais.png",459,283,false],"chromenews-medium":["https:\/\/noticiasbahia360.com.br\/wp-content\/uploads\/2025\/05\/policialmilitarbaleado_redessociais.png",459,283,false]},"author_info":{"display_name":"noticiasbahia360.com.br","author_link":"https:\/\/noticiasbahia360.com.br\/?author=1"},"category_info":"<a href=\"https:\/\/noticiasbahia360.com.br\/?cat=8\" rel=\"category\">Bahia<\/a> <a href=\"https:\/\/noticiasbahia360.com.br\/?cat=9\" rel=\"category\">Brasil<\/a> <a href=\"https:\/\/noticiasbahia360.com.br\/?cat=6\" rel=\"category\">Feira de Santana<\/a> <a href=\"https:\/\/noticiasbahia360.com.br\/?cat=57\" rel=\"category\">Mundo<\/a> <a href=\"https:\/\/noticiasbahia360.com.br\/?cat=56\" rel=\"category\">Pol\u00edcia<\/a> <a href=\"https:\/\/noticiasbahia360.com.br\/?cat=10\" rel=\"category\">Pol\u00edtica<\/a>","tag_info":"Pol\u00edtica","comment_count":"0","_links":{"self":[{"href":"https:\/\/noticiasbahia360.com.br\/index.php?rest_route=\/wp\/v2\/posts\/85537","targetHints":{"allow":["GET"]}}],"collection":[{"href":"https:\/\/noticiasbahia360.com.br\/index.php?rest_route=\/wp\/v2\/posts"}],"about":[{"href":"https:\/\/noticiasbahia360.com.br\/index.php?rest_route=\/wp\/v2\/types\/post"}],"author":[{"embeddable":true,"href":"https:\/\/noticiasbahia360.com.br\/index.php?rest_route=\/wp\/v2\/users\/1"}],"replies":[{"embeddable":true,"href":"https:\/\/noticiasbahia360.com.br\/index.php?rest_route=%2Fwp%2Fv2%2Fcomments&post=85537"}],"version-history":[{"count":0,"href":"https:\/\/noticiasbahia360.com.br\/index.php?rest_route=\/wp\/v2\/posts\/85537\/revisions"}],"wp:featuredmedia":[{"embeddable":true,"href":"https:\/\/noticiasbahia360.com.br\/index.php?rest_route=\/wp\/v2\/media\/85538"}],"wp:attachment":[{"href":"https:\/\/noticiasbahia360.com.br\/index.php?rest_route=%2Fwp%2Fv2%2Fmedia&parent=85537"}],"wp:term":[{"taxonomy":"category","embeddable":true,"href":"https:\/\/noticiasbahia360.com.br\/index.php?rest_route=%2Fwp%2Fv2%2Fcategories&post=85537"},{"taxonomy":"post_tag","embeddable":true,"href":"https:\/\/noticiasbahia360.com.br\/index.php?rest_route=%2Fwp%2Fv2%2Ftags&post=85537"}],"curies":[{"name":"wp","href":"https:\/\/api.w.org\/{rel}","templated":true}]}}