{"id":85539,"date":"2025-05-09T11:30:21","date_gmt":"2025-05-09T14:30:21","guid":{"rendered":"https:\/\/noticiasbahia360.com.br\/?p=85539"},"modified":"2025-05-09T11:30:21","modified_gmt":"2025-05-09T14:30:21","slug":"fornecimento-de-agua-sera-interrompido-na-quarta-feira-14-em-feira-de-santana-e-cidades-da-regiao","status":"publish","type":"post","link":"https:\/\/noticiasbahia360.com.br\/?p=85539","title":{"rendered":"Fornecimento de \u00e1gua ser\u00e1 interrompido na quarta-feira (14) em Feira de Santana e cidades da regi\u00e3o"},"content":{"rendered":"<div>\n<div>\n<figure><img decoding=\"async\" src=\"http:\/\/noticiasbahia360.com.br\/wp-content\/uploads\/2025\/05\/2VrDX8qc-abastecimento-e-agua.png\" alt=\"Fornecimento de \u00e1gua ser\u00e1 interrompido na quarta-feira (14) em Feira de Santana e cidades da regi\u00e3o\"><figcaption>Foto: M\u00e1rio Souza<br \/>\n<\/figcaption><\/figure>\n<\/div>\n<p>Para possibilitar a interliga\u00e7\u00e3o de tubula\u00e7\u00f5es e novas estruturas da obra de amplia\u00e7\u00e3o do sistema de abastecimento de \u00e1gua, a <a href=\"https:\/\/www.acordacidade.com.br\/tag\/embasa\/\">Embasa<\/a> informa que o fornecimento de \u00e1gua ser\u00e1 interrompido na quarta-feira (14) a partir das 4h da manh\u00e3 nos munic\u00edpios atendidos: Feira de Santana, Concei\u00e7\u00e3o da Feira, S\u00e3o Gon\u00e7alo dos Campos, Tanquinho, Santa B\u00e1rbara e Santan\u00f3polis.<\/p>\n<p>T\u00e9cnicos da empresa v\u00e3o montar as estruturas para conex\u00e3o de um novo reservat\u00f3rio e de um novo trecho de rede adutora de 1400mm de di\u00e2metro. Devido \u00e0 alta complexidade do servi\u00e7o, diante do tamanho das tubula\u00e7\u00f5es e quantidade de equipamentos envolvidos, os trabalhos devem ser conclu\u00eddos apenas \u00e0 meia-noite do mesmo dia.<\/p>\n<p>As interliga\u00e7\u00f5es s\u00e3o etapa fundamental para colocar em funcionamento completo a 3\u00aa etapa da obra de amplia\u00e7\u00e3o do Sistema Integrado de Abastecimento de Feira de Santana. \u201cA obra est\u00e1 em fase final de execu\u00e7\u00e3o e deve ser entregue no segundo semestre. Com a finaliza\u00e7\u00e3o do empreendimento, vamos refor\u00e7ar a produ\u00e7\u00e3o de \u00e1gua, possibilitar o atendimento para novas \u00e1reas de expans\u00e3o e enfrentar o desafio de atender com maior regularidade em per\u00edodos de estiagem prolongada e altas temperaturas\u201d, informou o gerente regional da Embasa, Raimundo Neto.<\/p>\n<h2 class=\"wp-block-heading\" id=\"h-retomada\">Retomada <\/h2>\n<p>Depois de conclu\u00eddo o servi\u00e7o, o fornecimento de \u00e1gua ser\u00e1 gradativamente regularizado nos munic\u00edpios atendidos, na madrugada de quinta-feira (15), sendo necess\u00e1rio encher novamente a rede distribuidora at\u00e9 voltar a abastecer os reservat\u00f3rios dos im\u00f3veis da \u00e1rea atendida. Por isto, \u00e9 recomendado que a popula\u00e7\u00e3o armazene previamente a \u00e1gua nos reservat\u00f3rios domiciliares para que seja utilizada de forma segura e econ\u00f4mica, evitando usos que possam ser adiados, at\u00e9 que seja normalizado o abastecimento.<\/p>\n<p>A completa regulariza\u00e7\u00e3o dever\u00e1 ocorrer no prazo de at\u00e9 48 horas depois de conclu\u00eddos os trabalhos.<\/p>\n<h2 class=\"wp-block-heading\" id=\"h-ampliacao\">Amplia\u00e7\u00e3o<\/h2>\n<p>As obras de amplia\u00e7\u00e3o do sistema integrado de abastecimento est\u00e3o em andamento desde 2021, contemplando a amplia\u00e7\u00e3o da Esta\u00e7\u00e3o de Tratamento de \u00c1gua (ETA) existente com um aumento de 750 litros por segundo, a implanta\u00e7\u00e3o de uma Esta\u00e7\u00e3o de Tratamento de Lodo, a constru\u00e7\u00e3o de um reservat\u00f3rio elevado de 600 m\u00b3, al\u00e9m da amplia\u00e7\u00e3o de esta\u00e7\u00f5es elevat\u00f3rias, instala\u00e7\u00e3o de sistema de lavagem dos filtros, entre outras interven\u00e7\u00f5es.<\/p>\n<p>A Embasa est\u00e1 investindo mais de R$ 110 milh\u00f5es nos servi\u00e7os, que ir\u00e3o beneficiar a popula\u00e7\u00e3o com o aumento para 2.250 litros de \u00e1gua tratada por segundo distribu\u00eddos e, al\u00e9m disso, trazer ainda mais efici\u00eancia ao processo de tratamento e distribui\u00e7\u00e3o da \u00e1gua nos seis munic\u00edpios contemplados. A amplia\u00e7\u00e3o do sistema vai beneficiar diretamente 1,1 milh\u00f5es de pessoas.<\/p>\n<p><em>Siga o Acorda Cidade no<\/em><a href=\"https:\/\/news.google.com\/search?q=acorda%20cidade&amp;hl=pt-BR&amp;gl=BR&amp;ceid=BR%3Apt-419\"><strong><em>\u00a0Google Not\u00edcias<\/em><\/strong><\/a><em>\u00a0e receba os principais destaques do dia. Participe tamb\u00e9m dos nossos canais no\u00a0<\/em><a href=\"https:\/\/www.whatsapp.com\/channel\/0029Va6Rb4v3WHTNnsh8WI3N\"><strong><em>WhatsApp<\/em><\/strong><\/a><em>\u00a0e\u00a0<\/em><a href=\"https:\/\/www.youtube.com\/@acordacidadenoticias\/videos\"><strong>Youtube<\/strong><\/a><em>\u00a0e grupo de\u00a0<\/em><a href=\"https:\/\/t.me\/+sSz0khrgARA0ZmRh\"><strong><em>Telegram<\/em><\/strong><\/a><em>.<\/em><\/p>\n<\/div>\n","protected":false},"excerpt":{"rendered":"<div>\n<div>\n<figure><img decoding=\"async\" src=\"https:\/\/uploads.acordacidade.com.br\/2025\/03\/2VrDX8qc-abastecimento-e-agua.png\" alt=\"Fornecimento de \u00e1gua ser\u00e1 interrompido na quarta-feira (14) em Feira de Santana e cidades da regi\u00e3o\"><figcaption>Foto: M\u00e1rio Souza<br \/>\n<\/figcaption><\/figure>\n<\/div>\n<p>T\u00e9cnicos da Embasa v\u00e3o montar as estruturas para conex\u00e3o de um novo reservat\u00f3rio e de um novo trecho de rede adutora de 1400mm de di\u00e2metro.<\/p><\/div>\n","protected":false},"author":1,"featured_media":85540,"comment_status":"closed","ping_status":"closed","sticky":false,"template":"","format":"gallery","meta":{"footnotes":""},"categories":[8,9,6,57,56,10],"tags":[],"class_list":["post-85539","post","type-post","status-publish","format-gallery","has-post-thumbnail","hentry","category-bahia","category-brasil","category-feira-de-santana","category-mundo","category-policia","category-politica","post_format-post-format-gallery"],"featured_image_urls":{"full":["https:\/\/noticiasbahia360.com.br\/wp-content\/uploads\/2025\/05\/2VrDX8qc-abastecimento-e-agua.png",1200,735,false],"thumbnail":["https:\/\/noticiasbahia360.com.br\/wp-content\/uploads\/2025\/05\/2VrDX8qc-abastecimento-e-agua-150x150.png",150,150,true],"medium":["https:\/\/noticiasbahia360.com.br\/wp-content\/uploads\/2025\/05\/2VrDX8qc-abastecimento-e-agua-300x184.png",300,184,true],"medium_large":["https:\/\/noticiasbahia360.com.br\/wp-content\/uploads\/2025\/05\/2VrDX8qc-abastecimento-e-agua-768x470.png",640,392,true],"large":["https:\/\/noticiasbahia360.com.br\/wp-content\/uploads\/2025\/05\/2VrDX8qc-abastecimento-e-agua-1024x627.png",640,392,true],"1536x1536":["https:\/\/noticiasbahia360.com.br\/wp-content\/uploads\/2025\/05\/2VrDX8qc-abastecimento-e-agua.png",1200,735,false],"2048x2048":["https:\/\/noticiasbahia360.com.br\/wp-content\/uploads\/2025\/05\/2VrDX8qc-abastecimento-e-agua.png",1200,735,false],"chromenews-featured":["https:\/\/noticiasbahia360.com.br\/wp-content\/uploads\/2025\/05\/2VrDX8qc-abastecimento-e-agua-1024x627.png",1024,627,true],"chromenews-large":["https:\/\/noticiasbahia360.com.br\/wp-content\/uploads\/2025\/05\/2VrDX8qc-abastecimento-e-agua-825x575.png",825,575,true],"chromenews-medium":["https:\/\/noticiasbahia360.com.br\/wp-content\/uploads\/2025\/05\/2VrDX8qc-abastecimento-e-agua-590x410.png",590,410,true]},"author_info":{"display_name":"noticiasbahia360.com.br","author_link":"https:\/\/noticiasbahia360.com.br\/?author=1"},"category_info":"<a href=\"https:\/\/noticiasbahia360.com.br\/?cat=8\" rel=\"category\">Bahia<\/a> <a href=\"https:\/\/noticiasbahia360.com.br\/?cat=9\" rel=\"category\">Brasil<\/a> <a href=\"https:\/\/noticiasbahia360.com.br\/?cat=6\" rel=\"category\">Feira de Santana<\/a> <a href=\"https:\/\/noticiasbahia360.com.br\/?cat=57\" rel=\"category\">Mundo<\/a> <a href=\"https:\/\/noticiasbahia360.com.br\/?cat=56\" rel=\"category\">Pol\u00edcia<\/a> <a href=\"https:\/\/noticiasbahia360.com.br\/?cat=10\" rel=\"category\">Pol\u00edtica<\/a>","tag_info":"Pol\u00edtica","comment_count":"0","_links":{"self":[{"href":"https:\/\/noticiasbahia360.com.br\/index.php?rest_route=\/wp\/v2\/posts\/85539","targetHints":{"allow":["GET"]}}],"collection":[{"href":"https:\/\/noticiasbahia360.com.br\/index.php?rest_route=\/wp\/v2\/posts"}],"about":[{"href":"https:\/\/noticiasbahia360.com.br\/index.php?rest_route=\/wp\/v2\/types\/post"}],"author":[{"embeddable":true,"href":"https:\/\/noticiasbahia360.com.br\/index.php?rest_route=\/wp\/v2\/users\/1"}],"replies":[{"embeddable":true,"href":"https:\/\/noticiasbahia360.com.br\/index.php?rest_route=%2Fwp%2Fv2%2Fcomments&post=85539"}],"version-history":[{"count":0,"href":"https:\/\/noticiasbahia360.com.br\/index.php?rest_route=\/wp\/v2\/posts\/85539\/revisions"}],"wp:featuredmedia":[{"embeddable":true,"href":"https:\/\/noticiasbahia360.com.br\/index.php?rest_route=\/wp\/v2\/media\/85540"}],"wp:attachment":[{"href":"https:\/\/noticiasbahia360.com.br\/index.php?rest_route=%2Fwp%2Fv2%2Fmedia&parent=85539"}],"wp:term":[{"taxonomy":"category","embeddable":true,"href":"https:\/\/noticiasbahia360.com.br\/index.php?rest_route=%2Fwp%2Fv2%2Fcategories&post=85539"},{"taxonomy":"post_tag","embeddable":true,"href":"https:\/\/noticiasbahia360.com.br\/index.php?rest_route=%2Fwp%2Fv2%2Ftags&post=85539"}],"curies":[{"name":"wp","href":"https:\/\/api.w.org\/{rel}","templated":true}]}}