{"id":85541,"date":"2025-05-09T12:52:54","date_gmt":"2025-05-09T15:52:54","guid":{"rendered":"https:\/\/noticiasbahia360.com.br\/?p=85541"},"modified":"2025-05-09T12:52:54","modified_gmt":"2025-05-09T15:52:54","slug":"escritora-maria-lucila-sera-empossada-como-membro-da-academia-feirense-de-letras","status":"publish","type":"post","link":"https:\/\/noticiasbahia360.com.br\/?p=85541","title":{"rendered":"Escritora Maria Lucila ser\u00e1 empossada como membro da Academia Feirense de Letras"},"content":{"rendered":"<div>\n<div>\n<figure><img decoding=\"async\" src=\"http:\/\/noticiasbahia360.com.br\/wp-content\/uploads\/2025\/05\/Convite-academia-de-letras-foto-divulgacao-.jpg\" alt=\"Escritora Maria Lucila ser\u00e1 empossada como membro da Academia Feirense de Letras\"><figcaption>Foto: Divulga\u00e7\u00e3o <\/figcaption><\/figure>\n<\/div>\n<p>A escritora, historiadora e educadora <strong>Maria Lucila Ferreira de Pinho<\/strong> tomar\u00e1 posse como membro efetivo da <a href=\"https:\/\/www.acordacidade.com.br\/tag\/academia-feirense-de-letras\/\"><strong>Academia Feirense de Letras<\/strong><\/a> (AFL) no pr\u00f3ximo dia 29 de maio, em uma cerim\u00f4nia marcada para as 19h, no Centro Comunit\u00e1rio Ederval Falc\u00e3o, localizado na Rua Deraldo Alves Costa, n\u00ba 171, no bairro Bara\u00fanas, em Feira de Santana.<\/p>\n<p><strong>Maria Lucila<\/strong> ocupar\u00e1 a Cadeira n\u00ba 37, que tem como patrono o renomado Leon\u00eddio Rocha. A posse representa n\u00e3o apenas um marco pessoal para a nova acad\u00eamica, mas tamb\u00e9m uma celebra\u00e7\u00e3o da produ\u00e7\u00e3o intelectual e cultural de <a href=\"https:\/\/www.acordacidade.com.br\/tag\/feira-de-santana\/\"><strong>Feira de Santana<\/strong><\/a>.<\/p>\n<p>O evento promete reunir membros da Academia, familiares, amigos e admiradores da trajet\u00f3ria de <strong>Maria Lucila<\/strong>, que \u00e9 reconhecida por sua atua\u00e7\u00e3o no campo da educa\u00e7\u00e3o e seu envolvimento com a cultura local.<\/p>\n<p>A <strong>Academia Feirense de Letras<\/strong> \u00e9 uma das institui\u00e7\u00f5es culturais mais tradicionais da cidade e tem como miss\u00e3o preservar, valorizar e divulgar a literatura e a mem\u00f3ria intelectual feirense.<\/p>\n<h2 class=\"wp-block-heading\" id=\"h-memorial-dos-frades-capuchinhos-e-o-trabalho-da-historiadora\">Memorial dos Frades Capuchinhos e o trabalho da historiadora<\/h2>\n<p>O projeto do <strong>memorial dos Frades Capuchinhos<\/strong>  inaugurado no dia 9 de mar\u00e7o de 2025 no anexo ao Sant\u00faario Santo Ant\u00f4nio tomou forma, em 2019, quando a historiadora <strong>Maria Lucila<\/strong> percebeu que o jubileu dos 70 anos da chegada dos <strong>Frades Capuchinhos<\/strong>  a cidade se aproximava. Com apoio do frei Liomar Pereira, iniciou o trabalho que teve como base o livro lan\u00e7ado pro ela em parceria com o frei Jos\u00e9 Montiero e Jo\u00e3o Marchesini.<\/p>\n<p><em>Siga o Acorda Cidade no<\/em><a href=\"https:\/\/news.google.com\/search?q=acorda%20cidade&amp;hl=pt-BR&amp;gl=BR&amp;ceid=BR%3Apt-419\"><strong><em>\u00a0Google Not\u00edcias<\/em><\/strong><\/a><em>\u00a0e receba os principais destaques do dia. Participe tamb\u00e9m dos nossos canais no\u00a0<\/em><a href=\"https:\/\/www.whatsapp.com\/channel\/0029Va6Rb4v3WHTNnsh8WI3N\"><strong><em>WhatsApp<\/em><\/strong><\/a><em>\u00a0e\u00a0<\/em><a href=\"https:\/\/www.youtube.com\/@acordacidadenoticias\/videos\"><strong>Youtube<\/strong><\/a><em>\u00a0e grupo de\u00a0<\/em><a href=\"https:\/\/t.me\/+sSz0khrgARA0ZmRh\"><strong><em>Telegram<\/em><\/strong><\/a><em>.<\/em><\/p>\n<\/div>\n","protected":false},"excerpt":{"rendered":"<div>\n<div>\n<figure><img decoding=\"async\" src=\"https:\/\/uploads.acordacidade.com.br\/2025\/05\/Convite-academia-de-letras-foto-divulgacao-.jpg\" alt=\"Escritora Maria Lucila ser\u00e1 empossada como membro da Academia Feirense de Letras\"><figcaption>Foto: Divulga\u00e7\u00e3o <\/figcaption><\/figure>\n<\/div>\n<p>A posse ocorrer\u00e1 no dia 29 de maio, em uma cerim\u00f4nia marcada para \u00e0s 19h, no Centro Comunit\u00e1rio Ederval Falc\u00e3o.<\/p><\/div>\n","protected":false},"author":1,"featured_media":85542,"comment_status":"closed","ping_status":"closed","sticky":false,"template":"","format":"gallery","meta":{"footnotes":""},"categories":[8,9,6,57,56,10],"tags":[],"class_list":["post-85541","post","type-post","status-publish","format-gallery","has-post-thumbnail","hentry","category-bahia","category-brasil","category-feira-de-santana","category-mundo","category-policia","category-politica","post_format-post-format-gallery"],"featured_image_urls":{"full":["https:\/\/noticiasbahia360.com.br\/wp-content\/uploads\/2025\/05\/Convite-academia-de-letras-foto-divulgacao-.jpg",1200,851,false],"thumbnail":["https:\/\/noticiasbahia360.com.br\/wp-content\/uploads\/2025\/05\/Convite-academia-de-letras-foto-divulgacao--150x150.jpg",150,150,true],"medium":["https:\/\/noticiasbahia360.com.br\/wp-content\/uploads\/2025\/05\/Convite-academia-de-letras-foto-divulgacao--300x213.jpg",300,213,true],"medium_large":["https:\/\/noticiasbahia360.com.br\/wp-content\/uploads\/2025\/05\/Convite-academia-de-letras-foto-divulgacao--768x545.jpg",640,454,true],"large":["https:\/\/noticiasbahia360.com.br\/wp-content\/uploads\/2025\/05\/Convite-academia-de-letras-foto-divulgacao--1024x726.jpg",640,454,true],"1536x1536":["https:\/\/noticiasbahia360.com.br\/wp-content\/uploads\/2025\/05\/Convite-academia-de-letras-foto-divulgacao-.jpg",1200,851,false],"2048x2048":["https:\/\/noticiasbahia360.com.br\/wp-content\/uploads\/2025\/05\/Convite-academia-de-letras-foto-divulgacao-.jpg",1200,851,false],"chromenews-featured":["https:\/\/noticiasbahia360.com.br\/wp-content\/uploads\/2025\/05\/Convite-academia-de-letras-foto-divulgacao--1024x726.jpg",1024,726,true],"chromenews-large":["https:\/\/noticiasbahia360.com.br\/wp-content\/uploads\/2025\/05\/Convite-academia-de-letras-foto-divulgacao--825x575.jpg",825,575,true],"chromenews-medium":["https:\/\/noticiasbahia360.com.br\/wp-content\/uploads\/2025\/05\/Convite-academia-de-letras-foto-divulgacao--590x410.jpg",590,410,true]},"author_info":{"display_name":"noticiasbahia360.com.br","author_link":"https:\/\/noticiasbahia360.com.br\/?author=1"},"category_info":"<a href=\"https:\/\/noticiasbahia360.com.br\/?cat=8\" rel=\"category\">Bahia<\/a> <a href=\"https:\/\/noticiasbahia360.com.br\/?cat=9\" rel=\"category\">Brasil<\/a> <a href=\"https:\/\/noticiasbahia360.com.br\/?cat=6\" rel=\"category\">Feira de Santana<\/a> <a href=\"https:\/\/noticiasbahia360.com.br\/?cat=57\" rel=\"category\">Mundo<\/a> <a href=\"https:\/\/noticiasbahia360.com.br\/?cat=56\" rel=\"category\">Pol\u00edcia<\/a> <a href=\"https:\/\/noticiasbahia360.com.br\/?cat=10\" rel=\"category\">Pol\u00edtica<\/a>","tag_info":"Pol\u00edtica","comment_count":"0","_links":{"self":[{"href":"https:\/\/noticiasbahia360.com.br\/index.php?rest_route=\/wp\/v2\/posts\/85541","targetHints":{"allow":["GET"]}}],"collection":[{"href":"https:\/\/noticiasbahia360.com.br\/index.php?rest_route=\/wp\/v2\/posts"}],"about":[{"href":"https:\/\/noticiasbahia360.com.br\/index.php?rest_route=\/wp\/v2\/types\/post"}],"author":[{"embeddable":true,"href":"https:\/\/noticiasbahia360.com.br\/index.php?rest_route=\/wp\/v2\/users\/1"}],"replies":[{"embeddable":true,"href":"https:\/\/noticiasbahia360.com.br\/index.php?rest_route=%2Fwp%2Fv2%2Fcomments&post=85541"}],"version-history":[{"count":0,"href":"https:\/\/noticiasbahia360.com.br\/index.php?rest_route=\/wp\/v2\/posts\/85541\/revisions"}],"wp:featuredmedia":[{"embeddable":true,"href":"https:\/\/noticiasbahia360.com.br\/index.php?rest_route=\/wp\/v2\/media\/85542"}],"wp:attachment":[{"href":"https:\/\/noticiasbahia360.com.br\/index.php?rest_route=%2Fwp%2Fv2%2Fmedia&parent=85541"}],"wp:term":[{"taxonomy":"category","embeddable":true,"href":"https:\/\/noticiasbahia360.com.br\/index.php?rest_route=%2Fwp%2Fv2%2Fcategories&post=85541"},{"taxonomy":"post_tag","embeddable":true,"href":"https:\/\/noticiasbahia360.com.br\/index.php?rest_route=%2Fwp%2Fv2%2Ftags&post=85541"}],"curies":[{"name":"wp","href":"https:\/\/api.w.org\/{rel}","templated":true}]}}