{"id":85543,"date":"2025-05-09T12:52:59","date_gmt":"2025-05-09T15:52:59","guid":{"rendered":"https:\/\/noticiasbahia360.com.br\/?p=85543"},"modified":"2025-05-09T12:52:59","modified_gmt":"2025-05-09T15:52:59","slug":"maio-amarelo-superintendente-de-transito-destaca-infracoes-mais-cometidas-em-feira-de-santana","status":"publish","type":"post","link":"https:\/\/noticiasbahia360.com.br\/?p=85543","title":{"rendered":"Maio Amarelo: Superintendente de tr\u00e2nsito destaca infra\u00e7\u00f5es mais cometidas em Feira de Santana"},"content":{"rendered":"<div>\n<div>\n<figure><img decoding=\"async\" src=\"http:\/\/noticiasbahia360.com.br\/wp-content\/uploads\/2025\/05\/Congestionamento-transito-Foto-reporter-Ed-Santos-Acorda-Cidadejpg2_.jpg\" alt=\"Congestionamento\/ tr\u00e2nsito\"><figcaption>Foto: Ed Santos\/ Acorda Cidade (Arquivo)<\/figcaption><\/figure>\n<\/div>\n<p>Estacionar em fila dupla, falar ao celular enquanto dirige e velocidade acima do limite permitido na via, essas s\u00e3o as principais infra\u00e7\u00f5es de tr\u00e2nsito registradas em <a href=\"https:\/\/www.acordacidade.com.br\/feira-de-santana\/\">Feira de Santana<\/a>, segundo informou o superintendente municipal de tr\u00e2nsito, Ricardo da Cunha, durante um evento em alus\u00e3o ao Maio Amarelo, realizado na manh\u00e3 desta sexta-feira (9) no audit\u00f3rio da <a href=\"https:\/\/www.acordacidade.com.br\/tag\/oab\/\">OAB<\/a>, em Feira de Santana.<\/p>\n<figure class=\"wp-block-image size-large\"><img fetchpriority=\"high\" data-dominant-color=\"88887a\" data-has-transparency=\"false\" style=\"--dominant-color: #88887a;\" fetchpriority=\"high\" decoding=\"async\" width=\"1024\" height=\"768\" sizes=\"(max-width: 1024px) 100vw, 1024px\" src=\"http:\/\/noticiasbahia360.com.br\/wp-content\/uploads\/2025\/05\/0EU7rNid-maio-amarelo-evento-transito-1024x768-1.webp\" alt=\"maio amarelo evento tr\u00e2nsito\" class=\"wp-image-551526 not-transparent\" srcset=\"https:\/\/uploads.acordacidade.com.br\/2025\/05\/0EU7rNid-maio-amarelo-evento-transito-300x225.webp 300w, http:\/\/noticiasbahia360.com.br\/wp-content\/uploads\/2025\/05\/0EU7rNid-maio-amarelo-evento-transito-1024x768-1.webp 1024w, https:\/\/uploads.acordacidade.com.br\/2025\/05\/0EU7rNid-maio-amarelo-evento-transito-768x576.webp 768w, https:\/\/uploads.acordacidade.com.br\/2025\/05\/0EU7rNid-maio-amarelo-evento-transito-150x113.webp 150w, https:\/\/uploads.acordacidade.com.br\/2025\/05\/0EU7rNid-maio-amarelo-evento-transito.webp 1200w\"><figcaption class=\"wp-element-caption\">Foto: Ed Santos\/Acorda Cidade<\/figcaption><\/figure>\n<p>Al\u00e9m disso, Ricardo ainda citou os n\u00fameros altos envolvendo acidentes com motociclistas. Ele lembrou que essa \u00e9 uma realidade n\u00e3o s\u00f3 de Feira de Santana, mas de todo o Brasil.<\/p>\n<figure class=\"wp-block-image size-large\"><img data-dominant-color=\"b7b3a7\" data-has-transparency=\"false\" style=\"--dominant-color: #b7b3a7;\" decoding=\"async\" width=\"1024\" height=\"768\" sizes=\"(max-width: 1024px) 100vw, 1024px\" src=\"http:\/\/noticiasbahia360.com.br\/wp-content\/uploads\/2025\/05\/59mJ5NoE-Superintendente-de-transito-destaca-infracoes-mais-cometidas-em-Feira-de-Santana-1024x768-1.webp\" alt=\"Superintendente de tr\u00e2nsito destaca infra\u00e7\u00f5es mais cometidas em Feira de Santana\" class=\"wp-image-551528 not-transparent\" srcset=\"https:\/\/uploads.acordacidade.com.br\/2025\/05\/59mJ5NoE-Superintendente-de-transito-destaca-infracoes-mais-cometidas-em-Feira-de-Santana--300x225.webp 300w, http:\/\/noticiasbahia360.com.br\/wp-content\/uploads\/2025\/05\/59mJ5NoE-Superintendente-de-transito-destaca-infracoes-mais-cometidas-em-Feira-de-Santana-1024x768-1.webp 1024w, https:\/\/uploads.acordacidade.com.br\/2025\/05\/59mJ5NoE-Superintendente-de-transito-destaca-infracoes-mais-cometidas-em-Feira-de-Santana--768x576.webp 768w, https:\/\/uploads.acordacidade.com.br\/2025\/05\/59mJ5NoE-Superintendente-de-transito-destaca-infracoes-mais-cometidas-em-Feira-de-Santana--150x113.webp 150w, https:\/\/uploads.acordacidade.com.br\/2025\/05\/59mJ5NoE-Superintendente-de-transito-destaca-infracoes-mais-cometidas-em-Feira-de-Santana-.webp 1200w\"><figcaption class=\"wp-element-caption\">Superintende Ricardo Cunha | Foto: Ed Santos\/Acorda Cidade<\/figcaption><\/figure>\n<p>\u201cExiste um trip\u00e9 para trabalhar com tr\u00e2nsito mais organizado, que \u00e9 educa\u00e7\u00e3o engenharia e fiscaliza\u00e7\u00e3o. A educa\u00e7\u00e3o n\u00e3o pode ser negligenciada. A gente tem uma cifra negra muito grande na cidade, que s\u00e3o as infra\u00e7\u00f5es que n\u00e3o s\u00e3o identificadas. Ent\u00e3o estamos adotando medidas para fazer uma fiscaliza\u00e7\u00e3o mais efetiva. Estamos nas vias diuturnamente trabalhando para reduzir a quantidade de acidentes\u201d, afirmou o superintendente ao Acorda Cidade.<\/p>\n<h2 class=\"wp-block-heading\" id=\"h-campanha-maio-amarelo\">Campanha Maio Amarelo<\/h2>\n<p>A Campanha Maio Amarelo deste ano foca na responsabilidade de motoristas, motociclistas, ciclistas e pedestres para a redu\u00e7\u00e3o de acidentes. Ant\u00f4nio Carlos Nascimento dos Santos, que faz parte do Observat\u00f3rio Nacional de Seguran\u00e7a Vi\u00e1ria, institui\u00e7\u00e3o n\u00e3o governamental respons\u00e1vel pelo Maio Amarelo, frisou que o objetivo da campanha \u00e9 levar conscientiza\u00e7\u00e3o para diminuir os sinistros de tr\u00e2nsito com les\u00f5es graves e mortes, at\u00e9 2050.<\/p>\n<figure class=\"wp-block-image size-large\"><img data-dominant-color=\"c4beb6\" data-has-transparency=\"false\" style=\"--dominant-color: #c4beb6;\" decoding=\"async\" width=\"1024\" height=\"768\" sizes=\"(max-width: 1024px) 100vw, 1024px\" src=\"http:\/\/noticiasbahia360.com.br\/wp-content\/uploads\/2025\/05\/85fuFmBL-Antonio-Carlos-Nascimento-dos-Santos-que-faz-parte-do-Observatorio-Nacional-de-Seguranca-Viaria-1024x768-1.webp\" alt=\"Ant\u00f4nio Carlos Nascimento dos Santos, que faz parte do Observat\u00f3rio Nacional de Seguran\u00e7a Vi\u00e1ria\" class=\"wp-image-551532 not-transparent\" srcset=\"https:\/\/uploads.acordacidade.com.br\/2025\/05\/85fuFmBL-Antonio-Carlos-Nascimento-dos-Santos-que-faz-parte-do-Observatorio-Nacional-de-Seguranca-Viaria-300x225.webp 300w, http:\/\/noticiasbahia360.com.br\/wp-content\/uploads\/2025\/05\/85fuFmBL-Antonio-Carlos-Nascimento-dos-Santos-que-faz-parte-do-Observatorio-Nacional-de-Seguranca-Viaria-1024x768-1.webp 1024w, https:\/\/uploads.acordacidade.com.br\/2025\/05\/85fuFmBL-Antonio-Carlos-Nascimento-dos-Santos-que-faz-parte-do-Observatorio-Nacional-de-Seguranca-Viaria-768x576.webp 768w, https:\/\/uploads.acordacidade.com.br\/2025\/05\/85fuFmBL-Antonio-Carlos-Nascimento-dos-Santos-que-faz-parte-do-Observatorio-Nacional-de-Seguranca-Viaria-150x113.webp 150w, https:\/\/uploads.acordacidade.com.br\/2025\/05\/85fuFmBL-Antonio-Carlos-Nascimento-dos-Santos-que-faz-parte-do-Observatorio-Nacional-de-Seguranca-Viaria.webp 1200w\"><figcaption class=\"wp-element-caption\">Ant\u00f4nio Carlos Nascimento | Foto: Ed Santos\/Acorda Cidade<\/figcaption><\/figure>\n<p>Ele explicou ainda que Observat\u00f3rio Nacional de Seguran\u00e7a Vi\u00e1ria trabalha com doa\u00e7\u00f5es e com parcerias com diversos parceiros para despertar a conscientiza\u00e7\u00e3o no tr\u00e2nsito. \u201cHoje o observat\u00f3rio conta com 17 observadores na Bahia e 227 no Brasil\u201d.<\/p>\n<p>Ant\u00f4nio Carlos, que tamb\u00e9m \u00e9 instrutor de tr\u00e2nsito, alertou ainda para o que chamou de uma das principais regras de tr\u00e2nsito, a desacelera\u00e7\u00e3o. \u201cA gente sempre fala que as pessoas devem desacelerar e n\u00e3o ultrapassar os limites de velocidade, mas devemos desacelerar na vida e n\u00e3o usar o celular na dire\u00e7\u00e3o, sempre usar capacete, n\u00e3o conduzir a crian\u00e7a menor de 10 anos na motocicleta, al\u00e9m sempre usar cinto de seguran\u00e7a. Essas regras s\u00e3o importantes para que a gente possa ter harmonia do tr\u00e2nsito e evitar les\u00f5es graves e mortes\u201d.<\/p>\n<p>A inspetora da Pol\u00edcia Rodovi\u00e1ria Federal (PFR) L\u00edvia Marcelino, tamb\u00e9m falou sobre as infra\u00e7\u00f5es que s\u00e3o cometidas no tr\u00e2nsito, a exemplo do uso do aparelho celular. \u201c\u00c9 algo que se gente n\u00e3o cuidar vai trazer muito mais problemas do que j\u00e1 est\u00e1 trazendo. A gente precisa refletir acerca do que o celular faz na nossa vida. O celular tira a aten\u00e7\u00e3o que a gente precisa para dirigir\u201d, alertou.<\/p>\n<figure class=\"wp-block-image size-large\"><img data-dominant-color=\"a8a79c\" data-has-transparency=\"false\" style=\"--dominant-color: #a8a79c;\" decoding=\"async\" width=\"1024\" height=\"768\" sizes=\"(max-width: 1024px) 100vw, 1024px\" src=\"http:\/\/noticiasbahia360.com.br\/wp-content\/uploads\/2025\/05\/YT1Qr7px-inspetora-livia-marcelino-maio-amarelo-1024x768-1.webp\" alt=\"Inspetora L\u00edvia Marcelino\" class=\"wp-image-551527 not-transparent\" srcset=\"https:\/\/uploads.acordacidade.com.br\/2025\/05\/YT1Qr7px-inspetora-livia-marcelino-maio-amarelo-300x225.webp 300w, http:\/\/noticiasbahia360.com.br\/wp-content\/uploads\/2025\/05\/YT1Qr7px-inspetora-livia-marcelino-maio-amarelo-1024x768-1.webp 1024w, https:\/\/uploads.acordacidade.com.br\/2025\/05\/YT1Qr7px-inspetora-livia-marcelino-maio-amarelo-768x576.webp 768w, https:\/\/uploads.acordacidade.com.br\/2025\/05\/YT1Qr7px-inspetora-livia-marcelino-maio-amarelo-150x113.webp 150w, https:\/\/uploads.acordacidade.com.br\/2025\/05\/YT1Qr7px-inspetora-livia-marcelino-maio-amarelo.webp 1200w\"><figcaption class=\"wp-element-caption\">Inspetora L\u00edvia Marcelino | Foto: Ed Santos\/Acorda Cidade<\/figcaption><\/figure>\n<h2 class=\"wp-block-heading\" id=\"h-anel-de-contorno\">Anel de Contorno<\/h2>\n<p>De acordo com L\u00edvia, os estudos da PRF mostram que o Anel de Contorno possui v\u00e1rios trechos cr\u00edticos e citou os acidentes envolvendo motocicletas. \u201cO condutor e passageiro ficam t\u00e3o expostos que um acidente que poderia ser simples acaba tendo uma les\u00e3o mais grave ou at\u00e9 mesmo a morte. O motociclista \u00e9 um condutor que precisa ter uma aten\u00e7\u00e3o maior, j\u00e1 que esse tipo de ve\u00edculo estimula a pressa que j\u00e1 \u00e9 inerente a correria que a gente vive no dia a dia\u201d.<\/p>\n<h2 class=\"wp-block-heading\" id=\"h-educacao-no-transito\">Educa\u00e7\u00e3o no Tr\u00e2nsito<\/h2>\n<p>L\u00edvia Marcelino tamb\u00e9m falou sobre a import\u00e2ncia de campanhas de educa\u00e7\u00e3o. \u201cHabitualmente todo nosso foco, toda fiscaliza\u00e7\u00e3o que a PRF faz, consegue colocar uma abordagem educativa, mas no m\u00eas de maio a gente tem um incremento ainda maior com foco nessas atividades. \u00c9 um m\u00eas para a gente refletir sobre o papel de cada um na mudan\u00e7a desse tr\u00e2nsito t\u00e3o violento\u201d, afirmou.<\/p>\n<p><em>Com informa\u00e7\u00f5es do rep\u00f3rter Ed Santos do Acorda Cidade<\/em><\/p>\n<p><em>Siga o Acorda Cidade no<\/em><a href=\"https:\/\/news.google.com\/search?q=acorda%20cidade&amp;hl=pt-BR&amp;gl=BR&amp;ceid=BR%3Apt-419\"><strong><em>\u00a0Google Not\u00edcias<\/em><\/strong><\/a><em>\u00a0e receba os principais destaques do dia. Participe tamb\u00e9m dos nossos canais no\u00a0<\/em><a href=\"https:\/\/www.whatsapp.com\/channel\/0029Va6Rb4v3WHTNnsh8WI3N\"><strong><em>WhatsApp<\/em><\/strong><\/a><em>\u00a0e\u00a0<\/em><a href=\"https:\/\/www.youtube.com\/@acordacidadenoticias\/videos\"><strong>YouTube<\/strong><\/a><em>\u00a0e do grupo no\u00a0<\/em><a href=\"https:\/\/t.me\/+sSz0khrgARA0ZmRh\"><strong><em>Telegram<\/em><\/strong><\/a><\/p>\n<\/div>\n","protected":false},"excerpt":{"rendered":"<div>\n<div>\n<figure><img decoding=\"async\" src=\"https:\/\/www.acordacidade.com.br\/wp-content\/uploads\/2024\/06\/Congestionamento-transito-Foto-reporter-Ed-Santos-Acorda-Cidade.jpg2_.jpg\" alt=\"Congestionamento\/ tr\u00e2nsito\"><figcaption>Foto: Ed Santos\/ Acorda Cidade (Arquivo)<\/figcaption><\/figure>\n<\/div>\n<p>A Campanha Maio Amarelo deste ano foca na responsabilidade de motoristas, motociclistas, ciclistas e pedestres para a redu\u00e7\u00e3o de acidentes.<\/p><\/div>\n","protected":false},"author":1,"featured_media":85544,"comment_status":"closed","ping_status":"closed","sticky":false,"template":"","format":"gallery","meta":{"footnotes":""},"categories":[8,9,6,57,56,10],"tags":[],"class_list":["post-85543","post","type-post","status-publish","format-gallery","has-post-thumbnail","hentry","category-bahia","category-brasil","category-feira-de-santana","category-mundo","category-policia","category-politica","post_format-post-format-gallery"],"featured_image_urls":{"full":["https:\/\/noticiasbahia360.com.br\/wp-content\/uploads\/2025\/05\/Congestionamento-transito-Foto-reporter-Ed-Santos-Acorda-Cidadejpg2_.jpg",1280,720,false],"thumbnail":["https:\/\/noticiasbahia360.com.br\/wp-content\/uploads\/2025\/05\/Congestionamento-transito-Foto-reporter-Ed-Santos-Acorda-Cidadejpg2_-150x150.jpg",150,150,true],"medium":["https:\/\/noticiasbahia360.com.br\/wp-content\/uploads\/2025\/05\/Congestionamento-transito-Foto-reporter-Ed-Santos-Acorda-Cidadejpg2_-300x169.jpg",300,169,true],"medium_large":["https:\/\/noticiasbahia360.com.br\/wp-content\/uploads\/2025\/05\/Congestionamento-transito-Foto-reporter-Ed-Santos-Acorda-Cidadejpg2_-768x432.jpg",640,360,true],"large":["https:\/\/noticiasbahia360.com.br\/wp-content\/uploads\/2025\/05\/Congestionamento-transito-Foto-reporter-Ed-Santos-Acorda-Cidadejpg2_-1024x576.jpg",640,360,true],"1536x1536":["https:\/\/noticiasbahia360.com.br\/wp-content\/uploads\/2025\/05\/Congestionamento-transito-Foto-reporter-Ed-Santos-Acorda-Cidadejpg2_.jpg",1280,720,false],"2048x2048":["https:\/\/noticiasbahia360.com.br\/wp-content\/uploads\/2025\/05\/Congestionamento-transito-Foto-reporter-Ed-Santos-Acorda-Cidadejpg2_.jpg",1280,720,false],"chromenews-featured":["https:\/\/noticiasbahia360.com.br\/wp-content\/uploads\/2025\/05\/Congestionamento-transito-Foto-reporter-Ed-Santos-Acorda-Cidadejpg2_-1024x576.jpg",1024,576,true],"chromenews-large":["https:\/\/noticiasbahia360.com.br\/wp-content\/uploads\/2025\/05\/Congestionamento-transito-Foto-reporter-Ed-Santos-Acorda-Cidadejpg2_-825x575.jpg",825,575,true],"chromenews-medium":["https:\/\/noticiasbahia360.com.br\/wp-content\/uploads\/2025\/05\/Congestionamento-transito-Foto-reporter-Ed-Santos-Acorda-Cidadejpg2_-590x410.jpg",590,410,true]},"author_info":{"display_name":"noticiasbahia360.com.br","author_link":"https:\/\/noticiasbahia360.com.br\/?author=1"},"category_info":"<a href=\"https:\/\/noticiasbahia360.com.br\/?cat=8\" rel=\"category\">Bahia<\/a> <a href=\"https:\/\/noticiasbahia360.com.br\/?cat=9\" rel=\"category\">Brasil<\/a> <a href=\"https:\/\/noticiasbahia360.com.br\/?cat=6\" rel=\"category\">Feira de Santana<\/a> <a href=\"https:\/\/noticiasbahia360.com.br\/?cat=57\" rel=\"category\">Mundo<\/a> <a href=\"https:\/\/noticiasbahia360.com.br\/?cat=56\" rel=\"category\">Pol\u00edcia<\/a> <a href=\"https:\/\/noticiasbahia360.com.br\/?cat=10\" rel=\"category\">Pol\u00edtica<\/a>","tag_info":"Pol\u00edtica","comment_count":"0","_links":{"self":[{"href":"https:\/\/noticiasbahia360.com.br\/index.php?rest_route=\/wp\/v2\/posts\/85543","targetHints":{"allow":["GET"]}}],"collection":[{"href":"https:\/\/noticiasbahia360.com.br\/index.php?rest_route=\/wp\/v2\/posts"}],"about":[{"href":"https:\/\/noticiasbahia360.com.br\/index.php?rest_route=\/wp\/v2\/types\/post"}],"author":[{"embeddable":true,"href":"https:\/\/noticiasbahia360.com.br\/index.php?rest_route=\/wp\/v2\/users\/1"}],"replies":[{"embeddable":true,"href":"https:\/\/noticiasbahia360.com.br\/index.php?rest_route=%2Fwp%2Fv2%2Fcomments&post=85543"}],"version-history":[{"count":0,"href":"https:\/\/noticiasbahia360.com.br\/index.php?rest_route=\/wp\/v2\/posts\/85543\/revisions"}],"wp:featuredmedia":[{"embeddable":true,"href":"https:\/\/noticiasbahia360.com.br\/index.php?rest_route=\/wp\/v2\/media\/85544"}],"wp:attachment":[{"href":"https:\/\/noticiasbahia360.com.br\/index.php?rest_route=%2Fwp%2Fv2%2Fmedia&parent=85543"}],"wp:term":[{"taxonomy":"category","embeddable":true,"href":"https:\/\/noticiasbahia360.com.br\/index.php?rest_route=%2Fwp%2Fv2%2Fcategories&post=85543"},{"taxonomy":"post_tag","embeddable":true,"href":"https:\/\/noticiasbahia360.com.br\/index.php?rest_route=%2Fwp%2Fv2%2Ftags&post=85543"}],"curies":[{"name":"wp","href":"https:\/\/api.w.org\/{rel}","templated":true}]}} 