{"id":85549,"date":"2025-05-09T13:06:25","date_gmt":"2025-05-09T16:06:25","guid":{"rendered":"https:\/\/noticiasbahia360.com.br\/?p=85549"},"modified":"2025-05-09T13:06:25","modified_gmt":"2025-05-09T16:06:25","slug":"saiba-o-que-pensa-acm-neto-sobre-a-aproximacao-entre-o-prefeito-jose-ronaldo-e-o-governador-jeronimo","status":"publish","type":"post","link":"https:\/\/noticiasbahia360.com.br\/?p=85549","title":{"rendered":"Saiba o que pensa ACM Neto sobre a aproxima\u00e7\u00e3o entre o prefeito Jos\u00e9 Ronaldo e o governador Jer\u00f4nimo"},"content":{"rendered":"<div>\n<div>\n<figure><img decoding=\"async\" src=\"http:\/\/noticiasbahia360.com.br\/wp-content\/uploads\/2025\/05\/acm-neto-e-jose-ronaldo-cidadao-feirense-foto-jefferson-araujo-acorda-cidade.jpg\" alt=\"\"><figcaption>ACM Neto (Esq.) e Jos\u00e9 Ronaldo (Dir.) | Foto: Jefferson Ara\u00fajo \/ Acorda Cidade <\/figcaption><\/figure>\n<\/div>\n<div class=\"wp-block-group\">\n<div class=\"wp-block-group__inner-container is-layout-constrained wp-block-group-is-layout-constrained\">\n<p>Durante a <a href=\"https:\/\/www.acordacidade.com.br\/politica\/camara-de-feira-de-santana-homenageia-familia-magalhaes-com-titulos-de-cidadania-feirense-e-comenda-maria-quiteria\/\">sess\u00e3o solene que concedeu homenagens \u00e0 Fam\u00edlia Magalh\u00e3es<\/a>, evento realizado pela C\u00e2mara de Vereadores de Feira de Santana na quinta-feira (8), <strong>um assunto dominou as rodas de conversa em torno de <a href=\"https:\/\/www.acordacidade.com.br\/tag\/acm-neto\/\">ACM Neto<\/a>: a opini\u00e3o dele sobre a recente aproxima\u00e7\u00e3o de <a href=\"https:\/\/www.acordacidade.com.br\/tag\/jose-ronaldo-3\/\">Jos\u00e9 Ronaldo<\/a> (Uni\u00e3o Brasil) e o governador <a href=\"https:\/\/www.acordacidade.com.br\/tag\/jeronimo-rodrigues\/\">Jer\u00f4nimo Rodrigues <\/a>(PT).<\/strong><\/p>\n<p>Neto, que recebeu o t\u00edtulo de cidad\u00e3o feirense e a Comenda Maria Quit\u00e9ria, foi questionado diversas vezes sobre o assunto. Com fala serena e esbanjando habilidade em tratar de forma natural assuntos controversos, caracter\u00edstica inerente do carlismo, o ex-prefeito de Salvador refor\u00e7ou a exist\u00eancia do la\u00e7o entre ele e Ronaldo.<\/p>\n<p>\u201cMinha rela\u00e7\u00e3o com o Z\u00e9 Ronaldo \u00e9 de longa estima, de amizade, de parceria, de muitos anos. N\u00e3o \u00e9 por outro motivo que eu sempre estive ao lado dele, e ele sempre esteve ao nosso lado. Ele \u00e9 uma pessoa que a gente admira pela trajet\u00f3ria, e \u00e9 sem d\u00favidas o maior l\u00edder pol\u00edtico da hist\u00f3ria de Feira de Santana. A gente espera que Z\u00e9 Ronaldo seja um dos principais l\u00edderes na constru\u00e7\u00e3o de um projeto de mudan\u00e7a para o futuro da Bahia\u201d, disse Neto.<\/p>\n<\/div>\n<\/div>\n<div class=\"wp-block-group\">\n<div class=\"wp-block-group__inner-container is-layout-constrained wp-block-group-is-layout-constrained\">\n<h2 class=\"wp-block-heading\" id=\"h-sintonia-estrategica\">Sintonia estrat\u00e9gica<\/h2>\n<p>ACM lembrou que o estilo pol\u00edtico de Jos\u00e9 Ronaldo sempre demonstrou que ele deseja o melhor tanto para Feira de Santana quanto para a Bahia. Talvez seja esse um dos motivos para a poss\u00edvel aproxima\u00e7\u00e3o entre o prefeito e o l\u00edder do Executivo no estado, <strong>movimento que Neto considera extremamente natural e institucional.<\/strong><\/p>\n<figure class=\"wp-block-image size-large\"><img fetchpriority=\"high\" data-dominant-color=\"716c68\" data-has-transparency=\"false\" style=\"--dominant-color: #716c68;\" fetchpriority=\"high\" decoding=\"async\" width=\"1200\" height=\"675\" sizes=\"(max-width: 1024px) 100vw, 1024px\" src=\"http:\/\/noticiasbahia360.com.br\/wp-content\/uploads\/2025\/05\/tccFUzni-acm-neto-cidadao-feirense-foto-jefferson-araujo-acorda-cidade-01-edited-1024x576-1.webp\" alt=\"\" class=\"wp-image-551515 not-transparent\" srcset=\"https:\/\/uploads.acordacidade.com.br\/2025\/05\/tccFUzni-acm-neto-cidadao-feirense-foto-jefferson-araujo-acorda-cidade-01-edited-300x169.webp 300w, http:\/\/noticiasbahia360.com.br\/wp-content\/uploads\/2025\/05\/tccFUzni-acm-neto-cidadao-feirense-foto-jefferson-araujo-acorda-cidade-01-edited-1024x576-1.webp 1024w, https:\/\/uploads.acordacidade.com.br\/2025\/05\/tccFUzni-acm-neto-cidadao-feirense-foto-jefferson-araujo-acorda-cidade-01-edited-768x432.webp 768w, https:\/\/uploads.acordacidade.com.br\/2025\/05\/tccFUzni-acm-neto-cidadao-feirense-foto-jefferson-araujo-acorda-cidade-01-edited-150x84.webp 150w, https:\/\/uploads.acordacidade.com.br\/2025\/05\/tccFUzni-acm-neto-cidadao-feirense-foto-jefferson-araujo-acorda-cidade-01-edited.webp 1200w\"><figcaption class=\"wp-element-caption\">Foto: Jefferson Araujo \/ Acorda Cidade <\/figcaption><\/figure>\n<p>\u201cN\u00e3o h\u00e1 nenhum bicho de sete cabe\u00e7as, n\u00e3o h\u00e1 absolutamente nada de errado em o prefeito Jos\u00e9 Ronaldo ou qualquer outro prefeito, seja do Uni\u00e3o Brasil ou de qualquer partido, dialogar institucionalmente para tratar das pautas da cidade com o governo do estado. \u00c9 assim que tem que ser a pol\u00edtica. <strong>A gente espera que o governador n\u00e3o discrimine, n\u00e3o prejudique ou fa\u00e7a qualquer distin\u00e7\u00e3o negativa \u00e0 Feira de Santana pelo fato de o munic\u00edpio ser governado por um prefeito do Uni\u00e3o Brasil<\/strong>\u201d, disse Neto.<\/p>\n<p>O pol\u00edtico continuou: \u201c\u00c9 preciso haver um pouco de maturidade na pol\u00edtica da Bahia. \u00c0s vezes, aqui, algumas pessoas interpretam o di\u00e1logo entre duas autoridades com outro contexto. Eu fui prefeito durante oito anos, da cidade de Salvador, e dialoguei com os dois governadores que administraram a Bahia no per\u00edodo, Jaques Wagner (PT) e Rui Costa (PT)\u201d.<\/p>\n<\/div>\n<\/div>\n<div class=\"wp-block-group\">\n<div class=\"wp-block-group__inner-container is-layout-constrained wp-block-group-is-layout-constrained\">\n<h2 class=\"wp-block-heading\" id=\"h-o-avanco-petista-sobre-a-base\">O avan\u00e7o petista sobre a base<\/h2>\n<p>O pol\u00edtico foi questionado sobre como ele via uma poss\u00edvel expans\u00e3o do apoio a Jer\u00f4nimo Rodrigues sobre quadros que declararam apoio nas Elei\u00e7\u00f5es 2022 ou eram ligados a ele. Um dos \u00faltimos acenos feitos por um ex-aliado de Neto veio do ex-governador C\u00e9sar Borges, que declarou no m\u00eas de abril diversos elogios a Jer\u00f4nimo. O ex-prefeito de Salvador prefere analisar a quest\u00e3o sob outra \u00f3tica.<\/p>\n<figure class=\"wp-block-image size-large\"><img data-dominant-color=\"484558\" data-has-transparency=\"false\" style=\"--dominant-color: #484558;\" decoding=\"async\" width=\"1024\" height=\"683\" sizes=\"(max-width: 1024px) 100vw, 1024px\" src=\"http:\/\/noticiasbahia360.com.br\/wp-content\/uploads\/2025\/05\/UnUhh1un-acm-neto-cidadao-feirense-foto-jefferson-araujo-acorda-cidade-00-1024x683-1.webp\" alt=\"\" class=\"wp-image-551511 not-transparent\" srcset=\"https:\/\/uploads.acordacidade.com.br\/2025\/05\/UnUhh1un-acm-neto-cidadao-feirense-foto-jefferson-araujo-acorda-cidade-00-300x200.webp 300w, http:\/\/noticiasbahia360.com.br\/wp-content\/uploads\/2025\/05\/UnUhh1un-acm-neto-cidadao-feirense-foto-jefferson-araujo-acorda-cidade-00-1024x683-1.webp 1024w, https:\/\/uploads.acordacidade.com.br\/2025\/05\/UnUhh1un-acm-neto-cidadao-feirense-foto-jefferson-araujo-acorda-cidade-00-768x512.webp 768w, https:\/\/uploads.acordacidade.com.br\/2025\/05\/UnUhh1un-acm-neto-cidadao-feirense-foto-jefferson-araujo-acorda-cidade-00-150x100.webp 150w, https:\/\/uploads.acordacidade.com.br\/2025\/05\/UnUhh1un-acm-neto-cidadao-feirense-foto-jefferson-araujo-acorda-cidade-00.webp 1200w\"><figcaption class=\"wp-element-caption\">Foto: Jefferson Araujo \/ Acorda Cidade <\/figcaption><\/figure>\n<p>\u201c\u00c9 bom a gente ver quem est\u00e1 migrando ou n\u00e3o est\u00e1, porque <strong>o governador vai l\u00e1, chama o prefeito para tirar uma foto institucional, aborda pautas institucionais e depois a assessoria do governador vende como se fosse ades\u00e3o pol\u00edtica.<\/strong> Ent\u00e3o, voc\u00eas da imprensa, que eu sei que s\u00e3o muito criteriosos, \u00e9 bom que chequem, que verifiquem o que \u00e9 pauta administrativa, o que \u00e9 rela\u00e7\u00e3o institucional, do que \u00e9 ades\u00e3o e apoio pol\u00edtico\u201d, concluiu ACM Neto.<\/p>\n<\/div>\n<\/div>\n<div class=\"wp-block-group\">\n<div class=\"wp-block-group__inner-container is-layout-constrained wp-block-group-is-layout-constrained\">\n<h2 class=\"wp-block-heading\" id=\"h-um-lembrete-jose-ronaldo-e-do-uniao-brasil\">Um lembrete: Jos\u00e9 Ronaldo \u00e9 do Uni\u00e3o Brasil<\/h2>\n<p>ACM Neto lembrou que a trajet\u00f3ria de Ronaldo sempre esteve ligada ao partido que hoje os dois fazem parte, afirmando que o prefeito de Feira de Santana foi um dos respons\u00e1veis pelo processo de reformula\u00e7\u00e3o do partido Democratas e a constru\u00e7\u00e3o do Uni\u00e3o Brasil.<\/p>\n<p>\u201c<strong>Ano passado, n\u00f3s tivemos uma elei\u00e7\u00e3o aqui em Feira, muito dura, muito disputada, que vencemos exatamente contra o PT [partido do governador Jer\u00f4nimo]<\/strong>. N\u00f3s, do Uni\u00e3o Brasil, depois que a gente passa a elei\u00e7\u00e3o, a gente desarma o palanque e entende que tem que governar para todos. <strong>Z\u00e9 Ronaldo n\u00e3o foi eleito apenas para governar para quem \u00e9 do Uni\u00e3o Brasil ou simpatiza com a nossa corrente pol\u00edtica. Ele foi eleito para governar para toda a cidade e, portanto, faz muito bem de dialogar com o governador<\/strong>\u201d.<\/p>\n<\/div>\n<\/div>\n<h2 class=\"wp-block-heading\" id=\"h-conjecturas-para-2026\">Conjecturas para 2026<\/h2>\n<p>Alguns analistas afirmam que, pela trajet\u00f3ria pol\u00edtica e a influ\u00eancia que exerce no campo mesmo sem ter um cargo eletivo, ACM Neto seria um bom nome do Uni\u00e3o Brasil para a disputa ao cargo de senador ou at\u00e9 mesmo como vice em uma chapa \u00e0 Presid\u00eancia da rep\u00fablica em 2026. <strong>Questionado sobre as possibilidades, Neto foi categ\u00f3rico ao afirmar que seu interesse pessoal \u00e9 disputar o cargo para governador da Bahia, demonstrando que o \u00fanico pal\u00e1cio que lhe interessa neste momento \u00e9 o de Ondina.<\/strong><\/p>\n<p>\u201cEu acho que, se eu for disputar a elei\u00e7\u00e3o em 2026, \u00e9 altamente improv\u00e1vel que n\u00e3o seja para governador do Estado. Dentro do meu cora\u00e7\u00e3o h\u00e1, neste momento, um desejo ainda maior do que em 2022 \u2014 era enorme, agora h\u00e1 um desejo ainda maior. Minha vontade, claro, sendo o desejo do meu grupo pol\u00edtico e o desejo do povo baiano, \u00e9 de mais uma vez colocar o meu nome \u00e0 disputa do governo. Mas eu n\u00e3o vou antecipar essa decis\u00e3o. Qualquer outro cen\u00e1rio, neste momento, n\u00e3o \u00e9 prov\u00e1vel\u201d.<\/p>\n<p><em>Reportagem escrita pelo estagi\u00e1rio de jornalismo Jefferson Ara\u00fajo sob supervis\u00e3o<\/em> <em>da jornalista Daniela Cardoso<\/em><\/p>\n<p><em>Siga o Acorda Cidade no<\/em><a href=\"https:\/\/news.google.com\/search?q=acorda%20cidade&amp;hl=pt-BR&amp;gl=BR&amp;ceid=BR%3Apt-419\"><strong><em>\u00a0Google Not\u00edcias<\/em><\/strong><\/a><em>\u00a0e receba os principais destaques do dia. Participe tamb\u00e9m dos nossos canais no\u00a0<\/em><a href=\"https:\/\/www.whatsapp.com\/channel\/0029Va6Rb4v3WHTNnsh8WI3N\"><strong><em>WhatsApp<\/em><\/strong><\/a><em>\u00a0e\u00a0<\/em><a href=\"https:\/\/www.youtube.com\/@acordacidadenoticias\/videos\"><strong>YouTube<\/strong><\/a><em>\u00a0e do grupo no\u00a0<\/em><a href=\"https:\/\/t.me\/+sSz0khrgARA0ZmRh\"><strong><em>Telegram<\/em><\/strong><\/a><\/p>\n<\/div>\n","protected":false},"excerpt":{"rendered":"<div>\n<div>\n<figure><img decoding=\"async\" src=\"https:\/\/uploads.acordacidade.com.br\/2025\/05\/acm-neto-e-jose-ronaldo-cidadao-feirense-foto-jefferson-araujo-acorda-cidade.jpg\" alt=\"\"><figcaption>ACM Neto (Esq.) e Jos\u00e9 Ronaldo (Dir.) | Foto: Jefferson Ara\u00fajo \/ Acorda Cidade <\/figcaption><\/figure>\n<\/div>\n<p>Esbanjando habilidade em tratar de forma natural assuntos controversos, o ex-prefeito de Salvador refor\u00e7ou a exist\u00eancia de um la\u00e7o entre ele e Ronaldo.<\/p><\/div>\n","protected":false},"author":1,"featured_media":85550,"comment_status":"closed","ping_status":"closed","sticky":false,"template":"","format":"gallery","meta":{"footnotes":""},"categories":[8,9,6,57,56,10],"tags":[],"class_list":["post-85549","post","type-post","status-publish","format-gallery","has-post-thumbnail","hentry","category-bahia","category-brasil","category-feira-de-santana","category-mundo","category-policia","category-politica","post_format-post-format-gallery"],"featured_image_urls":{"full":["https:\/\/noticiasbahia360.com.br\/wp-content\/uploads\/2025\/05\/acm-neto-e-jose-ronaldo-cidadao-feirense-foto-jefferson-araujo-acorda-cidade.jpg",1200,828,false],"thumbnail":["https:\/\/noticiasbahia360.com.br\/wp-content\/uploads\/2025\/05\/acm-neto-e-jose-ronaldo-cidadao-feirense-foto-jefferson-araujo-acorda-cidade-150x150.jpg",150,150,true],"medium":["https:\/\/noticiasbahia360.com.br\/wp-content\/uploads\/2025\/05\/acm-neto-e-jose-ronaldo-cidadao-feirense-foto-jefferson-araujo-acorda-cidade-300x207.jpg",300,207,true],"medium_large":["https:\/\/noticiasbahia360.com.br\/wp-content\/uploads\/2025\/05\/acm-neto-e-jose-ronaldo-cidadao-feirense-foto-jefferson-araujo-acorda-cidade-768x530.jpg",640,442,true],"large":["https:\/\/noticiasbahia360.com.br\/wp-content\/uploads\/2025\/05\/acm-neto-e-jose-ronaldo-cidadao-feirense-foto-jefferson-araujo-acorda-cidade-1024x707.jpg",640,442,true],"1536x1536":["https:\/\/noticiasbahia360.com.br\/wp-content\/uploads\/2025\/05\/acm-neto-e-jose-ronaldo-cidadao-feirense-foto-jefferson-araujo-acorda-cidade.jpg",1200,828,false],"2048x2048":["https:\/\/noticiasbahia360.com.br\/wp-content\/uploads\/2025\/05\/acm-neto-e-jose-ronaldo-cidadao-feirense-foto-jefferson-araujo-acorda-cidade.jpg",1200,828,false],"chromenews-featured":["https:\/\/noticiasbahia360.com.br\/wp-content\/uploads\/2025\/05\/acm-neto-e-jose-ronaldo-cidadao-feirense-foto-jefferson-araujo-acorda-cidade-1024x707.jpg",1024,707,true],"chromenews-large":["https:\/\/noticiasbahia360.com.br\/wp-content\/uploads\/2025\/05\/acm-neto-e-jose-ronaldo-cidadao-feirense-foto-jefferson-araujo-acorda-cidade-825x575.jpg",825,575,true],"chromenews-medium":["https:\/\/noticiasbahia360.com.br\/wp-content\/uploads\/2025\/05\/acm-neto-e-jose-ronaldo-cidadao-feirense-foto-jefferson-araujo-acorda-cidade-590x410.jpg",590,410,true]},"author_info":{"display_name":"noticiasbahia360.com.br","author_link":"https:\/\/noticiasbahia360.com.br\/?author=1"},"category_info":"<a href=\"https:\/\/noticiasbahia360.com.br\/?cat=8\" rel=\"category\">Bahia<\/a> <a href=\"https:\/\/noticiasbahia360.com.br\/?cat=9\" rel=\"category\">Brasil<\/a> <a href=\"https:\/\/noticiasbahia360.com.br\/?cat=6\" rel=\"category\">Feira de Santana<\/a> <a href=\"https:\/\/noticiasbahia360.com.br\/?cat=57\" rel=\"category\">Mundo<\/a> <a href=\"https:\/\/noticiasbahia360.com.br\/?cat=56\" rel=\"category\">Pol\u00edcia<\/a> <a href=\"https:\/\/noticiasbahia360.com.br\/?cat=10\" rel=\"category\">Pol\u00edtica<\/a>","tag_info":"Pol\u00edtica","comment_count":"0","_links":{"self":[{"href":"https:\/\/noticiasbahia360.com.br\/index.php?rest_route=\/wp\/v2\/posts\/85549","targetHints":{"allow":["GET"]}}],"collection":[{"href":"https:\/\/noticiasbahia360.com.br\/index.php?rest_route=\/wp\/v2\/posts"}],"about":[{"href":"https:\/\/noticiasbahia360.com.br\/index.php?rest_route=\/wp\/v2\/types\/post"}],"author":[{"embeddable":true,"href":"https:\/\/noticiasbahia360.com.br\/index.php?rest_route=\/wp\/v2\/users\/1"}],"replies":[{"embeddable":true,"href":"https:\/\/noticiasbahia360.com.br\/index.php?rest_route=%2Fwp%2Fv2%2Fcomments&post=85549"}],"version-history":[{"count":0,"href":"https:\/\/noticiasbahia360.com.br\/index.php?rest_route=\/wp\/v2\/posts\/85549\/revisions"}],"wp:featuredmedia":[{"embeddable":true,"href":"https:\/\/noticiasbahia360.com.br\/index.php?rest_route=\/wp\/v2\/media\/85550"}],"wp:attachment":[{"href":"https:\/\/noticiasbahia360.com.br\/index.php?rest_route=%2Fwp%2Fv2%2Fmedia&parent=85549"}],"wp:term":[{"taxonomy":"category","embeddable":true,"href":"https:\/\/noticiasbahia360.com.br\/index.php?rest_route=%2Fwp%2Fv2%2Fcategories&post=85549"},{"taxonomy":"post_tag","embeddable":true,"href":"https:\/\/noticiasbahia360.com.br\/index.php?rest_route=%2Fwp%2Fv2%2Ftags&post=85549"}],"curies":[{"name":"wp","href":"https:\/\/api.w.org\/{rel}","templated":true}]}}