{"id":85555,"date":"2025-05-09T15:00:38","date_gmt":"2025-05-09T18:00:38","guid":{"rendered":"https:\/\/noticiasbahia360.com.br\/?p=85555"},"modified":"2025-05-09T15:00:38","modified_gmt":"2025-05-09T18:00:38","slug":"veja-a-programacao-completa-do-sao-joao-de-santo-antonio-de-jesus-2025","status":"publish","type":"post","link":"https:\/\/noticiasbahia360.com.br\/?p=85555","title":{"rendered":"Veja a programa\u00e7\u00e3o completa do S\u00e3o Jo\u00e3o de Santo Ant\u00f4nio de Jesus 2025"},"content":{"rendered":"<div>\n<div>\n<figure><img decoding=\"async\" src=\"http:\/\/noticiasbahia360.com.br\/wp-content\/uploads\/2025\/05\/Cantor-Daniel-Santo-Antonio-de-Jesus.jpg\" alt=\"Cantor Daniel\"><figcaption>Foto: Divulga\u00e7\u00e3o<\/figcaption><\/figure>\n<\/div>\n<p>A Prefeitura de Santo Ant\u00f4nio de Jesus apresentou, na noite desta quinta-feira (8), a programa\u00e7\u00e3o completa do <a href=\"https:\/\/www.acordacidade.com.br\/sao-joao\/\">S\u00e3o Jo\u00e3o 2025<\/a>, durante a final do Festival de M\u00fasica Junina Dr. Francisco Freire, no Teatro Municipal Assis Am\u00e2ncio. O an\u00fancio das <a href=\"https:\/\/www.acordacidade.com.br\/tag\/atracoes\/\">atra\u00e7\u00f5es<\/a> nacionais e locais foi recebido com muitos aplausos pelo p\u00fablico, que lotou o espa\u00e7o. O evento \u00e9 uma das a\u00e7\u00f5es da Secretaria de Cultura, Turismo e Juventude para fortalecer a tradi\u00e7\u00e3o junina na cidade, conhecida como a \u201cCapital do S\u00e3o Jo\u00e3o\u201d (Veja a programa\u00e7\u00e3o ao longo da reportagem). A festa acontece de 19 a 24 de junho, no Espa\u00e7o do S\u00e3o Jo\u00e3o.<\/p>\n<figure class=\"wp-block-image size-large\"><img fetchpriority=\"high\" data-dominant-color=\"554d4d\" data-has-transparency=\"false\" style=\"--dominant-color: #554d4d;\" fetchpriority=\"high\" decoding=\"async\" width=\"1024\" height=\"683\" sizes=\"(max-width: 1024px) 100vw, 1024px\" src=\"http:\/\/noticiasbahia360.com.br\/wp-content\/uploads\/2025\/05\/2Tl383Dr-Programacao-completa-do-Sao-Joao-de-Santo-Antonio-de-Jesus-2025-grade-1024x683-1.webp\" alt=\"Programa\u00e7\u00e3o completa do S\u00e3o Jo\u00e3o de Santo Ant\u00f4nio de Jesus 2025 grade\" class=\"wp-image-551555 not-transparent\" srcset=\"https:\/\/uploads.acordacidade.com.br\/2025\/05\/2Tl383Dr-Programacao-completa-do-Sao-Joao-de-Santo-Antonio-de-Jesus-2025-grade-300x200.webp 300w, http:\/\/noticiasbahia360.com.br\/wp-content\/uploads\/2025\/05\/2Tl383Dr-Programacao-completa-do-Sao-Joao-de-Santo-Antonio-de-Jesus-2025-grade-1024x683-1.webp 1024w, https:\/\/uploads.acordacidade.com.br\/2025\/05\/2Tl383Dr-Programacao-completa-do-Sao-Joao-de-Santo-Antonio-de-Jesus-2025-grade-768x512.webp 768w, https:\/\/uploads.acordacidade.com.br\/2025\/05\/2Tl383Dr-Programacao-completa-do-Sao-Joao-de-Santo-Antonio-de-Jesus-2025-grade-150x100.webp 150w, https:\/\/uploads.acordacidade.com.br\/2025\/05\/2Tl383Dr-Programacao-completa-do-Sao-Joao-de-Santo-Antonio-de-Jesus-2025-grade.webp 1200w\"><figcaption class=\"wp-element-caption\">Foto: Programa\u00e7\u00e3o completa do S\u00e3o Jo\u00e3o de Santo Ant\u00f4nio de Jesus 2025 grade<\/figcaption><\/figure>\n<p>Na mesma ocasi\u00e3o, foi escolhida a m\u00fasica oficial dos festejos juninos. A can\u00e7\u00e3o vencedora foi \u201cO Melhor S\u00e3o Jo\u00e3o de Todos os Tempos\u201d, interpretada por Maeve e composta por Naldo Damasceno, que conquistou sua segunda vit\u00f3ria consecutiva no festival. O pr\u00eamio foi de R$6 mi. A m\u00fasica ser\u00e1 usada na promo\u00e7\u00e3o e durante o S\u00e3o Jo\u00e3o 2025 de Santo Ant\u00f4nio de Jesus. Maeve tamb\u00e9m foi eleita a Melhor Int\u00e9rprete. O segundo e terceiro lugares ficaram com as m\u00fasicas \u201cSaj, Sim Sinh\u00f4\u201d, de Uelson Oliveira, e \u201cPra ser de verdade o S\u00e3o Jo\u00e3o\u201d, de Reginaldo Silva.<\/p>\n<h2 class=\"wp-block-heading\" id=\"h-programacao-sao-joao-de-saj-2025\">Programa\u00e7\u00e3o S\u00e3o Jo\u00e3o de SAJ 2025<\/h2>\n<h3 class=\"wp-block-heading\" id=\"h-quinta-feira-19-06\">QUINTA-FEIRA (19\/06)<\/h3>\n<ul class=\"wp-block-list\">\n<li>Missa da Par\u00f3quia de Santo Ant\u00f4nio, com Padre Nelson Franca<\/li>\n<li>Daniel<\/li>\n<li>Orquestra Sanf\u00f4nica<\/li>\n<li>Kart Love<\/li>\n<li>Luziel<\/li>\n<li>J\u00e2nio Santana\n<ul class=\"wp-block-list\">\n<li>Kaique Vianna.<\/li>\n<\/ul>\n<\/li>\n<\/ul>\n<h3 class=\"wp-block-heading\" id=\"h-sexta-feira-20-06\">SEXTA-FEIRA (20\/06)<\/h3>\n<ul class=\"wp-block-list\">\n<li>Natanzinho Lima<\/li>\n<li>Calcinha Preta<\/li>\n<li>Chambinho do Acordeon<\/li>\n<li>Alcymar Monteiro<\/li>\n<li>Juliano SS<\/li>\n<li>Os Cumpadi<\/li>\n<li>Banda Astral A3.<\/li>\n<\/ul>\n<h3 class=\"wp-block-heading\" id=\"h-sabado-21-06\"><strong>S\u00c1BADO (21\/06)<\/strong><\/h3>\n<ul class=\"wp-block-list\">\n<li>Jorge e Mateus<\/li>\n<li>Fl\u00e1vio Jos\u00e9<\/li>\n<li>Danniel Vieira<\/li>\n<li>Pedro Libe<\/li>\n<li>Banda Farol de Milha<\/li>\n<li>Gustavo Mello<\/li>\n<li>Nen\u00e9m Cora\u00e7\u00e3o de Vaqueiro.<\/li>\n<\/ul>\n<h3 class=\"wp-block-heading\" id=\"h-domingo-22-06\">DOMINGO (22\/06)<\/h3>\n<ul class=\"wp-block-list\">\n<li>Simone Mendes<\/li>\n<li>Dorgival Dantas<\/li>\n<li>Xand Avi\u00e3o<\/li>\n<li>Netto Brito<\/li>\n<li>Verena Santana<\/li>\n<li>Flor do Nordeste<\/li>\n<li>Joyce Fran\u00e7a.<\/li>\n<\/ul>\n<h3 class=\"wp-block-heading\" id=\"h-segunda-feira-23-06\">SEGUNDA-FEIRA (23\/06)<\/h3>\n<ul class=\"wp-block-list\">\n<li>Henri Freiras<\/li>\n<li>Thiago Aquino<\/li>\n<li>Matheus Fernades<\/li>\n<li>Sam e Kawan<\/li>\n<li>Carol Souza<\/li>\n<li>Tony Azevedo<\/li>\n<li>Banda Selo de Amor.<\/li>\n<\/ul>\n<h3 class=\"wp-block-heading\" id=\"h-terca-feira-24-06\">TER\u00c7A-FEIRA (24\/06)<\/h3>\n<ul class=\"wp-block-list\">\n<li>Ana Castella<\/li>\n<li>Solange Almeida<\/li>\n<li>Jer\u00f4nimo, Jhow O Show<\/li>\n<li>Mara Ribeiro<\/li>\n<li>Biel Oliveira.<\/li>\n<\/ul>\n<p><em>Siga o Acorda Cidade no<\/em><a href=\"https:\/\/news.google.com\/search?q=acorda%20cidade&amp;hl=pt-BR&amp;gl=BR&amp;ceid=BR%3Apt-419\"><strong><em> Google Not\u00edcias<\/em><\/strong><\/a><em> e receba os principais destaques do dia. Participe tamb\u00e9m dos nossos canais no <\/em><a href=\"https:\/\/whatsapp.com\/channel\/0029Va6Rb4v3WHTNnsh8WI3N\"><strong><em>WhatsApp<\/em><\/strong><\/a><em> e <\/em><a href=\"https:\/\/www.youtube.com\/@acordacidadenoticias\/videos\"><strong>YouTube<\/strong><\/a><em> e do grupo no <\/em><a href=\"https:\/\/t.me\/+sSz0khrgARA0ZmRh\"><strong><em>Telegram<\/em><\/strong><\/a><em>.<\/em><\/p>\n<\/div>\n","protected":false},"excerpt":{"rendered":"<div>\n<div>\n<figure><img decoding=\"async\" src=\"https:\/\/uploads.acordacidade.com.br\/2025\/05\/Cantor-Daniel-Santo-Antonio-de-Jesus.jpg\" alt=\"Cantor Daniel\"><figcaption>Foto: Divulga\u00e7\u00e3o<\/figcaption><\/figure>\n<\/div>\n<p>O an\u00fancio das atra\u00e7\u00f5es nacionais e locais de Santo Ant\u00f4nio de Jesus foi recebido com muitos aplausos pelo p\u00fablico.<\/p><\/div>\n","protected":false},"author":1,"featured_media":85556,"comment_status":"closed","ping_status":"closed","sticky":false,"template":"","format":"gallery","meta":{"footnotes":""},"categories":[8,9,6,57,56,10],"tags":[],"class_list":["post-85555","post","type-post","status-publish","format-gallery","has-post-thumbnail","hentry","category-bahia","category-brasil","category-feira-de-santana","category-mundo","category-policia","category-politica","post_format-post-format-gallery"],"featured_image_urls":{"full":["https:\/\/noticiasbahia360.com.br\/wp-content\/uploads\/2025\/05\/Cantor-Daniel-Santo-Antonio-de-Jesus.jpg",1200,786,false],"thumbnail":["https:\/\/noticiasbahia360.com.br\/wp-content\/uploads\/2025\/05\/Cantor-Daniel-Santo-Antonio-de-Jesus-150x150.jpg",150,150,true],"medium":["https:\/\/noticiasbahia360.com.br\/wp-content\/uploads\/2025\/05\/Cantor-Daniel-Santo-Antonio-de-Jesus-300x197.jpg",300,197,true],"medium_large":["https:\/\/noticiasbahia360.com.br\/wp-content\/uploads\/2025\/05\/Cantor-Daniel-Santo-Antonio-de-Jesus-768x503.jpg",640,419,true],"large":["https:\/\/noticiasbahia360.com.br\/wp-content\/uploads\/2025\/05\/Cantor-Daniel-Santo-Antonio-de-Jesus-1024x671.jpg",640,419,true],"1536x1536":["https:\/\/noticiasbahia360.com.br\/wp-content\/uploads\/2025\/05\/Cantor-Daniel-Santo-Antonio-de-Jesus.jpg",1200,786,false],"2048x2048":["https:\/\/noticiasbahia360.com.br\/wp-content\/uploads\/2025\/05\/Cantor-Daniel-Santo-Antonio-de-Jesus.jpg",1200,786,false],"chromenews-featured":["https:\/\/noticiasbahia360.com.br\/wp-content\/uploads\/2025\/05\/Cantor-Daniel-Santo-Antonio-de-Jesus-1024x671.jpg",1024,671,true],"chromenews-large":["https:\/\/noticiasbahia360.com.br\/wp-content\/uploads\/2025\/05\/Cantor-Daniel-Santo-Antonio-de-Jesus-825x575.jpg",825,575,true],"chromenews-medium":["https:\/\/noticiasbahia360.com.br\/wp-content\/uploads\/2025\/05\/Cantor-Daniel-Santo-Antonio-de-Jesus-590x410.jpg",590,410,true]},"author_info":{"display_name":"noticiasbahia360.com.br","author_link":"https:\/\/noticiasbahia360.com.br\/?author=1"},"category_info":"<a href=\"https:\/\/noticiasbahia360.com.br\/?cat=8\" rel=\"category\">Bahia<\/a> <a href=\"https:\/\/noticiasbahia360.com.br\/?cat=9\" rel=\"category\">Brasil<\/a> <a href=\"https:\/\/noticiasbahia360.com.br\/?cat=6\" rel=\"category\">Feira de Santana<\/a> <a href=\"https:\/\/noticiasbahia360.com.br\/?cat=57\" rel=\"category\">Mundo<\/a> <a href=\"https:\/\/noticiasbahia360.com.br\/?cat=56\" rel=\"category\">Pol\u00edcia<\/a> <a href=\"https:\/\/noticiasbahia360.com.br\/?cat=10\" rel=\"category\">Pol\u00edtica<\/a>","tag_info":"Pol\u00edtica","comment_count":"0","_links":{"self":[{"href":"https:\/\/noticiasbahia360.com.br\/index.php?rest_route=\/wp\/v2\/posts\/85555","targetHints":{"allow":["GET"]}}],"collection":[{"href":"https:\/\/noticiasbahia360.com.br\/index.php?rest_route=\/wp\/v2\/posts"}],"about":[{"href":"https:\/\/noticiasbahia360.com.br\/index.php?rest_route=\/wp\/v2\/types\/post"}],"author":[{"embeddable":true,"href":"https:\/\/noticiasbahia360.com.br\/index.php?rest_route=\/wp\/v2\/users\/1"}],"replies":[{"embeddable":true,"href":"https:\/\/noticiasbahia360.com.br\/index.php?rest_route=%2Fwp%2Fv2%2Fcomments&post=85555"}],"version-history":[{"count":0,"href":"https:\/\/noticiasbahia360.com.br\/index.php?rest_route=\/wp\/v2\/posts\/85555\/revisions"}],"wp:featuredmedia":[{"embeddable":true,"href":"https:\/\/noticiasbahia360.com.br\/index.php?rest_route=\/wp\/v2\/media\/85556"}],"wp:attachment":[{"href":"https:\/\/noticiasbahia360.com.br\/index.php?rest_route=%2Fwp%2Fv2%2Fmedia&parent=85555"}],"wp:term":[{"taxonomy":"category","embeddable":true,"href":"https:\/\/noticiasbahia360.com.br\/index.php?rest_route=%2Fwp%2Fv2%2Fcategories&post=85555"},{"taxonomy":"post_tag","embeddable":true,"href":"https:\/\/noticiasbahia360.com.br\/index.php?rest_route=%2Fwp%2Fv2%2Ftags&post=85555"}],"curies":[{"name":"wp","href":"https:\/\/api.w.org\/{rel}","templated":true}]}}