{"id":85558,"date":"2025-05-09T15:45:57","date_gmt":"2025-05-09T18:45:57","guid":{"rendered":"https:\/\/noticiasbahia360.com.br\/?p=85558"},"modified":"2025-05-09T15:45:57","modified_gmt":"2025-05-09T18:45:57","slug":"brasil-e-russia-discutem-aumento-das-relacoes-na-area-de-energia","status":"publish","type":"post","link":"https:\/\/noticiasbahia360.com.br\/?p=85558","title":{"rendered":"Brasil e R\u00fassia discutem aumento das rela\u00e7\u00f5es na \u00e1rea de energia"},"content":{"rendered":"<div>\n<div>\n<figure><img decoding=\"async\" src=\"http:\/\/noticiasbahia360.com.br\/wp-content\/uploads\/2025\/05\/Brasil-e-Russia-discutem-aumento-das-relacoes-na-area-de-energia.jpg\" alt=\"Brasil e R\u00fassia discutem aumento das rela\u00e7\u00f5es na \u00e1rea de energia\"><figcaption>Foto: Ricardo Stuckert \/ PR<br \/>\n<\/figcaption><\/figure>\n<\/div>\n<p>O presidente Luiz In\u00e1cio Lula da Silva afirmou, nesta sexta-feira (9), que o Brasil quer ampliar as rela\u00e7\u00f5es bilaterais com a R\u00fassia, especialmente na \u00e1rea de energia. Em encontro com o presidente russo, Vladimir Putin, em Moscou, Lula disse que tem \u201cmuito interesse\u201d na experi\u00eancia do pa\u00eds euroasi\u00e1tico com pequenas usinas nucleares.<\/p>\n<p>\u201cEsta minha visita aqui \u00e9 para estreitar e refazer, com muito mais for\u00e7a, a nossa constru\u00e7\u00e3o de parceria estrat\u00e9gica. O Brasil tem interesses pol\u00edticos, comerciais, culturais, interesses cient\u00edfico e tecnol\u00f3gico com a R\u00fassia\u201d, disse Lula, lembrando que o fluxo comercial Brasil-R\u00fassia \u00e9 de cerca de US$ 12,5 bilh\u00f5es.<\/p>\n<p>\u201c\u00c9 um fluxo comercial bastante deficit\u00e1rio para o Brasil, mas n\u00f3s entendemos que o potencial de crescimento dessa rela\u00e7\u00e3o \u00e9 muito grande. N\u00f3s temos interesse em discutir a \u00e1rea da defesa, espacial, cient\u00edfica e tecnol\u00f3gica, da educa\u00e7\u00e3o e a \u00e1rea, sobretudo, da quest\u00e3o energ\u00e9tica\u201d, acrescentou o presidente.<\/p>\n<p>Durante o encontro, houve assinatura de atos na \u00e1rea de ci\u00eancia e tecnologia. Entre os integrantes da comitiva de Lula, est\u00e3o os ministros de Minas e Energia, Alexandre Silveira, e de Ci\u00eancia, Tecnologia e Inova\u00e7\u00e3o, Luciana Santos, al\u00e9m do presidente do Senado, Davi Alcolumbre.<\/p>\n<p>O presidente Putin, por sua vez, afirmou que as rela\u00e7\u00f5es entre os dois pa\u00edses est\u00e3o se desenvolvendo em contatos de alto n\u00edvel e lembrou que o Brasil mant\u00e9m as posi\u00e7\u00f5es de lideran\u00e7a nas importa\u00e7\u00f5es da R\u00fassia de produtos alimentares.<\/p>\n<p>O Brasil tem uma rela\u00e7\u00e3o comercial importante com a R\u00fassia, importando dois produtos fundamentais, fertilizantes e \u00f3leo diesel, e exportando, principalmente, produtos do agroneg\u00f3cio, como soja, carne bovina, caf\u00e9 n\u00e3o torrado, carne de aves e suas miudezas e tabaco.<\/p>\n<p>Lula chegou a Moscou na \u00faltima quarta-feira (7), em visita no contexto das celebra\u00e7\u00f5es dos 80 anos da vit\u00f3ria da Uni\u00e3o Sovi\u00e9tica sobre a Alemanha nazista na Segunda Guerra Mundial. \u00c9 o feriado mais importante do pa\u00eds e foi comemorado, na manh\u00e3 de hoje, com um grandioso desfile c\u00edvico-militar, antes da reuni\u00e3o bilateral entre os dois l\u00edderes.<\/p>\n<p>Em Moscou, ainda nesta sexta-feira, est\u00e1 previsto um encontro de Lula com o primeiro-ministro da Eslov\u00e1quia, Robert Fico.<\/p>\n<h2 class=\"wp-block-heading\" id=\"h-tarifaco\">Tarifa\u00e7o<\/h2>\n<p>A viagem de Lula ocorre em meio ao acirramento da guerra comercial entre Estados Unidos e China, as duas maiores economias do planeta, com a imposi\u00e7\u00e3o de tarifas m\u00fatuas, desencadeada por iniciativa do presidente norte-americano Donald Trump. O brasileiro comentou o tema na reuni\u00e3o com o russo Vladimir Putin.<\/p>\n<p>\u201cAs \u00faltimas decis\u00f5es anunciadas pelo presidente dos Estados Unidos, de taxa\u00e7\u00e3o de com\u00e9rcio com todos os pa\u00edses do mundo, de forma unilateral, jogam por terra a grande ideia do livre com\u00e9rcio, joga por terra a grande ideia do fortalecimento do multilateralismo e joga por terra, muitas vezes, o respeito \u00e0 soberania dos pa\u00edses que n\u00f3s temos que ter\u201d, disse Lula.<\/p>\n<p>A visita presidencial \u00e0 R\u00fassia segue at\u00e9 este s\u00e1bado (10), quando Lula segue para Pequim, na China. L\u00e1, ele participa da c\u00fapula entre o gigante asi\u00e1tico e pa\u00edses da Comunidade de Estados Latino-Americanos e Caribenhos (Celac), nos dias 12 e 13 de maio, al\u00e9m de fazer uma visita de Estado, com a assinatura de, pelo menos, 16 atos bilaterais.<\/p>\n<p><em>Siga o Acorda Cidade no<\/em><a href=\"https:\/\/news.google.com\/search?q=acorda%20cidade&amp;hl=pt-BR&amp;gl=BR&amp;ceid=BR%3Apt-419\"><strong><em>\u00a0Google Not\u00edcias<\/em><\/strong><\/a><em>\u00a0e receba os principais destaques do dia. Participe tamb\u00e9m dos nossos canais no\u00a0<\/em><a href=\"https:\/\/www.whatsapp.com\/channel\/0029Va6Rb4v3WHTNnsh8WI3N\"><strong><em>WhatsApp<\/em><\/strong><\/a><em>\u00a0e\u00a0<\/em><a href=\"https:\/\/www.youtube.com\/@acordacidadenoticias\/videos\"><strong>Youtube<\/strong><\/a><em>\u00a0e grupo de\u00a0<\/em><a href=\"https:\/\/t.me\/+sSz0khrgARA0ZmRh\"><strong><em>Telegram<\/em><\/strong><\/a><em>.<\/em><\/p>\n<\/div>\n","protected":false},"excerpt":{"rendered":"<div>\n<div>\n<figure><img decoding=\"async\" src=\"https:\/\/uploads.acordacidade.com.br\/2025\/05\/Brasil-e-Russia-discutem-aumento-das-relacoes-na-area-de-energia.jpg\" alt=\"Brasil e R\u00fassia discutem aumento das rela\u00e7\u00f5es na \u00e1rea de energia\"><figcaption>Foto: Ricardo Stuckert \/ PR<br \/>\n<\/figcaption><\/figure>\n<\/div>\n<p>Tarifa\u00e7o de Trump joga por terra ideia do livre com\u00e9rcio, diz Lula<\/p><\/div>\n","protected":false},"author":1,"featured_media":85559,"comment_status":"closed","ping_status":"closed","sticky":false,"template":"","format":"gallery","meta":{"footnotes":""},"categories":[8,9,6,57,56,10],"tags":[],"class_list":["post-85558","post","type-post","status-publish","format-gallery","has-post-thumbnail","hentry","category-bahia","category-brasil","category-feira-de-santana","category-mundo","category-policia","category-politica","post_format-post-format-gallery"],"featured_image_urls":{"full":["https:\/\/noticiasbahia360.com.br\/wp-content\/uploads\/2025\/05\/Brasil-e-Russia-discutem-aumento-das-relacoes-na-area-de-energia.jpg",1200,718,false],"thumbnail":["https:\/\/noticiasbahia360.com.br\/wp-content\/uploads\/2025\/05\/Brasil-e-Russia-discutem-aumento-das-relacoes-na-area-de-energia-150x150.jpg",150,150,true],"medium":["https:\/\/noticiasbahia360.com.br\/wp-content\/uploads\/2025\/05\/Brasil-e-Russia-discutem-aumento-das-relacoes-na-area-de-energia-300x180.jpg",300,180,true],"medium_large":["https:\/\/noticiasbahia360.com.br\/wp-content\/uploads\/2025\/05\/Brasil-e-Russia-discutem-aumento-das-relacoes-na-area-de-energia-768x460.jpg",640,383,true],"large":["https:\/\/noticiasbahia360.com.br\/wp-content\/uploads\/2025\/05\/Brasil-e-Russia-discutem-aumento-das-relacoes-na-area-de-energia-1024x613.jpg",640,383,true],"1536x1536":["https:\/\/noticiasbahia360.com.br\/wp-content\/uploads\/2025\/05\/Brasil-e-Russia-discutem-aumento-das-relacoes-na-area-de-energia.jpg",1200,718,false],"2048x2048":["https:\/\/noticiasbahia360.com.br\/wp-content\/uploads\/2025\/05\/Brasil-e-Russia-discutem-aumento-das-relacoes-na-area-de-energia.jpg",1200,718,false],"chromenews-featured":["https:\/\/noticiasbahia360.com.br\/wp-content\/uploads\/2025\/05\/Brasil-e-Russia-discutem-aumento-das-relacoes-na-area-de-energia-1024x613.jpg",1024,613,true],"chromenews-large":["https:\/\/noticiasbahia360.com.br\/wp-content\/uploads\/2025\/05\/Brasil-e-Russia-discutem-aumento-das-relacoes-na-area-de-energia-825x575.jpg",825,575,true],"chromenews-medium":["https:\/\/noticiasbahia360.com.br\/wp-content\/uploads\/2025\/05\/Brasil-e-Russia-discutem-aumento-das-relacoes-na-area-de-energia-590x410.jpg",590,410,true]},"author_info":{"display_name":"noticiasbahia360.com.br","author_link":"https:\/\/noticiasbahia360.com.br\/?author=1"},"category_info":"<a href=\"https:\/\/noticiasbahia360.com.br\/?cat=8\" rel=\"category\">Bahia<\/a> <a href=\"https:\/\/noticiasbahia360.com.br\/?cat=9\" rel=\"category\">Brasil<\/a> <a href=\"https:\/\/noticiasbahia360.com.br\/?cat=6\" rel=\"category\">Feira de Santana<\/a> <a href=\"https:\/\/noticiasbahia360.com.br\/?cat=57\" rel=\"category\">Mundo<\/a> <a href=\"https:\/\/noticiasbahia360.com.br\/?cat=56\" rel=\"category\">Pol\u00edcia<\/a> <a href=\"https:\/\/noticiasbahia360.com.br\/?cat=10\" rel=\"category\">Pol\u00edtica<\/a>","tag_info":"Pol\u00edtica","comment_count":"0","_links":{"self":[{"href":"https:\/\/noticiasbahia360.com.br\/index.php?rest_route=\/wp\/v2\/posts\/85558","targetHints":{"allow":["GET"]}}],"collection":[{"href":"https:\/\/noticiasbahia360.com.br\/index.php?rest_route=\/wp\/v2\/posts"}],"about":[{"href":"https:\/\/noticiasbahia360.com.br\/index.php?rest_route=\/wp\/v2\/types\/post"}],"author":[{"embeddable":true,"href":"https:\/\/noticiasbahia360.com.br\/index.php?rest_route=\/wp\/v2\/users\/1"}],"replies":[{"embeddable":true,"href":"https:\/\/noticiasbahia360.com.br\/index.php?rest_route=%2Fwp%2Fv2%2Fcomments&post=85558"}],"version-history":[{"count":0,"href":"https:\/\/noticiasbahia360.com.br\/index.php?rest_route=\/wp\/v2\/posts\/85558\/revisions"}],"wp:featuredmedia":[{"embeddable":true,"href":"https:\/\/noticiasbahia360.com.br\/index.php?rest_route=\/wp\/v2\/media\/85559"}],"wp:attachment":[{"href":"https:\/\/noticiasbahia360.com.br\/index.php?rest_route=%2Fwp%2Fv2%2Fmedia&parent=85558"}],"wp:term":[{"taxonomy":"category","embeddable":true,"href":"https:\/\/noticiasbahia360.com.br\/index.php?rest_route=%2Fwp%2Fv2%2Fcategories&post=85558"},{"taxonomy":"post_tag","embeddable":true,"href":"https:\/\/noticiasbahia360.com.br\/index.php?rest_route=%2Fwp%2Fv2%2Ftags&post=85558"}],"curies":[{"name":"wp","href":"https:\/\/api.w.org\/{rel}","templated":true}]}}